{"id":30886659,"date":"2025-05-21T07:58:42","date_gmt":"2025-05-21T05:58:42","guid":{"rendered":"https:\/\/www.upo.es\/diario\/?p=30886659"},"modified":"2025-05-21T12:00:51","modified_gmt":"2025-05-21T10:00:51","slug":"una-exposicion-y-un-seminario-internacional-para-celebrar-los-300-anos-del-nacimiento-de-pablo-de-olavide","status":"publish","type":"post","link":"https:\/\/www.upo.es\/diario\/docencia-formacion\/2025\/05\/una-exposicion-y-un-seminario-internacional-para-celebrar-los-300-anos-del-nacimiento-de-pablo-de-olavide\/","title":{"rendered":"Una exposici\u00f3n y un seminario internacional para celebrar los 300 a\u00f1os del nacimiento de Pablo de Olavide"},"content":{"rendered":"<figure id=\"attachment_30886667\" aria-describedby=\"caption-attachment-30886667\" style=\"width: 750px\" class=\"wp-caption aligncenter\"><a href=\"https:\/\/www.upo.es\/diario\/wp-content\/uploads\/2025\/05\/20052025-LIPPO-tricentenario-Olavide-6153-scaled.jpg\"><img loading=\"lazy\" decoding=\"async\" class=\"size-large wp-image-30886667\" src=\"https:\/\/www.upo.es\/diario\/wp-content\/uploads\/2025\/05\/20052025-LIPPO-tricentenario-Olavide-6153-750x422.jpg\" alt=\"Rafael Rodr\u00edguez y Pablo Antonio Fern\u00e1ndez en la presentaci\u00f3n del Tricentenario\" width=\"750\" height=\"422\" srcset=\"https:\/\/www.upo.es\/diario\/wp-content\/uploads\/2025\/05\/20052025-LIPPO-tricentenario-Olavide-6153-750x422.jpg 750w, https:\/\/www.upo.es\/diario\/wp-content\/uploads\/2025\/05\/20052025-LIPPO-tricentenario-Olavide-6153-420x236.jpg 420w, https:\/\/www.upo.es\/diario\/wp-content\/uploads\/2025\/05\/20052025-LIPPO-tricentenario-Olavide-6153-768x432.jpg 768w, https:\/\/www.upo.es\/diario\/wp-content\/uploads\/2025\/05\/20052025-LIPPO-tricentenario-Olavide-6153-1536x864.jpg 1536w, https:\/\/www.upo.es\/diario\/wp-content\/uploads\/2025\/05\/20052025-LIPPO-tricentenario-Olavide-6153-2048x1152.jpg 2048w, https:\/\/www.upo.es\/diario\/wp-content\/uploads\/2025\/05\/20052025-LIPPO-tricentenario-Olavide-6153-1320x742.jpg 1320w\" sizes=\"auto, (max-width: 750px) 100vw, 750px\" \/><\/a><figcaption id=\"caption-attachment-30886667\" class=\"wp-caption-text\">Rafael Rodr\u00edguez y Pablo Antonio Fern\u00e1ndez en la presentaci\u00f3n del Tricentenario Pablo de Olavide<\/figcaption><\/figure>\n<p>\u00abLos 300 a\u00f1os del nacimiento de Pablo de Olavide no deben pasar desapercibidos en Sevilla, y su celebraci\u00f3n debe estar en la Universidad\u00bb. Con estas palabras presentaba <strong>Pablo Antonio Fern\u00e1ndez<\/strong>, director del Instituto Universitario de Estudios sobre Am\u00e9rica Latina de la Universidad de Sevilla (IEAL), la conmemoraci\u00f3n del tricentenario del nacimiento de Pablo de Olavide y J\u00e1uregui (Lima, 1725 &#8211; Baeza, 1803). Invitado por el Laboratorio de Ideas y Pr\u00e1cticas Pol\u00edticas, present\u00f3 junto a su director, <strong>Rafael Rodr\u00edguez Prieto<\/strong>, las actividades que el LIPPO organizar\u00e1 tras el verano para celebrar los 300 a\u00f1os del nacimiento del reformador de la Universidad.<\/p>\n<p>Fern\u00e1ndez S\u00e1nchez reivindic\u00f3 su protagonismo hist\u00f3rico. \u00abFue uno de los grandes personajes de Am\u00e9rica Latina, capaz de modernizar nuestras universidades, de construir un modelo que se asemejaba a los existentes en Europa\u00bb. Para resaltar el trabajo que desarroll\u00f3 Pablo de Olavide en Sevilla y Andaluc\u00eda, as\u00ed como su obra, el Laboratorio de Ideas y Pr\u00e1cticas Pol\u00edticas ha contemplado actividades divulgativas y acad\u00e9micas. Pero las primeras palabras de Rodr\u00edguez Prieto fueron en recuerdo de<strong> Juan Marchena<\/strong>, quien fuera catedr\u00e1tico de Historia de Am\u00e9rica y experto conocedor de la figura de Pablo de Olavide.<\/p>\n<p>El director del LIPPO present\u00f3 las actividades programadas hasta el momento. En primer lugar <strong>una exposici\u00f3n en la Biblioteca\/CRAI sobre uno de los libros fundamentales de Pablo de Olavide, &#8216;<em>El Evangelio en Triunfo<\/em>&#8216;<\/strong>, que podr\u00e1 visitarse <strong>del 14 al 17 de octubre<\/strong>. \u00abUna obra en la que combina el ideario cristiano con sus ideas ilustradas, que en su \u00e9poca tuvo muchas ediciones\u00bb, coment\u00f3 Rodr\u00edguez Prieto. Y un seminario internacional que analizar\u00e1 la actualidad de las ideas ilustradas, <strong>&#8216;Actualidad de los valores ilustrados. Europa e Iberoam\u00e9rica. En recuerdo de Pablo de Olavide&#8217;<\/strong>, que se celebrar\u00e1 los d\u00edas <strong>15 y 16 de diciembre<\/strong>. \u00abLos valores ilustrados tienen vigencia, vemos hoy pol\u00edticas que se oponen a las ideas ilustradas y es necesario realizar una reflexi\u00f3n sobre la Ilustraci\u00f3n, con sus luces y sus sombras\u00bb.<\/p>\n<p><strong>\u00abRecordaremos su figura y su obra, a trav\u00e9s de uno de sus principales libros, y trataremos de actualizar las ideas de la Ilustraci\u00f3n\u00bb<\/strong>, de este modo resume Rodr\u00edguez Prieto la finalidad del programa &#8216;Tricentenario Pablo de Olavide&#8217;. A continuaci\u00f3n se proyect\u00f3 una entrevista realizada a Juan Marchena sobre Pablo de Olavide en el programa <em>La Memoria<\/em> de Canal Sur.<\/p>\n<p><iframe loading=\"lazy\" title=\"YouTube video player\" src=\"https:\/\/www.youtube.com\/embed\/7_VMR6bllec?si=cktCBmiIIOcLzoLp\" width=\"560\" height=\"315\" frameborder=\"0\" allowfullscreen=\"allowfullscreen\"><\/iframe><\/p>\n","protected":false},"excerpt":{"rendered":"<p>\u00abLos 300 a\u00f1os del nacimiento de Pablo de Olavide no deben pasar desapercibidos en Sevilla, y su celebraci\u00f3n debe estar en la Universidad\u00bb. Con estas palabras presentaba Pablo Antonio Fern\u00e1ndez, director del Instituto Universitario de Estudios sobre Am\u00e9rica Latina de la Universidad de Sevilla (IEAL), la conmemoraci\u00f3n del tricentenario del nacimiento de Pablo de Olavide y J\u00e1uregui (Lima, 1725 &#8211; Baeza, 1803). Invitado por el Laboratorio de Ideas y Pr\u00e1cticas Pol\u00edticas, present\u00f3 junto a su director, Rafael Rodr\u00edguez Prieto, las actividades que el LIPPO organizar\u00e1 tras el verano para celebrar los 300 a\u00f1os del nacimiento del reformador de la Universidad.<\/p>\n","protected":false},"author":6,"featured_media":30886667,"comment_status":"closed","ping_status":"open","sticky":false,"template":"","format":"standard","meta":{"_monsterinsights_skip_tracking":false,"_monsterinsights_sitenote_active":false,"_monsterinsights_sitenote_note":"","_monsterinsights_sitenote_category":0,"footnotes":""},"categories":[2779],"tags":[568,4484,2491,8066,74,417,2805,8672],"class_list":["post-30886659","post","type-post","status-publish","format-standard","has-post-thumbnail","hentry","category-docencia-formacion","tag-aniversario","tag-area-de-historia-de-america","tag-biblioteca-crai","tag-centenario","tag-exposiciones","tag-filosofia-del-derecho","tag-ilustracion","tag-pablo-de-olavide-y-jauregui"],"_links":{"self":[{"href":"https:\/\/www.upo.es\/diario\/wp-json\/wp\/v2\/posts\/30886659","targetHints":{"allow":["GET"]}}],"collection":[{"href":"https:\/\/www.upo.es\/diario\/wp-json\/wp\/v2\/posts"}],"about":[{"href":"https:\/\/www.upo.es\/diario\/wp-json\/wp\/v2\/types\/post"}],"author":[{"embeddable":true,"href":"https:\/\/www.upo.es\/diario\/wp-json\/wp\/v2\/users\/6"}],"replies":[{"embeddable":true,"href":"https:\/\/www.upo.es\/diario\/wp-json\/wp\/v2\/comments?post=30886659"}],"version-history":[{"count":8,"href":"https:\/\/www.upo.es\/diario\/wp-json\/wp\/v2\/posts\/30886659\/revisions"}],"predecessor-version":[{"id":30886668,"href":"https:\/\/www.upo.es\/diario\/wp-json\/wp\/v2\/posts\/30886659\/revisions\/30886668"}],"wp:featuredmedia":[{"embeddable":true,"href":"https:\/\/www.upo.es\/diario\/wp-json\/wp\/v2\/media\/30886667"}],"wp:attachment":[{"href":"https:\/\/www.upo.es\/diario\/wp-json\/wp\/v2\/media?parent=30886659"}],"wp:term":[{"taxonomy":"category","embeddable":true,"href":"https:\/\/www.upo.es\/diario\/wp-json\/wp\/v2\/categories?post=30886659"},{"taxonomy":"post_tag","embeddable":true,"href":"https:\/\/www.upo.es\/diario\/wp-json\/wp\/v2\/tags?post=30886659"}],"curies":[{"name":"wp","href":"https:\/\/api.w.org\/{rel}","templated":true}]}}