{"id":30886692,"date":"2025-05-20T15:00:37","date_gmt":"2025-05-20T13:00:37","guid":{"rendered":"https:\/\/www.upo.es\/diario\/?p=30886692"},"modified":"2025-05-21T14:45:31","modified_gmt":"2025-05-21T12:45:31","slug":"visita-criscos-universidad-pablo-de-olavide","status":"publish","type":"post","link":"https:\/\/www.upo.es\/diario\/institucional\/2025\/05\/visita-criscos-universidad-pablo-de-olavide\/","title":{"rendered":"Visita del Consejo de Rectores por la Integraci\u00f3n Centro Oeste de Sudam\u00e9rica (CRISCOS) a la UPO"},"content":{"rendered":"<figure id=\"attachment_30886694\" aria-describedby=\"caption-attachment-30886694\" style=\"width: 750px\" class=\"wp-caption aligncenter\"><a href=\"https:\/\/www.upo.es\/diario\/wp-content\/uploads\/2025\/05\/CRISCOS1.jpg\"><img loading=\"lazy\" decoding=\"async\" class=\"wp-image-30886694 size-large\" src=\"https:\/\/www.upo.es\/diario\/wp-content\/uploads\/2025\/05\/CRISCOS1-750x500.jpg\" alt=\"Visita del Consejo de Rectores por la Integraci\u00f3n Centro Oeste de Sudam\u00e9rica (CRISCOS) \" width=\"750\" height=\"500\" srcset=\"https:\/\/www.upo.es\/diario\/wp-content\/uploads\/2025\/05\/CRISCOS1-750x500.jpg 750w, https:\/\/www.upo.es\/diario\/wp-content\/uploads\/2025\/05\/CRISCOS1-420x280.jpg 420w, https:\/\/www.upo.es\/diario\/wp-content\/uploads\/2025\/05\/CRISCOS1-768x512.jpg 768w, https:\/\/www.upo.es\/diario\/wp-content\/uploads\/2025\/05\/CRISCOS1-1536x1024.jpg 1536w, https:\/\/www.upo.es\/diario\/wp-content\/uploads\/2025\/05\/CRISCOS1-2048x1366.jpg 2048w, https:\/\/www.upo.es\/diario\/wp-content\/uploads\/2025\/05\/CRISCOS1-165x109.jpg 165w, https:\/\/www.upo.es\/diario\/wp-content\/uploads\/2025\/05\/CRISCOS1-1320x880.jpg 1320w\" sizes=\"auto, (max-width: 750px) 100vw, 750px\" \/><\/a><figcaption id=\"caption-attachment-30886694\" class=\"wp-caption-text\">Visita del Consejo de Rectores por la Integraci\u00f3n Centro Oeste de Sudam\u00e9rica (CRISCOS)<\/figcaption><\/figure>\n<p>El <a href=\"https:\/\/criscos.unju.edu.ar\/\">Consejo de Rectores por la Integraci\u00f3n centro Oeste de Sudam\u00e9rica (CRISCOS<\/a>) ha realizado este mediod\u00eda una visita institucional a la Universidad Pablo de Olavide, donde ha sido recibido por el rector de la UPO Francisco Oliva; el vicerrector de Grado y M\u00e1ster, David Naranjo; la vicerrectora de Internacionalizaci\u00f3n, Mari\u00e1n Mor\u00f3n; y el vicerrector de Infraestructuras y Sostenibilidad, Juan Rigoberto Tejedo.<\/p>\n<figure id=\"attachment_30886696\" aria-describedby=\"caption-attachment-30886696\" style=\"width: 420px\" class=\"wp-caption alignright\"><a href=\"https:\/\/www.upo.es\/diario\/wp-content\/uploads\/2025\/05\/CRISCOS6.jpg\"><img loading=\"lazy\" decoding=\"async\" class=\"size-medium wp-image-30886696\" src=\"https:\/\/www.upo.es\/diario\/wp-content\/uploads\/2025\/05\/CRISCOS6-420x302.jpg\" alt=\"\" width=\"420\" height=\"302\" srcset=\"https:\/\/www.upo.es\/diario\/wp-content\/uploads\/2025\/05\/CRISCOS6-420x302.jpg 420w, https:\/\/www.upo.es\/diario\/wp-content\/uploads\/2025\/05\/CRISCOS6-731x525.jpg 731w, https:\/\/www.upo.es\/diario\/wp-content\/uploads\/2025\/05\/CRISCOS6-768x551.jpg 768w, https:\/\/www.upo.es\/diario\/wp-content\/uploads\/2025\/05\/CRISCOS6-1536x1103.jpg 1536w, https:\/\/www.upo.es\/diario\/wp-content\/uploads\/2025\/05\/CRISCOS6-2048x1470.jpg 2048w, https:\/\/www.upo.es\/diario\/wp-content\/uploads\/2025\/05\/CRISCOS6-765x550.jpg 765w, https:\/\/www.upo.es\/diario\/wp-content\/uploads\/2025\/05\/CRISCOS6-1320x948.jpg 1320w\" sizes=\"auto, (max-width: 420px) 100vw, 420px\" \/><\/a><figcaption id=\"caption-attachment-30886696\" class=\"wp-caption-text\">Firma del protocolo de colaboraci\u00f3n con la Universidad Nacional Jorge Basadre Grohmann de Per\u00fa.<\/figcaption><\/figure>\n<p>Durante el acto, <strong>el rector de la UPO, Francisco Oliva, y el rector de la Universidad Nacional Jorge Basadre Grohmann de Per\u00fa, Javier Lozano, han firmado un protocolo de colaboraci\u00f3n <\/strong>con el objetivo de impulsar el desarrollo de actividades conjuntas en el \u00e1rea formativa y de investigaci\u00f3n, as\u00ed como el intercambio de estudiantes, graduados y graduadas, j\u00f3venes cient\u00edficos, personal investigador, profesorado y personal de administraci\u00f3n.<\/p>\n<p>En este encuentro, los rectores visitantes, un total de 21 representantes de Universidades de Argentina, Bolivia, Chile, Ecuador, Paraguay y Per\u00fa, del Consejo por la Integraci\u00f3n Centro Oeste de Sudam\u00e9rica han presentado sus universidades, as\u00ed como la labor desarrollada desde CRISCOS. En este sentido, la visita institucional ha permitido explorar <strong>v\u00edas de colaboraci\u00f3n con la red para el fortalecimiento de la presencia de la Universidad Pablo de Olavide en redes internacionales<\/strong> y el refuerzo de su programa de alianzas con otros pa\u00edses, as\u00ed como la cooperaci\u00f3n con cada una de estas universidades. Todo ello con el objetivo de reforzar el programa de movilidad acad\u00e9mica con Am\u00e9rica Latina y los lazos que la UPO mantiene con convenios de colaboraci\u00f3n bilateral en proyectos de formaci\u00f3n, investigaci\u00f3n y cooperaci\u00f3n internacional.<\/p>\n<p>CRISCOS, formado por 43 universidades de Argentina, Bolivia, Chile, Ecuador, Paraguay y Per\u00fa, tiene como objetivo profundizar el camino de la integraci\u00f3n de los pueblos de Sudam\u00e9rica y, en particular, de la Subregi\u00f3n Centro Oeste, con el prop\u00f3sito de ampliar las bases de cooperaci\u00f3n acad\u00e9micas, cient\u00edficas-tecnol\u00f3gicas y cultural.<\/p>\n<p>Las rectores de CRISCOS que han participado en este encuentro institucional pertenecen a los centros universitarios Universidad Nacional de Catamarca, Universidad Nacional de Chilecito, Universidad Nacional de Jujuy, Universidad Nacional de la Rioja, Escuela Militar de Ingenier\u00eda \u2018Mariscal Antonio Jos\u00e9 de Sucre\u2019, Universidad Privada Domingo Savio, Universidad Tecnol\u00f3gica Privada de SC, Universidad Mayor de San Andr\u00e9s, Universidad Arturo Prat, Universidad de Antofagasta, Universidad Nacional de Chimborazo, Universidad Tecnol\u00f3gica Indoamericana, Universidad Aut\u00f3noma de Asunci\u00f3n, Universidad Nacional del Este, Universidad Cat\u00f3lica de Santa Mar\u00eda, Universidad Nacional Jorge Basadre Grohmann, Universidad Nacional del Altiplano, Universidad Nacional Micaela Bastidas de Apurimac, Universidad Tecnol\u00f3gica de los Andes, Universidad Privada de Tacna y Universidad Jos\u00e9 Mar\u00eda Arguedas.<\/p>\n<figure id=\"attachment_30886695\" aria-describedby=\"caption-attachment-30886695\" style=\"width: 750px\" class=\"wp-caption aligncenter\"><a href=\"https:\/\/www.upo.es\/diario\/wp-content\/uploads\/2025\/05\/CRISCOS2.jpg\"><img loading=\"lazy\" decoding=\"async\" class=\"size-large wp-image-30886695\" src=\"https:\/\/www.upo.es\/diario\/wp-content\/uploads\/2025\/05\/CRISCOS2-750x500.jpg\" alt=\"\" width=\"750\" height=\"500\" srcset=\"https:\/\/www.upo.es\/diario\/wp-content\/uploads\/2025\/05\/CRISCOS2-750x500.jpg 750w, https:\/\/www.upo.es\/diario\/wp-content\/uploads\/2025\/05\/CRISCOS2-420x280.jpg 420w, https:\/\/www.upo.es\/diario\/wp-content\/uploads\/2025\/05\/CRISCOS2-768x512.jpg 768w, https:\/\/www.upo.es\/diario\/wp-content\/uploads\/2025\/05\/CRISCOS2-1536x1024.jpg 1536w, https:\/\/www.upo.es\/diario\/wp-content\/uploads\/2025\/05\/CRISCOS2-2048x1366.jpg 2048w, https:\/\/www.upo.es\/diario\/wp-content\/uploads\/2025\/05\/CRISCOS2-165x109.jpg 165w, https:\/\/www.upo.es\/diario\/wp-content\/uploads\/2025\/05\/CRISCOS2-1320x880.jpg 1320w\" sizes=\"auto, (max-width: 750px) 100vw, 750px\" \/><\/a><figcaption id=\"caption-attachment-30886695\" class=\"wp-caption-text\">Reuni\u00f3n con los rectores del Consejo por la Integraci\u00f3n del Centro Oeste de Sudam\u00e9rica (CRISCOS)<\/figcaption><\/figure>\n","protected":false},"excerpt":{"rendered":"<p>El Consejo de Rectores por la Integraci\u00f3n centro Oeste de Sudam\u00e9rica (CRISCOS) ha realizado este mediod\u00eda una visita institucional a la Universidad Pablo de Olavide, donde ha sido recibido por el rector de la UPO Francisco Oliva; el vicerrector de Grado y M\u00e1ster, David Naranjo; la vicerrectora de Internacionalizaci\u00f3n, Mari\u00e1n Mor\u00f3n; y el vicerrector de Infraestructuras y Sostenibilidad, Juan Rigoberto Tejedo.<\/p>\n","protected":false},"author":4,"featured_media":30886694,"comment_status":"closed","ping_status":"open","sticky":false,"template":"","format":"standard","meta":{"_monsterinsights_skip_tracking":false,"_monsterinsights_sitenote_active":false,"_monsterinsights_sitenote_note":"","_monsterinsights_sitenote_category":0,"footnotes":""},"categories":[6],"tags":[9183,446,1056,3058],"class_list":["post-30886692","post","type-post","status-publish","format-standard","has-post-thumbnail","hentry","category-institucional","tag-criscos","tag-internacional","tag-movilidad","tag-sudamerica"],"_links":{"self":[{"href":"https:\/\/www.upo.es\/diario\/wp-json\/wp\/v2\/posts\/30886692","targetHints":{"allow":["GET"]}}],"collection":[{"href":"https:\/\/www.upo.es\/diario\/wp-json\/wp\/v2\/posts"}],"about":[{"href":"https:\/\/www.upo.es\/diario\/wp-json\/wp\/v2\/types\/post"}],"author":[{"embeddable":true,"href":"https:\/\/www.upo.es\/diario\/wp-json\/wp\/v2\/users\/4"}],"replies":[{"embeddable":true,"href":"https:\/\/www.upo.es\/diario\/wp-json\/wp\/v2\/comments?post=30886692"}],"version-history":[{"count":2,"href":"https:\/\/www.upo.es\/diario\/wp-json\/wp\/v2\/posts\/30886692\/revisions"}],"predecessor-version":[{"id":30886698,"href":"https:\/\/www.upo.es\/diario\/wp-json\/wp\/v2\/posts\/30886692\/revisions\/30886698"}],"wp:featuredmedia":[{"embeddable":true,"href":"https:\/\/www.upo.es\/diario\/wp-json\/wp\/v2\/media\/30886694"}],"wp:attachment":[{"href":"https:\/\/www.upo.es\/diario\/wp-json\/wp\/v2\/media?parent=30886692"}],"wp:term":[{"taxonomy":"category","embeddable":true,"href":"https:\/\/www.upo.es\/diario\/wp-json\/wp\/v2\/categories?post=30886692"},{"taxonomy":"post_tag","embeddable":true,"href":"https:\/\/www.upo.es\/diario\/wp-json\/wp\/v2\/tags?post=30886692"}],"curies":[{"name":"wp","href":"https:\/\/api.w.org\/{rel}","templated":true}]}}