{"id":30886699,"date":"2025-05-21T18:49:18","date_gmt":"2025-05-21T16:49:18","guid":{"rendered":"https:\/\/www.upo.es\/diario\/?p=30886699"},"modified":"2025-05-27T16:02:52","modified_gmt":"2025-05-27T14:02:52","slug":"grupo-joly-encuentro-microcredenciales-universitarias","status":"publish","type":"post","link":"https:\/\/www.upo.es\/diario\/institucional\/2025\/05\/grupo-joly-encuentro-microcredenciales-universitarias\/","title":{"rendered":"La Universidad Pablo de Olavide organiza junto al Grupo Joly el encuentro sobre microcredenciales universitarias y su impacto en el tejido empresarial"},"content":{"rendered":"<p><a href=\"https:\/\/www.upo.es\/diario\/wp-content\/uploads\/2025\/05\/encuentro-microcredenciales-grupo-joly_20250521.jpg\"><img loading=\"lazy\" decoding=\"async\" class=\"aligncenter size-large wp-image-30886701\" src=\"https:\/\/www.upo.es\/diario\/wp-content\/uploads\/2025\/05\/encuentro-microcredenciales-grupo-joly_20250521-750x352.jpg\" alt=\"Encuentro sobre microcredenciales universitarias\" width=\"750\" height=\"352\" srcset=\"https:\/\/www.upo.es\/diario\/wp-content\/uploads\/2025\/05\/encuentro-microcredenciales-grupo-joly_20250521-750x352.jpg 750w, https:\/\/www.upo.es\/diario\/wp-content\/uploads\/2025\/05\/encuentro-microcredenciales-grupo-joly_20250521-420x197.jpg 420w, https:\/\/www.upo.es\/diario\/wp-content\/uploads\/2025\/05\/encuentro-microcredenciales-grupo-joly_20250521-768x360.jpg 768w, https:\/\/www.upo.es\/diario\/wp-content\/uploads\/2025\/05\/encuentro-microcredenciales-grupo-joly_20250521-1536x721.jpg 1536w, https:\/\/www.upo.es\/diario\/wp-content\/uploads\/2025\/05\/encuentro-microcredenciales-grupo-joly_20250521-1320x620.jpg 1320w, https:\/\/www.upo.es\/diario\/wp-content\/uploads\/2025\/05\/encuentro-microcredenciales-grupo-joly_20250521.jpg 1585w\" sizes=\"auto, (max-width: 750px) 100vw, 750px\" \/><\/a>La Universidad Pablo de Olavide ha organizado junto al Grupo Joly el <strong>encuentro \u2018Formaci\u00f3n y futuro: el impacto de las microcredenciales universitarias en el tejido empresarial\u2019<\/strong>. Un desayuno-coloquio, celebrado en el Hotel NH Colecci\u00f3n, inaugurado por el consejero de Universidad, Investigaci\u00f3n e Innovaci\u00f3n de la Junta de Andaluc\u00eda, <strong>Jos\u00e9 Carlos Villamandos<\/strong> y en el que han participado las tres universidades p\u00fablicas de la provincia: <strong>Universidad Pablo de Olavide, Universidad de Sevilla y Universidad Internacional de Andaluc\u00eda<\/strong>, para poner en valor esta modalidad formativa como elemento clave en la formaci\u00f3n a lo largo de toda la vida de trabajadores y profesionales.<\/p>\n<p>En su intervenci\u00f3n, <strong>G\u00f3mez Villamandos ha destacado que la nueva ley de universidades andaluza promover\u00e1 la formaci\u00f3n continua vinculando este tipo de cualificaci\u00f3n a las universidades, en estrecha colaboraci\u00f3n con el tejido productivo<\/strong>, y lo define como un sistema flexible y \u00e1gil que ha de responder a \u201ccriterios de demanda, empleabilidad y mejora del empleo\u201d. En ese contexto, el consejero ha explicado que la formaci\u00f3n continua, en la que se enmarcan las microcredenciales y los t\u00edtulos propios, constituye \u201cuna forma de acercar la universidad a la empresa y contribuir as\u00ed a la especializaci\u00f3n profesional\u201d.<\/p>\n<figure id=\"attachment_30886705\" aria-describedby=\"caption-attachment-30886705\" style=\"width: 420px\" class=\"wp-caption alignright\"><a href=\"https:\/\/www.upo.es\/diario\/wp-content\/uploads\/2025\/05\/encuentro-microcredenciales-grupo-joly_20250521_3-scaled.jpg\"><img loading=\"lazy\" decoding=\"async\" class=\"size-medium wp-image-30886705\" src=\"https:\/\/www.upo.es\/diario\/wp-content\/uploads\/2025\/05\/encuentro-microcredenciales-grupo-joly_20250521_3-420x186.jpg\" alt=\"encuentro \u2018Formaci\u00f3n y futuro: el impacto de las microcredenciales universitarias en el tejido empresarial\u2019\" width=\"420\" height=\"186\" srcset=\"https:\/\/www.upo.es\/diario\/wp-content\/uploads\/2025\/05\/encuentro-microcredenciales-grupo-joly_20250521_3-420x186.jpg 420w, https:\/\/www.upo.es\/diario\/wp-content\/uploads\/2025\/05\/encuentro-microcredenciales-grupo-joly_20250521_3-750x332.jpg 750w, https:\/\/www.upo.es\/diario\/wp-content\/uploads\/2025\/05\/encuentro-microcredenciales-grupo-joly_20250521_3-768x340.jpg 768w, https:\/\/www.upo.es\/diario\/wp-content\/uploads\/2025\/05\/encuentro-microcredenciales-grupo-joly_20250521_3-1536x679.jpg 1536w, https:\/\/www.upo.es\/diario\/wp-content\/uploads\/2025\/05\/encuentro-microcredenciales-grupo-joly_20250521_3-2048x906.jpg 2048w, https:\/\/www.upo.es\/diario\/wp-content\/uploads\/2025\/05\/encuentro-microcredenciales-grupo-joly_20250521_3-1320x584.jpg 1320w\" sizes=\"auto, (max-width: 420px) 100vw, 420px\" \/><\/a><figcaption id=\"caption-attachment-30886705\" class=\"wp-caption-text\">Encuentro \u2018Formaci\u00f3n y futuro: el impacto de las microcredenciales universitarias en el tejido empresarial\u2019<\/figcaption><\/figure>\n<p>A continuaci\u00f3n, se ha comenzado con una mesa debate institucional en la que han participado el rector de la Universidad Pablo de Olavide, <strong>Francisco Oliva<\/strong>, el rector de la Universidad Internacional de Andaluc\u00eda, <strong>Jos\u00e9 Ignacio Garc\u00eda<\/strong>, y la vicerrectora de Proyecci\u00f3n Institucional e Internacionalizaci\u00f3n de la Universidad de Sevilla, <strong>Carmen Vargas<\/strong>. Durante su intervenci\u00f3n, Oliva ha destacado c\u00f3mo las microcredenciales \u201cemergen, impulsadas por la Uni\u00f3n Europea, para responder a la necesidad formativa de la sociedad, en general, y del tejido empresarial, en particular\u201d. Ante la transformaci\u00f3n de la sociedad actual, <strong>el rector ha subrayado \u201cel papel protagonista que deben tener las universidades p\u00fablicas para proporcionar una formaci\u00f3n inmediata y flexible, acorde a las demandas, y desarrollada e implementada bajo los m\u00e1s altos niveles de calidad\u201d<\/strong>.<\/p>\n<p>Durante el acto, al que han asistido m\u00e1s de un centenar de personas de instituciones y empresas, el rector de la Olavide tambi\u00e9n ha se\u00f1alado que \u201clas microcredenciales son un proyecto estrat\u00e9gico para la universidad, convencidos de la importancia de esta formaci\u00f3n\u201d y ha agradecido la colaboraci\u00f3n de colegios profesionales, instituciones y empresas, gracias a la cual \u201cnos hemos posicionado como referentes en este proyecto\u201d.<\/p>\n<p><strong>Las microcredenciales universitarias son programas formativos breves, dirigidos fundamentalmente a profesionales, adaptados a sus necesidades y focalizados en la adquisici\u00f3n de las competencias espec\u00edficas actualmente m\u00e1s demandadas por el mercado laboral<\/strong>. Son cursos con pleno reconocimiento universitario dirigidos a personas de todos los niveles formativos para favorecer su empleabilidad. En este sentido, el rector ha resaltado la idea de la \u201cdemocratizaci\u00f3n de esta modalidad formativa\u201d, que debe llegar a toda la poblaci\u00f3n, favoreciendo la igualdad de oportunidades.<\/p>\n<p>Durante el encuentro, tambi\u00e9n se ha celebrado una mesa debate en la que han participado entidades y asociaciones que ya han puesto en marcha proyectos de microcredenciales para contar su experiencia y destacar c\u00f3mo esta formaci\u00f3n universitaria encaja con las necesidades de la sociedad y la empresa. En concreto, han participado Francisco Javier Aguilar, presidente de la Federaci\u00f3n de Empresarios de Dos Hermanas TIXE, Jos\u00e9 Antonio La Cal, socio fundador de Bioliza; David N\u00fa\u00f1ez, responsable de la divisi\u00f3n de espacio de Alter Technology\u00a0 Group T\u00fcv Nord y Crist\u00f3bal Ortega, director del Instituto Andaluz del Flamenco.<\/p>\n<p>Finalmente, el encuentro ha sido clausurado por el vicepresidente de Prodetur de la Diputaci\u00f3n de Sevilla, <strong>Rodrigo Rodr\u00edguez Hans<\/strong>, quien ha destacado el papel de las universidades p\u00fablicas en la igualdad de oportunidades. El evento ha concluido con un networking en el que las universidades y los asistentes han compartido ideas y han establecido futuras de v\u00edas de colaboraci\u00f3n.<\/p>\n<figure id=\"attachment_30886707\" aria-describedby=\"caption-attachment-30886707\" style=\"width: 750px\" class=\"wp-caption aligncenter\"><a href=\"https:\/\/www.upo.es\/diario\/wp-content\/uploads\/2025\/05\/IMG_0182-scaled.jpg\"><img loading=\"lazy\" decoding=\"async\" class=\"size-large wp-image-30886707\" src=\"https:\/\/www.upo.es\/diario\/wp-content\/uploads\/2025\/05\/IMG_0182-750x500.jpg\" alt=\"El equipo de Microcredenciales de la UPO con los organizadores del Encuentro\" width=\"750\" height=\"500\" srcset=\"https:\/\/www.upo.es\/diario\/wp-content\/uploads\/2025\/05\/IMG_0182-750x500.jpg 750w, https:\/\/www.upo.es\/diario\/wp-content\/uploads\/2025\/05\/IMG_0182-420x280.jpg 420w, https:\/\/www.upo.es\/diario\/wp-content\/uploads\/2025\/05\/IMG_0182-768x512.jpg 768w, https:\/\/www.upo.es\/diario\/wp-content\/uploads\/2025\/05\/IMG_0182-1536x1024.jpg 1536w, https:\/\/www.upo.es\/diario\/wp-content\/uploads\/2025\/05\/IMG_0182-2048x1365.jpg 2048w, https:\/\/www.upo.es\/diario\/wp-content\/uploads\/2025\/05\/IMG_0182-165x109.jpg 165w, https:\/\/www.upo.es\/diario\/wp-content\/uploads\/2025\/05\/IMG_0182-1320x880.jpg 1320w\" sizes=\"auto, (max-width: 750px) 100vw, 750px\" \/><\/a><figcaption id=\"caption-attachment-30886707\" class=\"wp-caption-text\">El equipo de Microcredenciales UPO con los organizadores del Encuentro<\/figcaption><\/figure>\n<p>Fuente: Fundaci\u00f3n Universidad Pablo de Olavide<\/p>\n","protected":false},"excerpt":{"rendered":"<p>La Universidad Pablo de Olavide ha organizado junto al Grupo Joly el encuentro \u2018Formaci\u00f3n y futuro: el impacto de las microcredenciales universitarias en el tejido empresarial\u2019. Un desayuno-coloquio, celebrado en el Hotel NH Colecci\u00f3n, inaugurado por el consejero de Universidad, Investigaci\u00f3n e Innovaci\u00f3n de la Junta de Andaluc\u00eda, Jos\u00e9 Carlos Villamandos y en el que han participado las tres universidades p\u00fablicas de la provincia: Universidad Pablo de Olavide, Universidad de Sevilla y Universidad Internacional de Andaluc\u00eda, para poner en valor esta modalidad formativa como elemento clave en la formaci\u00f3n a lo largo de toda la vida de trabajadores y profesionales.<\/p>\n","protected":false},"author":6,"featured_media":30886703,"comment_status":"closed","ping_status":"open","sticky":false,"template":"","format":"standard","meta":{"_monsterinsights_skip_tracking":false,"_monsterinsights_sitenote_active":false,"_monsterinsights_sitenote_note":"","_monsterinsights_sitenote_category":0,"footnotes":""},"categories":[6],"tags":[603,8709,202,5057,328,2474,6249,1712,7800,170,1163],"class_list":["post-30886699","post","type-post","status-publish","format-standard","has-post-thumbnail","hentry","category-institucional","tag-coloquio","tag-consejeria-de-universidades","tag-encuentro-institucional","tag-formacion-continua","tag-formacion-permanente","tag-fundacion-universidad-pablo-de-olavide","tag-jose-carlos-gomez-villamandos","tag-jose-ignacio-garcia","tag-microcredenciales","tag-unia","tag-universidad-de-sevilla"],"_links":{"self":[{"href":"https:\/\/www.upo.es\/diario\/wp-json\/wp\/v2\/posts\/30886699","targetHints":{"allow":["GET"]}}],"collection":[{"href":"https:\/\/www.upo.es\/diario\/wp-json\/wp\/v2\/posts"}],"about":[{"href":"https:\/\/www.upo.es\/diario\/wp-json\/wp\/v2\/types\/post"}],"author":[{"embeddable":true,"href":"https:\/\/www.upo.es\/diario\/wp-json\/wp\/v2\/users\/6"}],"replies":[{"embeddable":true,"href":"https:\/\/www.upo.es\/diario\/wp-json\/wp\/v2\/comments?post=30886699"}],"version-history":[{"count":6,"href":"https:\/\/www.upo.es\/diario\/wp-json\/wp\/v2\/posts\/30886699\/revisions"}],"predecessor-version":[{"id":30886709,"href":"https:\/\/www.upo.es\/diario\/wp-json\/wp\/v2\/posts\/30886699\/revisions\/30886709"}],"wp:featuredmedia":[{"embeddable":true,"href":"https:\/\/www.upo.es\/diario\/wp-json\/wp\/v2\/media\/30886703"}],"wp:attachment":[{"href":"https:\/\/www.upo.es\/diario\/wp-json\/wp\/v2\/media?parent=30886699"}],"wp:term":[{"taxonomy":"category","embeddable":true,"href":"https:\/\/www.upo.es\/diario\/wp-json\/wp\/v2\/categories?post=30886699"},{"taxonomy":"post_tag","embeddable":true,"href":"https:\/\/www.upo.es\/diario\/wp-json\/wp\/v2\/tags?post=30886699"}],"curies":[{"name":"wp","href":"https:\/\/api.w.org\/{rel}","templated":true}]}}