{"id":30886710,"date":"2025-05-19T23:03:15","date_gmt":"2025-05-19T21:03:15","guid":{"rendered":"https:\/\/www.upo.es\/diario\/?p=30886710"},"modified":"2025-05-22T11:13:16","modified_gmt":"2025-05-22T09:13:16","slug":"radiolavide-la-magia-de-la-radio-en-los-centros-educativos-aprendizaje-emocion-y-comunidad","status":"publish","type":"post","link":"https:\/\/www.upo.es\/diario\/podcast\/2025\/05\/radiolavide-la-magia-de-la-radio-en-los-centros-educativos-aprendizaje-emocion-y-comunidad\/","title":{"rendered":"RadiOlavide | La magia de la radio en los centros educativos: aprendizaje, emoci\u00f3n y comunidad"},"content":{"rendered":"<p><iframe loading=\"lazy\" id=\"pumukitiframe\" src=\"https:\/\/upotv.upo.es\/iframe\/6821ba26abe3c62da68b456a\" width=\"560\" height=\"315\" frameborder=\"0\" allowfullscreen=\"allowfullscreen\"><\/iframe><\/p>\n<p><strong><em>La Radio Educativa. Experiencias formativas en radio en los centros educativos<\/em><\/strong>, un episodio que recoge las voces de personas comprometidas con la educaci\u00f3n y la comunicaci\u00f3n: <strong>Manolo Moreno<\/strong>, profesor del CEIP Manuel P\u00e9rez de Bollullos Par del Condado (Huelva); <strong>Triana Arcos<\/strong>, estudiante de Educaci\u00f3n Social en la Universidad Pablo de Olavide y creadora de contenidos en redes; <strong>Cristina G\u00f3mez<\/strong> y <strong>Antonia Garc\u00eda<\/strong>, profesora y alumna de la Secci\u00f3n de Educaci\u00f3n Permanente Cerrillo Blanco de Pilas (Sevilla); <strong>Antonio Cadenas<\/strong>, director del CEPER Clara Campoamor de Osuna; e <strong>Isabel S\u00e1nchez<\/strong>, profesora de la Secci\u00f3n de Educaci\u00f3n Permanente S\u00e1nchez Rosa de Sevilla. Cada una de ellas comparte su experiencia con la radio dentro del \u00e1mbito educativo, desde diferentes niveles y contextos: infantil, educaci\u00f3n para personas adultas y universidad.<\/p>\n<p data-start=\"1299\" data-end=\"1800\">A trav\u00e9s de estas entrevistas, &#8216;Desde la Atalaya&#8217; reflexiona sobre<strong> el papel de la radio como un espacio de encuentro y creatividad, una estructura que potencia las habilidades comunicativas, promueve la participaci\u00f3n activa del alumnado y facilita el desarrollo de competencias tanto curriculares como personales y emocionales<\/strong>. La magia de la radio no solo acompa\u00f1a los procesos de aprendizaje, sino que tambi\u00e9n los transforma, ofreciendo nuevas formas de expresi\u00f3n y construcci\u00f3n colectiva del conocimiento.<\/p>\n<figure id=\"attachment_30886711\" aria-describedby=\"caption-attachment-30886711\" style=\"width: 420px\" class=\"wp-caption alignleft\"><img loading=\"lazy\" decoding=\"async\" class=\"size-medium wp-image-30886711\" src=\"https:\/\/www.upo.es\/diario\/wp-content\/uploads\/2025\/05\/StockSnap-420x280.jpg\" alt=\"Estudiantes comparten ideas en torno a una mesa\" width=\"420\" height=\"280\" srcset=\"https:\/\/www.upo.es\/diario\/wp-content\/uploads\/2025\/05\/StockSnap-420x280.jpg 420w, https:\/\/www.upo.es\/diario\/wp-content\/uploads\/2025\/05\/StockSnap-750x500.jpg 750w, https:\/\/www.upo.es\/diario\/wp-content\/uploads\/2025\/05\/StockSnap-768x512.jpg 768w, https:\/\/www.upo.es\/diario\/wp-content\/uploads\/2025\/05\/StockSnap-165x109.jpg 165w, https:\/\/www.upo.es\/diario\/wp-content\/uploads\/2025\/05\/StockSnap.jpg 1280w\" sizes=\"auto, (max-width: 420px) 100vw, 420px\" \/><figcaption id=\"caption-attachment-30886711\" class=\"wp-caption-text\">Imagen: StockSnap<\/figcaption><\/figure>\n<p><strong>Cr\u00e9ditos:<\/strong><\/p>\n<p>Presenta: Roc\u00edo Cruz y Emilio Plazas<\/p>\n<p>Realizaci\u00f3n y edici\u00f3n: Emilio Plazas<\/p>\n<p>&nbsp;<\/p>\n<hr \/>\n<h3>M\u00e1s estrenos de RadiOlavide:<\/h3>\n<p><strong>Audita Parte &#8216;Sentencias que ense\u00f1an: Innovaci\u00f3n docente en clave teatral&#8217;<\/strong>:<br \/>\n<a href=\"https:\/\/upotv.upo.es\/video\/682586f0abe3c632cc8b4567\">https:\/\/upotv.upo.es\/video\/682586f0abe3c632cc8b4567<\/a><\/p>\n<p><strong>Radio CINEF<\/strong>:<br \/>\n<a href=\"https:\/\/upotv.upo.es\/video\/68231597abe3c620b48b4568\">https:\/\/upotv.upo.es\/video\/68231597abe3c620b48b4568<\/a><\/p>\n<p><strong>Caf\u00e9 con Am\u00e9rica Especial 1.\u00ba aniversario &#8216;Entrevista al Prof. Justo Cu\u00f1o Bonito&#8217;<\/strong>:<br \/>\n<a href=\"https:\/\/upotv.upo.es\/video\/68219652abe3c6eca48b4569\">https:\/\/upotv.upo.es\/video\/68219652abe3c6eca48b4569<\/a><\/p>\n","protected":false},"excerpt":{"rendered":"<p>&#8216;Desde la Atalaya&#8217;, a trav\u00e9s de su serie &#8216;Transe\u00fantes&#8217;, propone un recorrido por experiencias que muestran c\u00f3mo la radio puede convertirse en una poderosa herramienta pedag\u00f3gica.<\/p>\n","protected":false},"author":6,"featured_media":30886711,"comment_status":"closed","ping_status":"open","sticky":false,"template":"","format":"video","meta":{"_monsterinsights_skip_tracking":false,"_monsterinsights_sitenote_active":false,"_monsterinsights_sitenote_note":"","_monsterinsights_sitenote_category":0,"footnotes":""},"categories":[8145],"tags":[2902,465,984,2367,3785,3784],"class_list":["post-30886710","post","type-post","status-publish","format-video","has-post-thumbnail","hentry","category-podcast","tag-competencias","tag-educacion","tag-medios-de-comunicacion","tag-pedagogia","tag-radio","tag-radiolavide","post_format-post-format-video"],"_links":{"self":[{"href":"https:\/\/www.upo.es\/diario\/wp-json\/wp\/v2\/posts\/30886710","targetHints":{"allow":["GET"]}}],"collection":[{"href":"https:\/\/www.upo.es\/diario\/wp-json\/wp\/v2\/posts"}],"about":[{"href":"https:\/\/www.upo.es\/diario\/wp-json\/wp\/v2\/types\/post"}],"author":[{"embeddable":true,"href":"https:\/\/www.upo.es\/diario\/wp-json\/wp\/v2\/users\/6"}],"replies":[{"embeddable":true,"href":"https:\/\/www.upo.es\/diario\/wp-json\/wp\/v2\/comments?post=30886710"}],"version-history":[{"count":1,"href":"https:\/\/www.upo.es\/diario\/wp-json\/wp\/v2\/posts\/30886710\/revisions"}],"predecessor-version":[{"id":30886712,"href":"https:\/\/www.upo.es\/diario\/wp-json\/wp\/v2\/posts\/30886710\/revisions\/30886712"}],"wp:featuredmedia":[{"embeddable":true,"href":"https:\/\/www.upo.es\/diario\/wp-json\/wp\/v2\/media\/30886711"}],"wp:attachment":[{"href":"https:\/\/www.upo.es\/diario\/wp-json\/wp\/v2\/media?parent=30886710"}],"wp:term":[{"taxonomy":"category","embeddable":true,"href":"https:\/\/www.upo.es\/diario\/wp-json\/wp\/v2\/categories?post=30886710"},{"taxonomy":"post_tag","embeddable":true,"href":"https:\/\/www.upo.es\/diario\/wp-json\/wp\/v2\/tags?post=30886710"}],"curies":[{"name":"wp","href":"https:\/\/api.w.org\/{rel}","templated":true}]}}