{"id":30886721,"date":"2025-05-22T14:23:28","date_gmt":"2025-05-22T12:23:28","guid":{"rendered":"https:\/\/www.upo.es\/diario\/?p=30886721"},"modified":"2025-05-22T14:23:28","modified_gmt":"2025-05-22T12:23:28","slug":"la-universidad-pablo-de-olavide-colaborara-en-el-desarrollo-del-plan-estrategico-2030-de-la-zona-franca-de-sevilla","status":"publish","type":"post","link":"https:\/\/www.upo.es\/diario\/institucional\/2025\/05\/la-universidad-pablo-de-olavide-colaborara-en-el-desarrollo-del-plan-estrategico-2030-de-la-zona-franca-de-sevilla\/","title":{"rendered":"La Universidad Pablo de Olavide colaborar\u00e1 en el desarrollo del Plan Estrat\u00e9gico 2030 de la Zona Franca de Sevilla"},"content":{"rendered":"<figure id=\"attachment_30886723\" aria-describedby=\"caption-attachment-30886723\" style=\"width: 750px\" class=\"wp-caption aligncenter\"><a href=\"https:\/\/www.upo.es\/diario\/wp-content\/uploads\/2025\/05\/250522_Visita_UPO_ZFS3.jpg\"><img loading=\"lazy\" decoding=\"async\" class=\"size-large wp-image-30886723\" src=\"https:\/\/www.upo.es\/diario\/wp-content\/uploads\/2025\/05\/250522_Visita_UPO_ZFS3-750x393.jpg\" alt=\"Carmen Tovar, en el centro de la imagen, durante la visita del equipo de la UPO a la Zona Franca de Sevilla\" width=\"750\" height=\"393\" srcset=\"https:\/\/www.upo.es\/diario\/wp-content\/uploads\/2025\/05\/250522_Visita_UPO_ZFS3-750x393.jpg 750w, https:\/\/www.upo.es\/diario\/wp-content\/uploads\/2025\/05\/250522_Visita_UPO_ZFS3-420x220.jpg 420w, https:\/\/www.upo.es\/diario\/wp-content\/uploads\/2025\/05\/250522_Visita_UPO_ZFS3-768x402.jpg 768w, https:\/\/www.upo.es\/diario\/wp-content\/uploads\/2025\/05\/250522_Visita_UPO_ZFS3.jpg 1080w\" sizes=\"auto, (max-width: 750px) 100vw, 750px\" \/><\/a><figcaption id=\"caption-attachment-30886723\" class=\"wp-caption-text\">Carmen Tovar, en el centro de la imagen, durante la visita del equipo de la UPO a la Zona Franca de Sevilla<\/figcaption><\/figure>\n<p>La <a href=\"https:\/\/sevillazonafranca.com\/\">Zona Franca de Sevilla<\/a> ha establecido una alianza estrat\u00e9gica con un equipo multidisciplinar de la Universidad Pablo de Olavide para actualizar y desarrollar su Plan Estrat\u00e9gico 2030, con el objetivo de adaptar la planificaci\u00f3n a los nuevos retos econ\u00f3micos, industriales y territoriales de Sevilla y su \u00e1rea metropolitana.<\/p>\n<p>La delegada del Estado para el espacio fiscal, <strong>Carmen Tovar<\/strong>, ha mantenido un encuentro con este grupo de trabajo coordinado por el vicerrector de Planificaci\u00f3n Estrat\u00e9gica de la UPO, <strong>Jos\u00e9 Antonio S\u00e1nchez Medina<\/strong>, y que est\u00e1 formado por los profesores <strong>Mar\u00eda \u00c1ngeles Huete <\/strong>y <strong>Rafael Merinero<\/strong>, del Departamento de Sociolog\u00eda, y por las catedr\u00e1ticas <strong>Roc\u00edo Ruiz Ben\u00edtez <\/strong>y<strong> Cristina L\u00f3pez Vargas<\/strong>, del Departamento de Organizaci\u00f3n de Empresas y M\u00e1rketing. <strong>Las l\u00edneas de trabajo abarcan desde pol\u00edticas p\u00fablicas y agenda urbana hasta gobernanza estrat\u00e9gica y gesti\u00f3n empresarial<\/strong>.<\/p>\n<p>Ambas partes han mantenido una reuni\u00f3n de trabajo y han visitado posteriormente los pol\u00edgonos industriales Torrecu\u00e9llar y Astilleros. El prop\u00f3sito de esta jornada ha sido acordar una metodolog\u00eda conjunta de colaboraci\u00f3n que permita al equipo de la Pablo de Olavide <strong>ofrecer soporte acad\u00e9mico y asesoramiento t\u00e9cnico en la planificaci\u00f3n estrat\u00e9gica de la Zona Franca de Sevilla<\/strong>. La colaboraci\u00f3n entre ambas instituciones se materializar\u00e1 a trav\u00e9s de la firma de un convenio en fechas pr\u00f3ximas.<\/p>\n<p>El Plan Estrat\u00e9gico 2030 de la entidad fiscal fue elaborado en 2019 y, seg\u00fan ha indicado Tovar, requiere una revisi\u00f3n en profundidad que lo alinee con la actual coyuntura econ\u00f3mica favorable en Espa\u00f1a y que contemple nuevas oportunidades para el crecimiento de la Zona Franca, incluyendo su posible expansi\u00f3n m\u00e1s all\u00e1 del recinto portuario hacia otros espacios industriales del \u00e1rea metropolitana de Sevilla.<\/p>\n<p>\u00abDesde la Zona Franca estamos culminando la fase previa a la acci\u00f3n, tejiendo una serie de alianzas estrat\u00e9gicas que permitan a esta entidad p\u00fablica convertirse en uno de los actores clave para el desarrollo industrial y econ\u00f3mico de Sevilla y su entorno\u00bb, ha se\u00f1alado Carmen Tovar.<\/p>\n<p>Por su parte, el vicerrector de Planificaci\u00f3n Estrat\u00e9gica de la UPO, Jos\u00e9 Antonio S\u00e1nchez Medina, ha calificado de \u00abenormes\u00bb las posibilidades de colaboraci\u00f3n de la Universidad con la Zona Franca. \u00abTanto en formaci\u00f3n, focalizada en las demandas empresariales gracias a las microcredenciales universitarias, como en \u00e1mbitos de investigaci\u00f3n, desarrollo y transferencia de conocimiento. A partir de este primer grupo de especialistas en agenda urbana y territorio y en direcci\u00f3n estrat\u00e9gica y log\u00edstica, identificaremos futuras l\u00edneas de cooperaci\u00f3n\u00bb, ha subrayado.<\/p>\n<h3><strong>125 hect\u00e1reas para el desarrollo industrial y log\u00edstico de Sevilla<\/strong><\/h3>\n<p>La Zona Franca de Sevilla abarca actualmente una superficie de 125 hect\u00e1reas distribuidas entre los pol\u00edgonos de Torrecu\u00e9llar y Astilleros, y alberga a 16 empresas pertenecientes a sectores industriales clave como la metalurgia, la agroindustria, el medio ambiente, la certificaci\u00f3n, la log\u00edstica, los servicios portuarios y la construcci\u00f3n naval. Este consorcio se ha consolidado como una entidad que impulsa el desarrollo industrial y log\u00edstico de la capital andaluza, cuarta \u00e1rea metropolitana del pa\u00eds, con m\u00e1s de 1,5 millones de habitantes y el mayor dinamismo econ\u00f3mico de Andaluc\u00eda.<\/p>\n","protected":false},"excerpt":{"rendered":"<p>La delegada del recinto fiscal de la ciudad, Carmen Tovar, ha mantenido un encuentro de trabajo con expertos en pol\u00edticas p\u00fablicas, gobernanza, agenda urbana y organizaci\u00f3n de empresas de la UPO coordinados por el vicerrector de Planificaci\u00f3n Estrat\u00e9gica Jos\u00e9 Antonio S\u00e1nchez Medina.<\/p>\n","protected":false},"author":6,"featured_media":30886723,"comment_status":"closed","ping_status":"open","sticky":false,"template":"","format":"standard","meta":{"_monsterinsights_skip_tracking":false,"_monsterinsights_sitenote_active":false,"_monsterinsights_sitenote_note":"","_monsterinsights_sitenote_category":0,"footnotes":""},"categories":[6],"tags":[4955,7323,2584,1450,63,1059,550,161,6799,9188],"class_list":["post-30886721","post","type-post","status-publish","format-standard","has-post-thumbnail","hentry","category-institucional","tag-agenda-urbana","tag-area-metropolitana","tag-departamento-de-organizacion-de-empresas-y-marketing","tag-departamento-de-sociologia","tag-economia","tag-empresas","tag-plan-estrategico","tag-sevilla","tag-transferencia-de-conocimiento","tag-zona-franca"],"_links":{"self":[{"href":"https:\/\/www.upo.es\/diario\/wp-json\/wp\/v2\/posts\/30886721","targetHints":{"allow":["GET"]}}],"collection":[{"href":"https:\/\/www.upo.es\/diario\/wp-json\/wp\/v2\/posts"}],"about":[{"href":"https:\/\/www.upo.es\/diario\/wp-json\/wp\/v2\/types\/post"}],"author":[{"embeddable":true,"href":"https:\/\/www.upo.es\/diario\/wp-json\/wp\/v2\/users\/6"}],"replies":[{"embeddable":true,"href":"https:\/\/www.upo.es\/diario\/wp-json\/wp\/v2\/comments?post=30886721"}],"version-history":[{"count":3,"href":"https:\/\/www.upo.es\/diario\/wp-json\/wp\/v2\/posts\/30886721\/revisions"}],"predecessor-version":[{"id":30886725,"href":"https:\/\/www.upo.es\/diario\/wp-json\/wp\/v2\/posts\/30886721\/revisions\/30886725"}],"wp:featuredmedia":[{"embeddable":true,"href":"https:\/\/www.upo.es\/diario\/wp-json\/wp\/v2\/media\/30886723"}],"wp:attachment":[{"href":"https:\/\/www.upo.es\/diario\/wp-json\/wp\/v2\/media?parent=30886721"}],"wp:term":[{"taxonomy":"category","embeddable":true,"href":"https:\/\/www.upo.es\/diario\/wp-json\/wp\/v2\/categories?post=30886721"},{"taxonomy":"post_tag","embeddable":true,"href":"https:\/\/www.upo.es\/diario\/wp-json\/wp\/v2\/tags?post=30886721"}],"curies":[{"name":"wp","href":"https:\/\/api.w.org\/{rel}","templated":true}]}}