{"id":30886726,"date":"2025-05-16T14:39:50","date_gmt":"2025-05-16T12:39:50","guid":{"rendered":"https:\/\/www.upo.es\/diario\/?p=30886726"},"modified":"2025-05-26T12:16:37","modified_gmt":"2025-05-26T10:16:37","slug":"sevilla-gospel-choir-agenda-cultura-upo-2025","status":"publish","type":"post","link":"https:\/\/www.upo.es\/diario\/cultura\/2025\/05\/sevilla-gospel-choir-agenda-cultura-upo-2025\/","title":{"rendered":"Sevilla Gospel Choir. Agenda cultura UPO Primavera&#8217;25"},"content":{"rendered":"<p><iframe loading=\"lazy\" title=\"YouTube video player\" src=\"https:\/\/www.youtube.com\/embed\/hzHYZElj1jU?si=ckT3fuIsrtJQ6FFD\" width=\"560\" height=\"315\" frameborder=\"0\" allowfullscreen=\"allowfullscreen\"><\/iframe><\/p>\n<p>En el marco de la agenda cultural de la UPO del a\u00f1o 2025, la agrupaci\u00f3n <strong>Sevilla Gospel Choir<\/strong>, bajo la direcci\u00f3n art\u00edstica y musical de Ezequiel Barrios, ofreci\u00f3 un concierto titulado Gospel Spring Edition el pasado 15 de mayo en el espacio El Entramado de la Universidad Pablo de Olavide. Una actuaci\u00f3n vers\u00e1til, que lleva al escenario un gospel tradicional desde sus ra\u00edces, pero a la vez explorando el m\u00e1s actual del panorama musical.<\/p>\n","protected":false},"excerpt":{"rendered":"<p>En el marco de la agenda cultural de la UPO del a\u00f1o 2025, la agrupaci\u00f3n Sevilla Gospel Choir, bajo la direcci\u00f3n art\u00edstica y musical de Ezequiel Barrios, ofreci\u00f3 un concierto titulado Gospel Spring Edition el pasado 15 de mayo en el espacio El Entramado de la Universidad Pablo de Olavide. Una actuaci\u00f3n vers\u00e1til, que lleva al escenario un gospel tradicional desde sus ra\u00edces, pero a la vez explorando el m\u00e1s actual del panorama musical.<\/p>\n","protected":false},"author":4,"featured_media":30886727,"comment_status":"closed","ping_status":"open","sticky":false,"template":"","format":"video","meta":{"_monsterinsights_skip_tracking":false,"_monsterinsights_sitenote_active":false,"_monsterinsights_sitenote_note":"","_monsterinsights_sitenote_category":0,"footnotes":""},"categories":[5843,7,6038],"tags":[7982,4017,3746,95,7194],"class_list":["post-30886726","post","type-post","status-publish","format-video","has-post-thumbnail","hentry","category-cultura-social","category-cultura","category-video","tag-agenda-cultural","tag-gospel","tag-servicio-de-extension-cultural","tag-teatro","tag-vicerrectorado-de-cultura-y-politicas-sociales","post_format-post-format-video"],"_links":{"self":[{"href":"https:\/\/www.upo.es\/diario\/wp-json\/wp\/v2\/posts\/30886726","targetHints":{"allow":["GET"]}}],"collection":[{"href":"https:\/\/www.upo.es\/diario\/wp-json\/wp\/v2\/posts"}],"about":[{"href":"https:\/\/www.upo.es\/diario\/wp-json\/wp\/v2\/types\/post"}],"author":[{"embeddable":true,"href":"https:\/\/www.upo.es\/diario\/wp-json\/wp\/v2\/users\/4"}],"replies":[{"embeddable":true,"href":"https:\/\/www.upo.es\/diario\/wp-json\/wp\/v2\/comments?post=30886726"}],"version-history":[{"count":2,"href":"https:\/\/www.upo.es\/diario\/wp-json\/wp\/v2\/posts\/30886726\/revisions"}],"predecessor-version":[{"id":30886769,"href":"https:\/\/www.upo.es\/diario\/wp-json\/wp\/v2\/posts\/30886726\/revisions\/30886769"}],"wp:featuredmedia":[{"embeddable":true,"href":"https:\/\/www.upo.es\/diario\/wp-json\/wp\/v2\/media\/30886727"}],"wp:attachment":[{"href":"https:\/\/www.upo.es\/diario\/wp-json\/wp\/v2\/media?parent=30886726"}],"wp:term":[{"taxonomy":"category","embeddable":true,"href":"https:\/\/www.upo.es\/diario\/wp-json\/wp\/v2\/categories?post=30886726"},{"taxonomy":"post_tag","embeddable":true,"href":"https:\/\/www.upo.es\/diario\/wp-json\/wp\/v2\/tags?post=30886726"}],"curies":[{"name":"wp","href":"https:\/\/api.w.org\/{rel}","templated":true}]}}