{"id":30886729,"date":"2025-05-22T15:02:55","date_gmt":"2025-05-22T13:02:55","guid":{"rendered":"https:\/\/www.upo.es\/diario\/?p=30886729"},"modified":"2025-05-29T11:39:30","modified_gmt":"2025-05-29T09:39:30","slug":"jornadas-orientacion-upo-estudiantes-examinaran-pau-campus","status":"publish","type":"post","link":"https:\/\/www.upo.es\/diario\/institucional\/2025\/05\/jornadas-orientacion-upo-estudiantes-examinaran-pau-campus\/","title":{"rendered":"Jornadas de orientaci\u00f3n en la UPO para estudiantes que se examinar\u00e1n de la PAU en su campus"},"content":{"rendered":"<p><a href=\"https:\/\/www.upo.es\/diario\/wp-content\/uploads\/2025\/05\/jpreparacion_PAU06-1-scaled.jpg\"><img loading=\"lazy\" decoding=\"async\" class=\"size-large wp-image-30886730 aligncenter\" src=\"https:\/\/www.upo.es\/diario\/wp-content\/uploads\/2025\/05\/jpreparacion_PAU06-1-750x500.jpg\" alt=\"\" width=\"750\" height=\"500\" srcset=\"https:\/\/www.upo.es\/diario\/wp-content\/uploads\/2025\/05\/jpreparacion_PAU06-1-750x500.jpg 750w, https:\/\/www.upo.es\/diario\/wp-content\/uploads\/2025\/05\/jpreparacion_PAU06-1-420x280.jpg 420w, https:\/\/www.upo.es\/diario\/wp-content\/uploads\/2025\/05\/jpreparacion_PAU06-1-768x512.jpg 768w, https:\/\/www.upo.es\/diario\/wp-content\/uploads\/2025\/05\/jpreparacion_PAU06-1-1536x1024.jpg 1536w, https:\/\/www.upo.es\/diario\/wp-content\/uploads\/2025\/05\/jpreparacion_PAU06-1-2048x1365.jpg 2048w, https:\/\/www.upo.es\/diario\/wp-content\/uploads\/2025\/05\/jpreparacion_PAU06-1-165x109.jpg 165w, https:\/\/www.upo.es\/diario\/wp-content\/uploads\/2025\/05\/jpreparacion_PAU06-1-1320x880.jpg 1320w\" sizes=\"auto, (max-width: 750px) 100vw, 750px\" \/><\/a><\/p>\n<p>Estudiantes de 35 centros de Sevilla y provincia han sido invitados por la Universidad Pablo de Olavide para asistir a las <strong>Jornadas de Preparaci\u00f3n de la PAU, <\/strong>celebradas a lo largo de la ma\u00f1ana de hoy en su campus. Un programa organizado por el <strong>Vicerrectorado de Estudiantes<\/strong> con el fin de favorecer el buen desarrollo de la <strong>Prueba de Acceso a la Universidad<\/strong>, inicio de una nueva etapa para estudiantes de Bachillerato y de Ciclos Formativos de Grado Superior.<\/p>\n<p><strong><a href=\"https:\/\/www.upo.es\/diario\/wp-content\/uploads\/2025\/05\/jpreparacion_PAU08-1-scaled.jpg\"><img loading=\"lazy\" decoding=\"async\" class=\"alignright size-medium wp-image-30886732\" src=\"https:\/\/www.upo.es\/diario\/wp-content\/uploads\/2025\/05\/jpreparacion_PAU08-1-420x280.jpg\" alt=\"\" width=\"420\" height=\"280\" srcset=\"https:\/\/www.upo.es\/diario\/wp-content\/uploads\/2025\/05\/jpreparacion_PAU08-1-420x280.jpg 420w, https:\/\/www.upo.es\/diario\/wp-content\/uploads\/2025\/05\/jpreparacion_PAU08-1-750x500.jpg 750w, https:\/\/www.upo.es\/diario\/wp-content\/uploads\/2025\/05\/jpreparacion_PAU08-1-768x512.jpg 768w, https:\/\/www.upo.es\/diario\/wp-content\/uploads\/2025\/05\/jpreparacion_PAU08-1-1536x1024.jpg 1536w, https:\/\/www.upo.es\/diario\/wp-content\/uploads\/2025\/05\/jpreparacion_PAU08-1-2048x1365.jpg 2048w, https:\/\/www.upo.es\/diario\/wp-content\/uploads\/2025\/05\/jpreparacion_PAU08-1-165x109.jpg 165w, https:\/\/www.upo.es\/diario\/wp-content\/uploads\/2025\/05\/jpreparacion_PAU08-1-1320x880.jpg 1320w\" sizes=\"auto, (max-width: 420px) 100vw, 420px\" \/><\/a>Pilar Moreno Navarro<\/strong>, vicerrectora de Estudiantes de la UPO, ha dado la bienvenida en el Paraninfo al alumnado que se examinar\u00e1 en las <strong>tres sedes<\/strong> que la Universidad ha dispuesto en su campus para la PAU, que tendr\u00e1 lugar los <strong>d\u00edas 3, 4 y 5 de junio en la convocatoria ordinaria<\/strong>. \u201cEl objetivo principal de estas jornadas es acompa\u00f1ar al estudiantado en su tr\u00e1nsito hacia la vida universitaria, proporcion\u00e1ndoles informaci\u00f3n, confianza y seguridad en un momento clave de su trayectoria acad\u00e9mica. El \u00c1rea de Estudiantes, conformada por un equipo humano altamente profesional, con una s\u00f3lida experiencia y un compromiso constante con la orientaci\u00f3n y el bienestar del alumnado, trabaja cada a\u00f1o para que la PAU se desarrolle en un entorno organizado, accesible y cercano, donde el estudiantado se sienta comprendido, respaldado y acompa\u00f1ado\u201d.<\/p>\n<p>Bajo el lema \u2018Ruta para tu impulso final\u2019, futuros universitarios y universitarias han podido conocer la estructura y normas de la prueba de la mano del personal del \u00c1rea de Estudiantes de Grado, que tambi\u00e9n ha resuelto las posibles dudas sobre el proceso de automatr\u00edcula. Para afrontar con \u00e9xito la PAU, en esta charla informativa, el estudiantado ha recibido una serie de <a href=\"https:\/\/www.upo.es\/estudiantes\/es\/antes-del-grado\/pruebas-de-acceso\/Recursos-para-ayudarte-en-la-preparacion-de-la-PAU\/\">recomendaciones para aplicar antes, durante y tras la celebraci\u00f3n de dicha prueba<\/a>.<\/p>\n<p>El programa de las Jornadas ha incluido tambi\u00e9n informaci\u00f3n pr\u00e1ctica sobre el proceso de preinscripci\u00f3n a trav\u00e9s del Distrito \u00danico Andaluz, as\u00ed como una visita a las distintas sedes de la PAU y servicios generales de la UPO dispuestos para la realizaci\u00f3n de la misma.<\/p>\n<h3><strong><a href=\"https:\/\/www.upo.es\/diario\/wp-content\/uploads\/2025\/05\/jpreparacion_PAU05-1-scaled.jpg\"><img loading=\"lazy\" decoding=\"async\" class=\"alignleft size-medium wp-image-30886733\" src=\"https:\/\/www.upo.es\/diario\/wp-content\/uploads\/2025\/05\/jpreparacion_PAU05-1-420x280.jpg\" alt=\"\" width=\"420\" height=\"280\" srcset=\"https:\/\/www.upo.es\/diario\/wp-content\/uploads\/2025\/05\/jpreparacion_PAU05-1-420x280.jpg 420w, https:\/\/www.upo.es\/diario\/wp-content\/uploads\/2025\/05\/jpreparacion_PAU05-1-750x500.jpg 750w, https:\/\/www.upo.es\/diario\/wp-content\/uploads\/2025\/05\/jpreparacion_PAU05-1-768x512.jpg 768w, https:\/\/www.upo.es\/diario\/wp-content\/uploads\/2025\/05\/jpreparacion_PAU05-1-1536x1024.jpg 1536w, https:\/\/www.upo.es\/diario\/wp-content\/uploads\/2025\/05\/jpreparacion_PAU05-1-2048x1365.jpg 2048w, https:\/\/www.upo.es\/diario\/wp-content\/uploads\/2025\/05\/jpreparacion_PAU05-1-165x109.jpg 165w, https:\/\/www.upo.es\/diario\/wp-content\/uploads\/2025\/05\/jpreparacion_PAU05-1-1320x880.jpg 1320w\" sizes=\"auto, (max-width: 420px) 100vw, 420px\" \/><\/a>Automatr\u00edcula: avance en la digitalizaci\u00f3n de los procesos acad\u00e9micos y administrativos<\/strong><\/h3>\n<p>La Universidad Pablo de Olavide cuenta este curso con un sistema de automatr\u00edcula para la Prueba de Acceso a la Universidad, implementado este a\u00f1o por primera vez para los centros adscritos, y <strong>cuyo plazo para la convocatoria ordinaria de la PAU finaliza el pr\u00f3ximo lunes 26 de mayo.<\/strong> Esta herramienta, integrada en el sistema Universitas XXI, supone un importante avance en la digitalizaci\u00f3n de los procesos acad\u00e9micos y administrativos.<\/p>\n<p>Desde que comenzara el proceso de automatr\u00edcula el pasado d\u00eda 12 de mayo, el <a href=\"https:\/\/www.upo.es\/diario\/comunidad\/2025\/05\/mas-de-un-tercio-del-alumnado-que-hara-la-pau-2025-en-la-upo-ya-se-ha-inscrito-gracias-a-la-nueva-aplicacion-de-automatricula\/\">balance es altamente positivo<\/a>, tanto en t\u00e9rminos de participaci\u00f3n como de satisfacci\u00f3n por parte de los centros implicados.<\/p>\n<p>Este nuevo sistema,\u00a0<a href=\"https:\/\/www.upo.es\/diario\/comunidad\/2025\/04\/universidad-pablo-olavide-presenta-nueva-aplicacion-automatricula-pau-centros-adscritos\/\">presentado oficialmente el pasado mes de abril<\/a>, ha sido\u00a0<strong>dise\u00f1ado para facilitar y agilizar el proceso de matr\u00edcula, permitiendo al estudiantado realizar todos los tr\u00e1mites de forma aut\u00f3noma y digital<\/strong>. Se trata de un proyecto conjunto del Vicerrectorado de Estudiantes y del Vicerrectorado de Transformaci\u00f3n Digital, que refleja el compromiso institucional con la innovaci\u00f3n tecnol\u00f3gica y la mejora continua de los servicios universitarios.<\/p>\n<h3><strong>PAU \u2013 Prueba de Acceso a la Universidad<\/strong><\/h3>\n<p>La prueba se desarrollar\u00e1 entre los d\u00edas 3, 4 y 5 de junio y consta de dos fases, una de acceso y otra de admisi\u00f3n.<\/p>\n<p>La fase de acceso es obligatoria y permite cumplir con los requisitos para acceder a la Universidad. Consta de cuatro ex\u00e1menes: Lengua Castellana y Literatura; Lengua Extranjera; Historia de Espa\u00f1a o Historia de la Filosof\u00eda y una materia espec\u00edfica obligatoria de segundo de bachillerato de la modalidad y v\u00eda cursada: \u00a0Dibujo Art\u00edstico II, An\u00e1lisis Musical II, Artes Esc\u00e9nicas II, Matem\u00e1ticas II, Matem\u00e1ticas Aplicadas a las Ciencias Sociales II, Ciencias Generales o Lat\u00edn II.<\/p>\n<p>La nota final de acceso se obtiene tras ponderar los resultados con la nota media del bachillerato y variar\u00e1 entre 5 y 10 puntos. Esta nota de acceso puede mejorarse en la fase de admisi\u00f3n, que permite alcanzar una puntuaci\u00f3n m\u00e1xima de 14 puntos evaluando los conocimientos y las capacidades de alumnos y alumnas de hasta tres materias de segundo curso de bachillerato, comunes o de modalidad, distintas a aquellas de las que se hubieran examinado en la prueba de acceso. Adem\u00e1s, en la fase de admisi\u00f3n, podr\u00e1n examinarse de una segunda lengua extranjera distinta de la que hubieran elegido en dicha prueba.<\/p>\n<p>&nbsp;<\/p>\n<h3><strong>M\u00e1s informaci\u00f3n:<\/strong><\/h3>\n<p><a href=\"https:\/\/www.upo.es\/asistencia-estudiante\/\">\u00c1rea de Estudiantes de Grado<\/a><\/p>\n<p><a href=\"https:\/\/www.upo.es\/estudiantes\/es\/\">iPuntOlavide, Portal de Estudiantes de la UPO<\/a><\/p>\n<p><a href=\"https:\/\/www.upo.es\/estudiantes\/es\/antes-del-grado\/pruebas-de-acceso\/Recursos-para-ayudarte-en-la-preparacion-de-la-PAU\/\">Recursos para ayudar al alumnado en la preparaci\u00f3n de la PAU<\/a><\/p>\n<p><a href=\"https:\/\/www.juntadeandalucia.es\/economiaconocimientoempresasyuniversidad\/sguit\/?q=grados\">Distrito \u00danico Andaluz<\/a><\/p>\n<p>&nbsp;<\/p>\n<p><a title=\"Jornadas de Preparaci\u00f3n de la PAU\" href=\"https:\/\/www.flickr.com\/photos\/pablodeolavide\/albums\/72177720326290160\" data-flickr-embed=\"true\" data-header=\"true\"><img loading=\"lazy\" decoding=\"async\" src=\"https:\/\/live.staticflickr.com\/65535\/54537301086_fb6f6ed6ec_h.jpg\" alt=\"Jornadas de Preparaci\u00f3n de la PAU\" width=\"1600\" height=\"1200\" \/><\/a><script async src=\"\/\/embedr.flickr.com\/assets\/client-code.js\" charset=\"utf-8\"><\/script><\/p>\n","protected":false},"excerpt":{"rendered":"<p>Estudiantes de 35 centros de Sevilla y provincia han sido invitados por la Universidad Pablo de Olavide para asistir a las Jornadas de Preparaci\u00f3n de la PAU, celebradas a lo largo de la ma\u00f1ana de hoy en su campus. Un programa organizado por el Vicerrectorado de Estudiantes con el fin de favorecer el buen desarrollo de la Prueba de Acceso a la Universidad, inicio de una nueva etapa para estudiantes de Bachillerato y de Ciclos Formativos de Grado Superior.<\/p>\n","protected":false},"author":2,"featured_media":30886730,"comment_status":"closed","ping_status":"open","sticky":false,"template":"","format":"standard","meta":{"_monsterinsights_skip_tracking":false,"_monsterinsights_sitenote_active":false,"_monsterinsights_sitenote_note":"","_monsterinsights_sitenote_category":0,"footnotes":""},"categories":[6],"tags":[9189,9166,644,717,21,84,668,690,2114],"class_list":["post-30886729","post","type-post","status-publish","format-standard","has-post-thumbnail","hentry","category-institucional","tag-area-de-estudiantes-de-grado","tag-automatricula","tag-bachillerato","tag-distrito-unico-andaluz","tag-estudiantes","tag-jornadas","tag-pau","tag-prueba-de-acceso-a-la-universidad","tag-vicerrectorado-de-estudiantes"],"_links":{"self":[{"href":"https:\/\/www.upo.es\/diario\/wp-json\/wp\/v2\/posts\/30886729","targetHints":{"allow":["GET"]}}],"collection":[{"href":"https:\/\/www.upo.es\/diario\/wp-json\/wp\/v2\/posts"}],"about":[{"href":"https:\/\/www.upo.es\/diario\/wp-json\/wp\/v2\/types\/post"}],"author":[{"embeddable":true,"href":"https:\/\/www.upo.es\/diario\/wp-json\/wp\/v2\/users\/2"}],"replies":[{"embeddable":true,"href":"https:\/\/www.upo.es\/diario\/wp-json\/wp\/v2\/comments?post=30886729"}],"version-history":[{"count":3,"href":"https:\/\/www.upo.es\/diario\/wp-json\/wp\/v2\/posts\/30886729\/revisions"}],"predecessor-version":[{"id":30886735,"href":"https:\/\/www.upo.es\/diario\/wp-json\/wp\/v2\/posts\/30886729\/revisions\/30886735"}],"wp:featuredmedia":[{"embeddable":true,"href":"https:\/\/www.upo.es\/diario\/wp-json\/wp\/v2\/media\/30886730"}],"wp:attachment":[{"href":"https:\/\/www.upo.es\/diario\/wp-json\/wp\/v2\/media?parent=30886729"}],"wp:term":[{"taxonomy":"category","embeddable":true,"href":"https:\/\/www.upo.es\/diario\/wp-json\/wp\/v2\/categories?post=30886729"},{"taxonomy":"post_tag","embeddable":true,"href":"https:\/\/www.upo.es\/diario\/wp-json\/wp\/v2\/tags?post=30886729"}],"curies":[{"name":"wp","href":"https:\/\/api.w.org\/{rel}","templated":true}]}}