{"id":30886770,"date":"2025-04-14T09:16:42","date_gmt":"2025-04-14T07:16:42","guid":{"rendered":"https:\/\/www.upo.es\/diario\/?p=30886770"},"modified":"2025-05-26T12:34:46","modified_gmt":"2025-05-26T10:34:46","slug":"naufragio-universal-agenda-cultural-upo-primavera25","status":"publish","type":"post","link":"https:\/\/www.upo.es\/diario\/cultura\/2025\/04\/naufragio-universal-agenda-cultural-upo-primavera25\/","title":{"rendered":"Naufragio Universal. Agenda cultural UPO Primavera&#8217;25"},"content":{"rendered":"<p><iframe loading=\"lazy\" title=\"YouTube video player\" src=\"https:\/\/www.youtube.com\/embed\/RLIIPcYYEbI?si=tTNK-1pMRBkJrngk\" width=\"560\" height=\"315\" frameborder=\"0\" allowfullscreen=\"allowfullscreen\"><\/iframe><\/p>\n<p>En el marco de la agenda cultural de la UPO del a\u00f1o 2025, la <strong>compa\u00f1\u00eda art\u00edstica Marco Vargas &amp; Chlo\u00e9 Br\u00fbl\u00e8<\/strong> ofrecieron el <strong>espect\u00e1culo &#8216;Naufragio Universal&#8217;<\/strong> en el espacio cultural El Entramado de la UPO el pasado 10 de abril. Tras la funci\u00f3n, los artistas conversaron con el p\u00fablico sobre el espect\u00e1culo \u201cSi t\u00fa y yo somos la humanidad, en alta mar atrapados, con lo que tenemos y lo que somos, caminaremos sobre las aguas; porque somos d\u00f3nde pisamos.\u201d<\/p>\n<p>La obra ha recibido varios premios como &#8216;El premio del p\u00fablico&#8217; en el Festival Teatro en el Sur de Palma del R\u00edo (2019)y &#8216;Mejor int\u00e9rprete masculino de danza flamenca&#8217; y &#8216;Mejor int\u00e9rprete femenina de danza flamenca&#8217; en los Premios Lorca.<\/p>\n","protected":false},"excerpt":{"rendered":"<p>En el marco de la agenda cultural de la UPO del a\u00f1o 2025, la compa\u00f1\u00eda art\u00edstica Marco Vargas &#038; Chlo\u00e9 Br\u00fbl\u00e8 ofrecieron el espect\u00e1culo &#8216;Naufragio Universal&#8217; en el espacio cultural El Entramado de la UPO.<\/p>\n","protected":false},"author":4,"featured_media":30886771,"comment_status":"closed","ping_status":"open","sticky":false,"template":"","format":"video","meta":{"_monsterinsights_skip_tracking":false,"_monsterinsights_sitenote_active":false,"_monsterinsights_sitenote_note":"","_monsterinsights_sitenote_category":0,"footnotes":""},"categories":[5843,7,6038],"tags":[5834,3746,7194],"class_list":["post-30886770","post","type-post","status-publish","format-video","has-post-thumbnail","hentry","category-cultura-social","category-cultura","category-video","tag-cultura","tag-servicio-de-extension-cultural","tag-vicerrectorado-de-cultura-y-politicas-sociales","post_format-post-format-video"],"_links":{"self":[{"href":"https:\/\/www.upo.es\/diario\/wp-json\/wp\/v2\/posts\/30886770","targetHints":{"allow":["GET"]}}],"collection":[{"href":"https:\/\/www.upo.es\/diario\/wp-json\/wp\/v2\/posts"}],"about":[{"href":"https:\/\/www.upo.es\/diario\/wp-json\/wp\/v2\/types\/post"}],"author":[{"embeddable":true,"href":"https:\/\/www.upo.es\/diario\/wp-json\/wp\/v2\/users\/4"}],"replies":[{"embeddable":true,"href":"https:\/\/www.upo.es\/diario\/wp-json\/wp\/v2\/comments?post=30886770"}],"version-history":[{"count":1,"href":"https:\/\/www.upo.es\/diario\/wp-json\/wp\/v2\/posts\/30886770\/revisions"}],"predecessor-version":[{"id":30886772,"href":"https:\/\/www.upo.es\/diario\/wp-json\/wp\/v2\/posts\/30886770\/revisions\/30886772"}],"wp:featuredmedia":[{"embeddable":true,"href":"https:\/\/www.upo.es\/diario\/wp-json\/wp\/v2\/media\/30886771"}],"wp:attachment":[{"href":"https:\/\/www.upo.es\/diario\/wp-json\/wp\/v2\/media?parent=30886770"}],"wp:term":[{"taxonomy":"category","embeddable":true,"href":"https:\/\/www.upo.es\/diario\/wp-json\/wp\/v2\/categories?post=30886770"},{"taxonomy":"post_tag","embeddable":true,"href":"https:\/\/www.upo.es\/diario\/wp-json\/wp\/v2\/tags?post=30886770"}],"curies":[{"name":"wp","href":"https:\/\/api.w.org\/{rel}","templated":true}]}}