{"id":30886773,"date":"2025-05-26T14:29:52","date_gmt":"2025-05-26T12:29:52","guid":{"rendered":"https:\/\/www.upo.es\/diario\/?p=30886773"},"modified":"2025-05-29T11:39:28","modified_gmt":"2025-05-29T09:39:28","slug":"universidad-pablo-olavide-acoge-foro-internacional-estimulacion-cerebral","status":"publish","type":"post","link":"https:\/\/www.upo.es\/diario\/docencia-formacion\/2025\/05\/universidad-pablo-olavide-acoge-foro-internacional-estimulacion-cerebral\/","title":{"rendered":"La Universidad Pablo de Olavide acoge un foro internacional sobre estimulaci\u00f3n cerebral"},"content":{"rendered":"<figure id=\"attachment_30886781\" aria-describedby=\"caption-attachment-30886781\" style=\"width: 750px\" class=\"wp-caption aligncenter\"><a href=\"https:\/\/www.upo.es\/diario\/wp-content\/uploads\/2025\/05\/jestimulacion_cerebral04-1-scaled.jpg\"><img loading=\"lazy\" decoding=\"async\" class=\"size-large wp-image-30886781\" src=\"https:\/\/www.upo.es\/diario\/wp-content\/uploads\/2025\/05\/jestimulacion_cerebral04-1-750x500.jpg\" alt=\"\" width=\"750\" height=\"500\" srcset=\"https:\/\/www.upo.es\/diario\/wp-content\/uploads\/2025\/05\/jestimulacion_cerebral04-1-750x500.jpg 750w, https:\/\/www.upo.es\/diario\/wp-content\/uploads\/2025\/05\/jestimulacion_cerebral04-1-420x280.jpg 420w, https:\/\/www.upo.es\/diario\/wp-content\/uploads\/2025\/05\/jestimulacion_cerebral04-1-768x512.jpg 768w, https:\/\/www.upo.es\/diario\/wp-content\/uploads\/2025\/05\/jestimulacion_cerebral04-1-1536x1024.jpg 1536w, https:\/\/www.upo.es\/diario\/wp-content\/uploads\/2025\/05\/jestimulacion_cerebral04-1-2048x1365.jpg 2048w, https:\/\/www.upo.es\/diario\/wp-content\/uploads\/2025\/05\/jestimulacion_cerebral04-1-165x109.jpg 165w, https:\/\/www.upo.es\/diario\/wp-content\/uploads\/2025\/05\/jestimulacion_cerebral04-1-1320x880.jpg 1320w\" sizes=\"auto, (max-width: 750px) 100vw, 750px\" \/><\/a><figcaption id=\"caption-attachment-30886781\" class=\"wp-caption-text\">Foto de familia de las Jornadas de Estimulaci\u00f3n Cerebral 2025.<\/figcaption><\/figure>\n<p>La Universidad Pablo de Olavide acoge la celebraci\u00f3n de la <strong>Reuni\u00f3n Conjunta de la Red Espa\u00f1ola de Estimulaci\u00f3n Cerebral y la Asociaci\u00f3n Espa\u00f1ola de Estimulaci\u00f3n Cerebral<\/strong>, un evento cient\u00edfico que re\u00fane, hoy lunes y ma\u00f1ana martes, a m\u00e1s de un centenar de expertos y expertas nacionales e internacionales en neurociencia y neuromodulaci\u00f3n, bajo el lema <strong>\u2018Brain Stimulation Meeting 2025: Where Are We Going?\u2019.<\/strong><\/p>\n<figure id=\"attachment_30886778\" aria-describedby=\"caption-attachment-30886778\" style=\"width: 420px\" class=\"wp-caption alignright\"><a href=\"https:\/\/www.upo.es\/diario\/wp-content\/uploads\/2025\/05\/jestimulacion_cerebral01-1-scaled.jpg\"><img loading=\"lazy\" decoding=\"async\" class=\"size-medium wp-image-30886778\" src=\"https:\/\/www.upo.es\/diario\/wp-content\/uploads\/2025\/05\/jestimulacion_cerebral01-1-420x280.jpg\" alt=\"\" width=\"420\" height=\"280\" srcset=\"https:\/\/www.upo.es\/diario\/wp-content\/uploads\/2025\/05\/jestimulacion_cerebral01-1-420x280.jpg 420w, https:\/\/www.upo.es\/diario\/wp-content\/uploads\/2025\/05\/jestimulacion_cerebral01-1-750x500.jpg 750w, https:\/\/www.upo.es\/diario\/wp-content\/uploads\/2025\/05\/jestimulacion_cerebral01-1-768x512.jpg 768w, https:\/\/www.upo.es\/diario\/wp-content\/uploads\/2025\/05\/jestimulacion_cerebral01-1-1536x1024.jpg 1536w, https:\/\/www.upo.es\/diario\/wp-content\/uploads\/2025\/05\/jestimulacion_cerebral01-1-2048x1365.jpg 2048w, https:\/\/www.upo.es\/diario\/wp-content\/uploads\/2025\/05\/jestimulacion_cerebral01-1-165x109.jpg 165w, https:\/\/www.upo.es\/diario\/wp-content\/uploads\/2025\/05\/jestimulacion_cerebral01-1-1320x880.jpg 1320w\" sizes=\"auto, (max-width: 420px) 100vw, 420px\" \/><\/a><figcaption id=\"caption-attachment-30886778\" class=\"wp-caption-text\">En la mesa, de izquierda a derecha, el profesor Javier M\u00e1rquez junto al rector Francisco Oliva.<\/figcaption><\/figure>\n<p>El encuentro, que aborda los avances m\u00e1s recientes en estimulaci\u00f3n cerebral no invasiva y sus aplicaciones cl\u00ednicas y tecnol\u00f3gicas, ha sido organizado por la <strong>Red Espa\u00f1ola de Estimulaci\u00f3n Cerebral <\/strong>(REDESTIM) y la <strong>Asociaci\u00f3n Espa\u00f1ola de Estimulaci\u00f3n Cerebral<\/strong>. Cuenta con el apoyo local del <strong>Laboratorio Traslacional de Estimulaci\u00f3n Cerebral de la UPO<\/strong>, bajo la coordinaci\u00f3n del profesor <strong>Javier M\u00e1rquez Ruiz<\/strong>. Adem\u00e1s, tiene el respaldo del Vicerrectorado de Investigaci\u00f3n, Transferencia y Doctorado, y la colaboraci\u00f3n de empresas l\u00edderes en neurotecnolog\u00eda, entre otros patrocinadores.<\/p>\n<p>El rector de la Universidad Pablo de Olavide, <strong>Francisco Oliva Bl\u00e1zquez<\/strong>, ha inaugurado el encuentro destacando la trascendencia del foro y su impacto en \u00e1mbitos clave para la sociedad. \u201cVivimos una etapa en la que comprender el funcionamiento del cerebro ha dejado de ser un objetivo puramente cient\u00edfico para convertirse en una necesidad transversal que afecta a la educaci\u00f3n, la salud, el envejecimiento activo y el desarrollo personal\u201d, ha se\u00f1alado, subrayando as\u00ed la importancia de avanzar en el conocimiento y las aplicaciones de la estimulaci\u00f3n cerebral no invasiva.<\/p>\n<figure id=\"attachment_30886783\" aria-describedby=\"caption-attachment-30886783\" style=\"width: 420px\" class=\"wp-caption alignleft\"><a href=\"https:\/\/www.upo.es\/diario\/wp-content\/uploads\/2025\/05\/jestimulacion_cerebral05-scaled.jpg\"><img loading=\"lazy\" decoding=\"async\" class=\"size-medium wp-image-30886783\" src=\"https:\/\/www.upo.es\/diario\/wp-content\/uploads\/2025\/05\/jestimulacion_cerebral05-420x280.jpg\" alt=\"\" width=\"420\" height=\"280\" srcset=\"https:\/\/www.upo.es\/diario\/wp-content\/uploads\/2025\/05\/jestimulacion_cerebral05-420x280.jpg 420w, https:\/\/www.upo.es\/diario\/wp-content\/uploads\/2025\/05\/jestimulacion_cerebral05-750x500.jpg 750w, https:\/\/www.upo.es\/diario\/wp-content\/uploads\/2025\/05\/jestimulacion_cerebral05-768x512.jpg 768w, https:\/\/www.upo.es\/diario\/wp-content\/uploads\/2025\/05\/jestimulacion_cerebral05-1536x1024.jpg 1536w, https:\/\/www.upo.es\/diario\/wp-content\/uploads\/2025\/05\/jestimulacion_cerebral05-2048x1365.jpg 2048w, https:\/\/www.upo.es\/diario\/wp-content\/uploads\/2025\/05\/jestimulacion_cerebral05-165x109.jpg 165w, https:\/\/www.upo.es\/diario\/wp-content\/uploads\/2025\/05\/jestimulacion_cerebral05-1320x880.jpg 1320w\" sizes=\"auto, (max-width: 420px) 100vw, 420px\" \/><\/a><figcaption id=\"caption-attachment-30886783\" class=\"wp-caption-text\">De izquierda a derecha, Antonio Oliviero, \u00c1ngela Mart\u00ednez Zafra, Javier M\u00e1rquez y Vanesa Soto, organizadores de el encuentro.<\/figcaption><\/figure>\n<p>Por su parte, el profesor <strong>Javier M\u00e1rquez<\/strong> ha resaltado la relevancia de la iniciativa, destacando que \u201cel desarrollo de nuevas estrategias terap\u00e9uticas para las enfermedades neurol\u00f3gicas y neurodegenerativas requiere una colaboraci\u00f3n estrecha entre la ciencia b\u00e1sica, la pr\u00e1ctica cl\u00ednica y la tecnolog\u00eda\u201d. En este sentido, a\u00f1adi\u00f3 que \u201cestas jornadas ofrecen un espacio \u00fanico para impulsar esa sinergia\u201d, remarcando el valor de este tipo de encuentros para fomentar el trabajo interdisciplinar.<\/p>\n<p>Las t\u00e9cnicas de estimulaci\u00f3n cerebral no invasivas son procedimientos que permiten modular la actividad neuronal sin necesidad de cirug\u00eda. Estas incluyen la estimulaci\u00f3n transcraneal mediante corriente el\u00e9ctrica (tES) o la estimulaci\u00f3n magn\u00e9tica transcraneal (TMS), entre otras. Su importancia cl\u00ednica radica en su potencial para tratar diversas patolog\u00edas neurol\u00f3gicas y psiqui\u00e1tricas, como la depresi\u00f3n, la enfermedad de Parkinson y los trastornos del espectro autista, ofreciendo alternativas terap\u00e9uticas seguras y no invasivas.<\/p>\n<h3><strong>Un programa cient\u00edfico de alto nivel<\/strong><strong>\u00a0<\/strong><\/h3>\n<p>El evento se desarrollar\u00e1 en un formato biling\u00fce, con ponencias, mesas redondas y sesiones de comunicaciones tanto en ingl\u00e9s como en espa\u00f1ol, y girar\u00e1 en torno a algunos de los avances m\u00e1s relevantes en el \u00e1mbito de la estimulaci\u00f3n cerebral y la neuromodulaci\u00f3n. Se abordar\u00e1n investigaciones centradas en la <strong>comprensi\u00f3n de la arquitectura cerebral <\/strong>a trav\u00e9s del estudio de la morfolog\u00eda, la conectividad y el uso de t\u00e9cnicas de imagen, con el objetivo de optimizar la precisi\u00f3n de las intervenciones no invasivas.<\/p>\n<figure id=\"attachment_30886779\" aria-describedby=\"caption-attachment-30886779\" style=\"width: 420px\" class=\"wp-caption alignright\"><a href=\"https:\/\/www.upo.es\/diario\/wp-content\/uploads\/2025\/05\/jestimulacion_cerebral02-1-scaled.jpg\"><img loading=\"lazy\" decoding=\"async\" class=\"size-medium wp-image-30886779\" src=\"https:\/\/www.upo.es\/diario\/wp-content\/uploads\/2025\/05\/jestimulacion_cerebral02-1-420x280.jpg\" alt=\"\" width=\"420\" height=\"280\" srcset=\"https:\/\/www.upo.es\/diario\/wp-content\/uploads\/2025\/05\/jestimulacion_cerebral02-1-420x280.jpg 420w, https:\/\/www.upo.es\/diario\/wp-content\/uploads\/2025\/05\/jestimulacion_cerebral02-1-750x500.jpg 750w, https:\/\/www.upo.es\/diario\/wp-content\/uploads\/2025\/05\/jestimulacion_cerebral02-1-768x512.jpg 768w, https:\/\/www.upo.es\/diario\/wp-content\/uploads\/2025\/05\/jestimulacion_cerebral02-1-1536x1024.jpg 1536w, https:\/\/www.upo.es\/diario\/wp-content\/uploads\/2025\/05\/jestimulacion_cerebral02-1-2048x1365.jpg 2048w, https:\/\/www.upo.es\/diario\/wp-content\/uploads\/2025\/05\/jestimulacion_cerebral02-1-165x109.jpg 165w, https:\/\/www.upo.es\/diario\/wp-content\/uploads\/2025\/05\/jestimulacion_cerebral02-1-1320x880.jpg 1320w\" sizes=\"auto, (max-width: 420px) 100vw, 420px\" \/><\/a><figcaption id=\"caption-attachment-30886779\" class=\"wp-caption-text\">El investigador Miguel \u00c1ngel Garc\u00eda-Cabezas.<\/figcaption><\/figure>\n<p>Otro de los ejes tem\u00e1ticos es la <strong>estimulaci\u00f3n de la m\u00e9dula espinal<\/strong>, donde expertos internacionales expondr\u00e1n los avances m\u00e1s recientes y su impacto en el tratamiento del dolor cr\u00f3nico y la rehabilitaci\u00f3n de pacientes con lesiones medulares. Tambi\u00e9n se pondr\u00e1 el foco en las <strong>innovaciones tecnol\u00f3gicas aplicadas a la neuromodulaci\u00f3n no invasiva<\/strong>, con especial atenci\u00f3n a las terapias basadas en tACS, tDCS y TMS, utilizadas tanto en entornos cl\u00ednicos como domiciliarios para tratar enfermedades como el Alzheimer, el COVID persistente o ciertos tipos de c\u00e1ncer.<\/p>\n<p>El evento tambi\u00e9n destaca el papel de la <strong>colaboraci\u00f3n entre el \u00e1mbito cient\u00edfico y el empresarial<\/strong>. Representantes de empresas como Neuroelectrics, Ionclinics y Neurek compartir\u00e1n su experiencia sobre c\u00f3mo la sinergia entre la investigaci\u00f3n y el sector productivo est\u00e1 acelerando el desarrollo y la implementaci\u00f3n de nuevas terapias en la pr\u00e1ctica cl\u00ednica.<\/p>\n<p>Asimismo, se presentar\u00e1n resultados de <strong>estudios precl\u00ednicos y ensayos en humanos centrados en el uso de la estimulaci\u00f3n mediante corriente alterna<\/strong> (tACS), analizando su eficacia y aplicaciones terap\u00e9uticas en el contexto de enfermedades neurodegenerativas. Finalmente, el encuentro incluir\u00e1 espacios dedicados a la <strong>transferencia de conocimiento y la formaci\u00f3n<\/strong>, incluyendo sesiones de mentor\u00eda, comunicaciones libres de j\u00f3venes investigadores y actividades de networking.<\/p>\n<figure id=\"attachment_30886780\" aria-describedby=\"caption-attachment-30886780\" style=\"width: 420px\" class=\"wp-caption alignleft\"><a href=\"https:\/\/www.upo.es\/diario\/wp-content\/uploads\/2025\/05\/jestimulacion_cerebral03-1-scaled.jpg\"><img loading=\"lazy\" decoding=\"async\" class=\"size-medium wp-image-30886780\" src=\"https:\/\/www.upo.es\/diario\/wp-content\/uploads\/2025\/05\/jestimulacion_cerebral03-1-420x280.jpg\" alt=\"\" width=\"420\" height=\"280\" srcset=\"https:\/\/www.upo.es\/diario\/wp-content\/uploads\/2025\/05\/jestimulacion_cerebral03-1-420x280.jpg 420w, https:\/\/www.upo.es\/diario\/wp-content\/uploads\/2025\/05\/jestimulacion_cerebral03-1-750x500.jpg 750w, https:\/\/www.upo.es\/diario\/wp-content\/uploads\/2025\/05\/jestimulacion_cerebral03-1-768x512.jpg 768w, https:\/\/www.upo.es\/diario\/wp-content\/uploads\/2025\/05\/jestimulacion_cerebral03-1-1536x1024.jpg 1536w, https:\/\/www.upo.es\/diario\/wp-content\/uploads\/2025\/05\/jestimulacion_cerebral03-1-2048x1365.jpg 2048w, https:\/\/www.upo.es\/diario\/wp-content\/uploads\/2025\/05\/jestimulacion_cerebral03-1-165x109.jpg 165w, https:\/\/www.upo.es\/diario\/wp-content\/uploads\/2025\/05\/jestimulacion_cerebral03-1-1320x880.jpg 1320w\" sizes=\"auto, (max-width: 420px) 100vw, 420px\" \/><\/a><figcaption id=\"caption-attachment-30886780\" class=\"wp-caption-text\">Mesa redonda sobre Transferencia de Tecnolog\u00eda en Estimulaci\u00f3n Cerebral.<\/figcaption><\/figure>\n<h3><strong>Mesa Redonda sobre Transferencia de Tecnolog\u00eda<\/strong><\/h3>\n<p>Como parte del programa, esta ma\u00f1ana se ha celebrado una mesa redonda sobre Transferencia de Tecnolog\u00eda en Estimulaci\u00f3n Cerebral, donde han participado representantes de la industria y la academia para debatir los retos y oportunidades en la comercializaci\u00f3n de tecnolog\u00edas neurocient\u00edficas. As\u00ed, ha contado con la presencia de <strong>Giulio Ruffini<\/strong> (Neuroelectrics), <strong>Victoria Gonz\u00e1lez<\/strong> (Ionclinics) y <strong>Guglielmo Foffani<\/strong> (Neurek), entre otros ponentes.<\/p>\n<p><strong>M\u00e1s informaci\u00f3n:<\/strong><\/p>\n<p><a href=\"https:\/\/eventos.upo.es\/getFiles\/hash\/Y1EmMmJDZmlzM2MjZ3MjY1QDMhRmYxEmNkjN2YTZyY2:RkxVUTA5RnJ2OTFadVdUTE5rN0diaFNGQ0ZWekF3OGptd0F0ejFLR1JhSVZDNEVlOGhkM0x4Q2ZobXVudjM5TUpldGYvTEFXK0Z3M0V3TzY0RStyODd3ZTJsdFNvUUkvNm5xbXFXTVV6ZzZOek85MjRVeWltRHVpbDRqNW5MbDFjMklzSFY2S1VDTnFRTTZRdHR6emZScGNIYXJIc2x6WEk0OE9ZWDB0NlpMWEt4Q2FmY0Z4TDFJRTluUkdqNkRIMkJLZ1RjMURCQWRNSE1YdlkrYTlrZz09\">Jornadas de Estimulaci\u00f3n Cerebral 2025<\/a><\/p>\n<p>Las jornadas est\u00e1n dirigidas a investigadores, cl\u00ednicos, estudiantes de posgrado y profesionales del sector biom\u00e9dico. Para m\u00e1s informaci\u00f3n, se puede contactar con la organizaci\u00f3n en <a href=\"mailto:2022aedes@gmail.com\">2022aedes@gmail.com<\/a><\/p>\n","protected":false},"excerpt":{"rendered":"<p>La Universidad Pablo de Olavide acoge la celebraci\u00f3n de la Reuni\u00f3n Conjunta de la Red Espa\u00f1ola de Estimulaci\u00f3n Cerebral y la Asociaci\u00f3n Espa\u00f1ola de Estimulaci\u00f3n Cerebral, un evento cient\u00edfico que re\u00fane, hoy lunes y ma\u00f1ana martes, a m\u00e1s de un centenar de expertos y expertas nacionales e internacionales en neurociencia y neuromodulaci\u00f3n, bajo el lema \u2018Brain Stimulation Meeting 2025: Where Are We Going?\u2019.<\/p>\n","protected":false},"author":2,"featured_media":30886781,"comment_status":"closed","ping_status":"open","sticky":false,"template":"","format":"standard","meta":{"_monsterinsights_skip_tracking":false,"_monsterinsights_sitenote_active":false,"_monsterinsights_sitenote_note":"","_monsterinsights_sitenote_category":0,"footnotes":""},"categories":[2779],"tags":[2413,354,6705,1436,7381,9191,9194,114,9193,9192,771,6799],"class_list":["post-30886773","post","type-post","status-publish","format-standard","has-post-thumbnail","hentry","category-docencia-formacion","tag-cerebro","tag-congreso","tag-estimulacion-cerebral","tag-foro","tag-francisco-oliva","tag-javier-marquez-ruiz","tag-medula-espinal","tag-neurociencia","tag-neuromodulacion","tag-redestim","tag-terapia","tag-transferencia-de-conocimiento"],"_links":{"self":[{"href":"https:\/\/www.upo.es\/diario\/wp-json\/wp\/v2\/posts\/30886773","targetHints":{"allow":["GET"]}}],"collection":[{"href":"https:\/\/www.upo.es\/diario\/wp-json\/wp\/v2\/posts"}],"about":[{"href":"https:\/\/www.upo.es\/diario\/wp-json\/wp\/v2\/types\/post"}],"author":[{"embeddable":true,"href":"https:\/\/www.upo.es\/diario\/wp-json\/wp\/v2\/users\/2"}],"replies":[{"embeddable":true,"href":"https:\/\/www.upo.es\/diario\/wp-json\/wp\/v2\/comments?post=30886773"}],"version-history":[{"count":2,"href":"https:\/\/www.upo.es\/diario\/wp-json\/wp\/v2\/posts\/30886773\/revisions"}],"predecessor-version":[{"id":30886784,"href":"https:\/\/www.upo.es\/diario\/wp-json\/wp\/v2\/posts\/30886773\/revisions\/30886784"}],"wp:featuredmedia":[{"embeddable":true,"href":"https:\/\/www.upo.es\/diario\/wp-json\/wp\/v2\/media\/30886781"}],"wp:attachment":[{"href":"https:\/\/www.upo.es\/diario\/wp-json\/wp\/v2\/media?parent=30886773"}],"wp:term":[{"taxonomy":"category","embeddable":true,"href":"https:\/\/www.upo.es\/diario\/wp-json\/wp\/v2\/categories?post=30886773"},{"taxonomy":"post_tag","embeddable":true,"href":"https:\/\/www.upo.es\/diario\/wp-json\/wp\/v2\/tags?post=30886773"}],"curies":[{"name":"wp","href":"https:\/\/api.w.org\/{rel}","templated":true}]}}