{"id":30886851,"date":"2025-05-29T11:38:54","date_gmt":"2025-05-29T09:38:54","guid":{"rendered":"https:\/\/www.upo.es\/diario\/?p=30886851"},"modified":"2025-05-30T10:39:52","modified_gmt":"2025-05-30T08:39:52","slug":"andalucia-proyecta-en-nafsa-el-potencial-de-su-sistema-universitario-publico","status":"publish","type":"post","link":"https:\/\/www.upo.es\/diario\/institucional\/2025\/05\/andalucia-proyecta-en-nafsa-el-potencial-de-su-sistema-universitario-publico\/","title":{"rendered":"Andaluc\u00eda proyecta en NAFSA el potencial de su sistema universitario p\u00fablico"},"content":{"rendered":"<figure id=\"attachment_30886853\" aria-describedby=\"caption-attachment-30886853\" style=\"width: 750px\" class=\"wp-caption aligncenter\"><img loading=\"lazy\" decoding=\"async\" class=\"size-large wp-image-30886853\" src=\"https:\/\/www.upo.es\/diario\/wp-content\/uploads\/2025\/05\/AUPA-NAFSA-20250529-scaled-e1748511422426-750x338.jpeg\" alt=\"Delegaci\u00f3n de las universidades p\u00fablicas de Andaluc\u00eda en NAFSA 2025\" width=\"750\" height=\"338\" srcset=\"https:\/\/www.upo.es\/diario\/wp-content\/uploads\/2025\/05\/AUPA-NAFSA-20250529-scaled-e1748511422426-750x338.jpeg 750w, https:\/\/www.upo.es\/diario\/wp-content\/uploads\/2025\/05\/AUPA-NAFSA-20250529-scaled-e1748511422426-420x189.jpeg 420w, https:\/\/www.upo.es\/diario\/wp-content\/uploads\/2025\/05\/AUPA-NAFSA-20250529-scaled-e1748511422426-768x346.jpeg 768w, https:\/\/www.upo.es\/diario\/wp-content\/uploads\/2025\/05\/AUPA-NAFSA-20250529-scaled-e1748511422426-1536x692.jpeg 1536w, https:\/\/www.upo.es\/diario\/wp-content\/uploads\/2025\/05\/AUPA-NAFSA-20250529-scaled-e1748511422426-2048x922.jpeg 2048w, https:\/\/www.upo.es\/diario\/wp-content\/uploads\/2025\/05\/AUPA-NAFSA-20250529-scaled-e1748511422426-1320x595.jpeg 1320w\" sizes=\"auto, (max-width: 750px) 100vw, 750px\" \/><figcaption id=\"caption-attachment-30886853\" class=\"wp-caption-text\">Delegaci\u00f3n de las Universidades P\u00fablicas de Andaluc\u00eda en NAFSA 2025 | UNIA<\/figcaption><\/figure>\n<p>Las <strong>diez universidades p\u00fablicas<\/strong> andaluzas participan esta semana en <strong>NAFSA 2025<\/strong>, el mayor encuentro internacional sobre Educaci\u00f3n Superior que re\u00fane en la ciudad de San Diego (Estados Unidos) a cerca de <strong>9.000 representantes<\/strong> <strong>de 110 pa\u00edses<\/strong>. Lo hacen bajo el lema &#8216;Destino: universidades p\u00fablicas en Andaluc\u00eda&#8217;, proyectando de manera com\u00fan su <strong>potencial como sistema<\/strong> <strong>educativo y cient\u00edfico, con m\u00e1s de 245.000 estudiantes y cerca de 19.000 docentes e investigadores<\/strong>.<\/p>\n<p>Coordinada por la <strong>Universidad Internacional de Andaluc\u00eda<\/strong>, la delegaci\u00f3n protagoniza un espacio propio dentro del Pabell\u00f3n de Espa\u00f1a. En \u00e9l resalta la capacidad de cooperaci\u00f3n tanto dentro del sistema andaluz, como su interconexi\u00f3n con el resto del mundo. As\u00ed, se incide en aspectos como las <strong>dobles titulaciones internacionales<\/strong>, que se mantienen con 134 universidades de 28 pa\u00edses, las <strong>ocho alianzas europeas <\/strong>o los cerca de <strong>28.000 estudiantes internacionales<\/strong> que recibe cada a\u00f1o.<\/p>\n<p>Sobre esto \u00faltimo, una de las novedades que las universidades andaluzas llevan a NAFSA esta edici\u00f3n es el <strong>programa de becas \u2018Garc\u00eda Lorca\u2019<\/strong>. Una iniciativa, en colaboraci\u00f3n con la Asociaci\u00f3n de Universidades Iberoamericanas de Posgrado (AUIP), destinada <strong>a atraer talento<\/strong> a algo m\u00e1s de 320 programas oficiales de m\u00e1ster universitario durante el pr\u00f3ximo curso acad\u00e9mico.<\/p>\n<figure id=\"attachment_30886860\" aria-describedby=\"caption-attachment-30886860\" style=\"width: 336px\" class=\"wp-caption alignright\"><img loading=\"lazy\" decoding=\"async\" class=\"size-medium wp-image-30886860\" src=\"https:\/\/www.upo.es\/diario\/wp-content\/uploads\/2025\/05\/CUI-NAFSA-20250529-e1748514362798-336x420.jpeg\" alt=\"Mari\u00e1n Mor\u00f3n y Joanna Wandycz en la Feria NAFSA\" width=\"336\" height=\"420\" srcset=\"https:\/\/www.upo.es\/diario\/wp-content\/uploads\/2025\/05\/CUI-NAFSA-20250529-e1748514362798-336x420.jpeg 336w, https:\/\/www.upo.es\/diario\/wp-content\/uploads\/2025\/05\/CUI-NAFSA-20250529-e1748514362798-420x525.jpeg 420w, https:\/\/www.upo.es\/diario\/wp-content\/uploads\/2025\/05\/CUI-NAFSA-20250529-e1748514362798-768x960.jpeg 768w, https:\/\/www.upo.es\/diario\/wp-content\/uploads\/2025\/05\/CUI-NAFSA-20250529-e1748514362798-1229x1536.jpeg 1229w, https:\/\/www.upo.es\/diario\/wp-content\/uploads\/2025\/05\/CUI-NAFSA-20250529-e1748514362798-1320x1650.jpeg 1320w, https:\/\/www.upo.es\/diario\/wp-content\/uploads\/2025\/05\/CUI-NAFSA-20250529-e1748514362798.jpeg 1350w\" sizes=\"auto, (max-width: 336px) 100vw, 336px\" \/><figcaption id=\"caption-attachment-30886860\" class=\"wp-caption-text\">Mari\u00e1n Mor\u00f3n y Joanna Wandycz en NAFSA 2025<\/figcaption><\/figure>\n<p>El objetivo de Andaluc\u00eda en NAFSA 2025 es <strong>estrechar lazos o trazar nuevas relaciones<\/strong> con instituciones de Educaci\u00f3n Superior del resto del mundo. Esta cita, de car\u00e1cter anual y rotatorio dentro del territorio de Estados Unidos, est\u00e1 <strong>dirigida fundamentalmente a representantes institucionales<\/strong> que buscan cerrar acuerdos que potencien aspectos como la movilidad de estudiantes y docentes, el desarrollo de programas acad\u00e9micos conjuntos o el impulso de nuevas alianzas internacionales.<\/p>\n<p>La delegaci\u00f3n andaluza que est\u00e1 presente en San Diego est\u00e1 compuesta por el rector de la Universidad Internacional de Andaluc\u00eda, <strong>Jos\u00e9 Ignacio Garc\u00eda<\/strong>, as\u00ed como responsables de vicerrectorados, de direcciones generales y de oficinas de internacionalizaci\u00f3n de las diez universidades p\u00fablicas.<\/p>\n<p>La Universidad Pablo de Olavide ha estado representada por <strong>Mari\u00e1n Mor\u00f3n<\/strong>, vicerrectora de Internacionalizaci\u00f3n, que ha acudido junto a <strong>Joanna Wandycz<\/strong>, directora del <a href=\"https:\/\/www.upo.es\/intl\/\">Centro Universitario Internacional (CUI)<\/a>. La mayor\u00eda del estudiantado internacional de los programas del CUI proviene de Estados Unidos, donde tiene convenio con diferentes universidades, aunque tambi\u00e9n hay alumnado de pa\u00edses europeos, asi\u00e1ticos y de Centro y Sudam\u00e9rica.<\/p>\n<p>Fuente: UNIA | Universidades P\u00fablicas de Andaluc\u00eda<\/p>\n","protected":false},"excerpt":{"rendered":"<p>Las diez universidades p\u00fablicas andaluzas participan esta semana en NAFSA 2025, el mayor encuentro internacional sobre Educaci\u00f3n Superior que re\u00fane en la ciudad de San Diego (Estados Unidos) a cerca de 9.000 representantes de 110 pa\u00edses. Lo hacen bajo el lema &#8216;Destino: universidades p\u00fablicas en Andaluc\u00eda&#8217;, proyectando de manera com\u00fan su potencial como sistema educativo y cient\u00edfico, con m\u00e1s de 245.000 estudiantes y cerca de 19.000 docentes e investigadores.<\/p>\n","protected":false},"author":6,"featured_media":30886853,"comment_status":"closed","ping_status":"open","sticky":false,"template":"","format":"standard","meta":{"_monsterinsights_skip_tracking":false,"_monsterinsights_sitenote_active":false,"_monsterinsights_sitenote_note":"","_monsterinsights_sitenote_category":0,"footnotes":""},"categories":[6],"tags":[190,155,1201,1496,3531,925,1712,8826,170,9052],"class_list":["post-30886851","post","type-post","status-publish","format-standard","has-post-thumbnail","hentry","category-institucional","tag-andalucia","tag-centro-universitario-internacional","tag-doble-grado-internacional","tag-estados-unidos","tag-estudiantes-internacionales","tag-internacionalizacion","tag-jose-ignacio-garcia","tag-sistema-universitario-publico-andaluz","tag-unia","tag-universidades-publicas-de-andalucia"],"_links":{"self":[{"href":"https:\/\/www.upo.es\/diario\/wp-json\/wp\/v2\/posts\/30886851","targetHints":{"allow":["GET"]}}],"collection":[{"href":"https:\/\/www.upo.es\/diario\/wp-json\/wp\/v2\/posts"}],"about":[{"href":"https:\/\/www.upo.es\/diario\/wp-json\/wp\/v2\/types\/post"}],"author":[{"embeddable":true,"href":"https:\/\/www.upo.es\/diario\/wp-json\/wp\/v2\/users\/6"}],"replies":[{"embeddable":true,"href":"https:\/\/www.upo.es\/diario\/wp-json\/wp\/v2\/comments?post=30886851"}],"version-history":[{"count":7,"href":"https:\/\/www.upo.es\/diario\/wp-json\/wp\/v2\/posts\/30886851\/revisions"}],"predecessor-version":[{"id":30886878,"href":"https:\/\/www.upo.es\/diario\/wp-json\/wp\/v2\/posts\/30886851\/revisions\/30886878"}],"wp:featuredmedia":[{"embeddable":true,"href":"https:\/\/www.upo.es\/diario\/wp-json\/wp\/v2\/media\/30886853"}],"wp:attachment":[{"href":"https:\/\/www.upo.es\/diario\/wp-json\/wp\/v2\/media?parent=30886851"}],"wp:term":[{"taxonomy":"category","embeddable":true,"href":"https:\/\/www.upo.es\/diario\/wp-json\/wp\/v2\/categories?post=30886851"},{"taxonomy":"post_tag","embeddable":true,"href":"https:\/\/www.upo.es\/diario\/wp-json\/wp\/v2\/tags?post=30886851"}],"curies":[{"name":"wp","href":"https:\/\/api.w.org\/{rel}","templated":true}]}}