{"id":30886870,"date":"2025-05-29T18:10:51","date_gmt":"2025-05-29T16:10:51","guid":{"rendered":"https:\/\/www.upo.es\/diario\/?p=30886870"},"modified":"2025-05-29T18:10:51","modified_gmt":"2025-05-29T16:10:51","slug":"madres-de-europa-un-proyecto-para-reivindicar-la-contribucion-de-las-mujeres-en-la-historia-y-la-construccion-de-la-ue","status":"publish","type":"post","link":"https:\/\/www.upo.es\/diario\/cultura-social\/2025\/05\/madres-de-europa-un-proyecto-para-reivindicar-la-contribucion-de-las-mujeres-en-la-historia-y-la-construccion-de-la-ue\/","title":{"rendered":"\u2018Madres de Europa\u2019, un proyecto para reivindicar la contribuci\u00f3n de las mujeres en la historia y la construcci\u00f3n de la UE"},"content":{"rendered":"<figure id=\"attachment_30886872\" aria-describedby=\"caption-attachment-30886872\" style=\"width: 750px\" class=\"wp-caption aligncenter\"><a href=\"https:\/\/www.upo.es\/diario\/wp-content\/uploads\/2025\/05\/29052025-Madres-de-Europa-7062-scaled.jpg\"><img loading=\"lazy\" decoding=\"async\" class=\"size-large wp-image-30886872\" src=\"https:\/\/www.upo.es\/diario\/wp-content\/uploads\/2025\/05\/29052025-Madres-de-Europa-7062-750x422.jpg\" alt=\"Exposici\u00f3n 'Madres de Europa' en la Biblioteca\/CRAI\" width=\"750\" height=\"422\" srcset=\"https:\/\/www.upo.es\/diario\/wp-content\/uploads\/2025\/05\/29052025-Madres-de-Europa-7062-750x422.jpg 750w, https:\/\/www.upo.es\/diario\/wp-content\/uploads\/2025\/05\/29052025-Madres-de-Europa-7062-420x236.jpg 420w, https:\/\/www.upo.es\/diario\/wp-content\/uploads\/2025\/05\/29052025-Madres-de-Europa-7062-768x432.jpg 768w, https:\/\/www.upo.es\/diario\/wp-content\/uploads\/2025\/05\/29052025-Madres-de-Europa-7062-1536x864.jpg 1536w, https:\/\/www.upo.es\/diario\/wp-content\/uploads\/2025\/05\/29052025-Madres-de-Europa-7062-2048x1152.jpg 2048w, https:\/\/www.upo.es\/diario\/wp-content\/uploads\/2025\/05\/29052025-Madres-de-Europa-7062-1320x743.jpg 1320w\" sizes=\"auto, (max-width: 750px) 100vw, 750px\" \/><\/a><figcaption id=\"caption-attachment-30886872\" class=\"wp-caption-text\">Exposici\u00f3n &#8216;Madres de Europa&#8217; en la Biblioteca\/CRAI<\/figcaption><\/figure>\n<p>En la historia de la Uni\u00f3n Europea siempre se ha hablado de los \u2018Padres de Europa\u2019. Junto a Jean Monnet y Robert Schuman, Konrad Adenauer, Alcide De Gasperi y Paul-Henri Spaak han sido considerados los pioneros que fundaron las bases y los principios de la uni\u00f3n del continente tras la II Guerra Mundial. Para ampliar esta perspectiva hist\u00f3rica, la UE \u2014que incluye ya a varias mujeres en su <a href=\"https:\/\/european-union.europa.eu\/principles-countries-history\/history-eu\/eu-pioneers_es\">lista de personas que con su liderazgo y visi\u00f3n<\/a> contribuyeron al desarrollo de los valores de Europa\u2014, ha financiado el proyecto \u2018<strong><em>Mothers of Europe<\/em><\/strong>\u2019, cuya exposici\u00f3n puede visitarse en la Biblioteca-CRAI y que ha contado con un acto de presentaci\u00f3n presidido por <strong>Laura G\u00f3mez<\/strong>, vicerrectora de Cultura y Pol\u00edticas Sociales de la Universidad, y con la escritora y fotoperiodista <strong>Carmen Barrios<\/strong> como conferenciante invitada.<\/p>\n<p>\u2018<strong>Madres de Europa. Pioneras de la democracia\u2019<\/strong> est\u00e1 formada por la trayectoria vital de 18 mujeres seleccionadas por seis entidades de <strong>Polonia, Hungr\u00eda, Alemania, Grecia, Chequia y Espa\u00f1a<\/strong>, que han investigado y seleccionado a tres mujeres emblem\u00e1ticas de cada pa\u00eds. Todas ellas favorecieron de un modo u otro el avance de la justicia, de los derechos humanos y de la democracia en Europa.<\/p>\n<figure id=\"attachment_30886873\" aria-describedby=\"caption-attachment-30886873\" style=\"width: 420px\" class=\"wp-caption alignright\"><a href=\"https:\/\/www.upo.es\/diario\/wp-content\/uploads\/2025\/05\/29052025-Madres-de-Europa-7103-scaled.jpg\"><img loading=\"lazy\" decoding=\"async\" class=\"size-medium wp-image-30886873\" src=\"https:\/\/www.upo.es\/diario\/wp-content\/uploads\/2025\/05\/29052025-Madres-de-Europa-7103-420x236.jpg\" alt=\"Carmen Barrios (centro) en la presentaci\u00f3n de la Exposici\u00f3n, junto a Jes\u00fas Delgado y Marcela Guerrero\" width=\"420\" height=\"236\" srcset=\"https:\/\/www.upo.es\/diario\/wp-content\/uploads\/2025\/05\/29052025-Madres-de-Europa-7103-420x236.jpg 420w, https:\/\/www.upo.es\/diario\/wp-content\/uploads\/2025\/05\/29052025-Madres-de-Europa-7103-750x422.jpg 750w, https:\/\/www.upo.es\/diario\/wp-content\/uploads\/2025\/05\/29052025-Madres-de-Europa-7103-768x432.jpg 768w, https:\/\/www.upo.es\/diario\/wp-content\/uploads\/2025\/05\/29052025-Madres-de-Europa-7103-1536x864.jpg 1536w, https:\/\/www.upo.es\/diario\/wp-content\/uploads\/2025\/05\/29052025-Madres-de-Europa-7103-2048x1152.jpg 2048w, https:\/\/www.upo.es\/diario\/wp-content\/uploads\/2025\/05\/29052025-Madres-de-Europa-7103-1320x743.jpg 1320w\" sizes=\"auto, (max-width: 420px) 100vw, 420px\" \/><\/a><figcaption id=\"caption-attachment-30886873\" class=\"wp-caption-text\">Carmen Barrios (centro) en la presentaci\u00f3n de la Exposici\u00f3n, junto a Jes\u00fas Delgado y Marcela Guerrero<\/figcaption><\/figure>\n<p>En su intervenci\u00f3n, Carmen Barrios ha vinculado la actividad de las mujeres en el \u00e1mbito de los cuidados \u2014\u00abel primer acto civilizatorio de la historia humana\u00bb\u2014 con la construcci\u00f3n social de Europa, \u00abya que las mujeres nos hemos dedicado, no solo a cuidar de nuestras familias, sino tambi\u00e9n a cuidar el cuerpo social\u00bb.<\/p>\n<p>Tal como se\u00f1ala Micha\u0142 S\u0119k en la introducci\u00f3n de \u2018Mothers of Europe\u2019: \u00abLa historia de la Europa del siglo XX es claramente visible en las biograf\u00edas de estas mujeres. Primero lucharon contra los autoritarismos: el nazismo en Alemania, el fascismo en Espa\u00f1a y Grecia, y el comunismo en la Rep\u00fablica Checa, Polonia y Hungr\u00eda. Estuvieron involucradas en actividades de oposici\u00f3n (como la checa Olga Havlov\u00e1, la polaca Anna Walentynowicz), defendieron a los opositores en los tribunales (como la checa Dagmar Bure\u0161ov\u00e1, la h\u00fangara Anna K\u00e9thly, las espa\u00f1olas Paca Sauquillo y Dulcinea Bellido y la griega Agni Roussopoulou) o actuaron en nombre de los m\u00e1s excluidos (como Ottilia Solt)\u00bb.<\/p>\n<p><strong><a href=\"https:\/\/www.upo.es\/diario\/wp-content\/uploads\/2025\/05\/Carteles_Cartel-MoE-Sevilla-scaled.jpg\"><img loading=\"lazy\" decoding=\"async\" class=\"alignright size-medium wp-image-30886874\" src=\"https:\/\/www.upo.es\/diario\/wp-content\/uploads\/2025\/05\/Carteles_Cartel-MoE-Sevilla-336x420.jpg\" alt=\"\u2018Madres de Europa. Pioneras de la democracia\u2019 \" width=\"336\" height=\"420\" srcset=\"https:\/\/www.upo.es\/diario\/wp-content\/uploads\/2025\/05\/Carteles_Cartel-MoE-Sevilla-336x420.jpg 336w, https:\/\/www.upo.es\/diario\/wp-content\/uploads\/2025\/05\/Carteles_Cartel-MoE-Sevilla-420x525.jpg 420w, https:\/\/www.upo.es\/diario\/wp-content\/uploads\/2025\/05\/Carteles_Cartel-MoE-Sevilla-768x960.jpg 768w, https:\/\/www.upo.es\/diario\/wp-content\/uploads\/2025\/05\/Carteles_Cartel-MoE-Sevilla-1229x1536.jpg 1229w, https:\/\/www.upo.es\/diario\/wp-content\/uploads\/2025\/05\/Carteles_Cartel-MoE-Sevilla-1638x2048.jpg 1638w, https:\/\/www.upo.es\/diario\/wp-content\/uploads\/2025\/05\/Carteles_Cartel-MoE-Sevilla-1320x1650.jpg 1320w, https:\/\/www.upo.es\/diario\/wp-content\/uploads\/2025\/05\/Carteles_Cartel-MoE-Sevilla-scaled.jpg 2048w\" sizes=\"auto, (max-width: 336px) 100vw, 336px\" \/><\/a>Melina Mercouri, Agni Roussopoulou, Betty Vakalidou, Dagmar Bure\u0161ov\u00e1, Olga Havlov\u00e1, L\u00edda Raku\u0161anov\u00e1, Dulcinea Bellido, Carmen D\u00edez de Rivera, Francisca Sauquillo, Hannah Arendt, Ursula Hirschmann, Nelly Sachs, Danuta H\u00fcbner, Anna Walentynowicz, Agnieszka Holland, Dorka Gryllus, Anna K\u00e9thly y Ottilia Solt<\/strong>, \u2018Madres de Europa\u2019. Todas ellas han sido seleccionadas por su defensa de los derechos humanos, su trabajo intelectual, el activismo y la disidencia ante la falta de libertades, o su trayectoria en la pol\u00edtica y en las artes.<\/p>\n<p>La presentaci\u00f3n de la exposici\u00f3n ha servido como acto de clausura del <strong><a href=\"https:\/\/www.upo.es\/master\/Master-Oficial-Derechos-Humanos-Interculturalidad-y-Desarrollo\/\">M\u00e1ster Universitario Derechos Humanos, Interculturalidad y Desarrollo<\/a><\/strong>. Su codirector,<strong> Francisco<\/strong> <strong>Infante<\/strong>, catedr\u00e1tico de Derecho Civil de la Olavide, ha se\u00f1alado c\u00f3mo hoy \u00ablos derechos humanos est\u00e1n siendo negados por los conflictos, como los que se viven en Gaza y Ucrania, y por los personajes hist\u00f3ricos actuales, y los derechos de las mujeres son los primeros en verse agredidos y en ser invisibilizados\u00bb. \u00abEuropa no debe olvidar a sus madres fundadoras, y tampoco Espa\u00f1a debe olvidar a sus madres constituyentes\u00bb, ha afirmado, en alusi\u00f3n a que en nuestro pa\u00eds tambi\u00e9n tenemos como referentes a los \u2018Padres de la Constituci\u00f3n\u2019.<\/p>\n<p>El Proyecto \u2018Mothers of Europe\u2019 ha sido desarrollado por Bronis\u0142aw Geremek Foundation y Polish Robert Schuman Foundation (Polonia); Magyarorszagi Europa Tarsasag (Hungr\u00eda), Alliance4Europe GGMBH (Alemania); Inter Alia (Grecia); Knihovna Vaclava Havla (Chequia); y Coglobal (Espa\u00f1a). Su presencia en el campus ha sido impulsada por el Vicerrectorado de Cultura y Pol\u00edticas Sociales de la Universidad Pablo de Olabide junto a Coglobal, con el apoyo de la Universidad de C\u00f3rdoba.<\/p>\n<p>&nbsp;<\/p>\n<p>&nbsp;<\/p>\n","protected":false},"excerpt":{"rendered":"<p>En la historia de la Uni\u00f3n Europea siempre se ha hablado de los \u2018Padres de Europa\u2019. Junto a Jean Monnet y Robert Schuman, Konrad Adenauer, Alcide De Gasperi y Paul-Henri Spaak han sido considerados los pioneros que fundaron las bases y los principios de la uni\u00f3n del continente tras la II Guerra Mundial. Para ampliar esta perspectiva hist\u00f3rica, la UE<a class=\"read-more\" href=\"https:\/\/www.upo.es\/diario\/cultura-social\/2025\/05\/madres-de-europa-un-proyecto-para-reivindicar-la-contribucion-de-las-mujeres-en-la-historia-y-la-construccion-de-la-ue\/\">[Read More&#8230;]<\/a><\/p>\n","protected":false},"author":6,"featured_media":30886876,"comment_status":"closed","ping_status":"open","sticky":false,"template":"","format":"standard","meta":{"_monsterinsights_skip_tracking":false,"_monsterinsights_sitenote_active":false,"_monsterinsights_sitenote_note":"","_monsterinsights_sitenote_category":0,"footnotes":""},"categories":[5843],"tags":[2491,744,92,454,74,2349,150,7824,1577,68,7194],"class_list":["post-30886870","post","type-post","status-publish","format-standard","has-post-thumbnail","hentry","category-cultura-social","tag-biblioteca-crai","tag-democracia","tag-derechos-humanos","tag-europa","tag-exposiciones","tag-genero-e-igualdad","tag-historia","tag-laura-gomez-ruiz","tag-master-universitario","tag-union-europea","tag-vicerrectorado-de-cultura-y-politicas-sociales"],"_links":{"self":[{"href":"https:\/\/www.upo.es\/diario\/wp-json\/wp\/v2\/posts\/30886870","targetHints":{"allow":["GET"]}}],"collection":[{"href":"https:\/\/www.upo.es\/diario\/wp-json\/wp\/v2\/posts"}],"about":[{"href":"https:\/\/www.upo.es\/diario\/wp-json\/wp\/v2\/types\/post"}],"author":[{"embeddable":true,"href":"https:\/\/www.upo.es\/diario\/wp-json\/wp\/v2\/users\/6"}],"replies":[{"embeddable":true,"href":"https:\/\/www.upo.es\/diario\/wp-json\/wp\/v2\/comments?post=30886870"}],"version-history":[{"count":3,"href":"https:\/\/www.upo.es\/diario\/wp-json\/wp\/v2\/posts\/30886870\/revisions"}],"predecessor-version":[{"id":30886877,"href":"https:\/\/www.upo.es\/diario\/wp-json\/wp\/v2\/posts\/30886870\/revisions\/30886877"}],"wp:featuredmedia":[{"embeddable":true,"href":"https:\/\/www.upo.es\/diario\/wp-json\/wp\/v2\/media\/30886876"}],"wp:attachment":[{"href":"https:\/\/www.upo.es\/diario\/wp-json\/wp\/v2\/media?parent=30886870"}],"wp:term":[{"taxonomy":"category","embeddable":true,"href":"https:\/\/www.upo.es\/diario\/wp-json\/wp\/v2\/categories?post=30886870"},{"taxonomy":"post_tag","embeddable":true,"href":"https:\/\/www.upo.es\/diario\/wp-json\/wp\/v2\/tags?post=30886870"}],"curies":[{"name":"wp","href":"https:\/\/api.w.org\/{rel}","templated":true}]}}