{"id":30886892,"date":"2025-05-30T09:07:07","date_gmt":"2025-05-30T07:07:07","guid":{"rendered":"https:\/\/www.upo.es\/diario\/?p=30886892"},"modified":"2025-05-30T17:09:25","modified_gmt":"2025-05-30T15:09:25","slug":"premio-olga-soto-solidaridad-graduacion-educacionsocial","status":"publish","type":"post","link":"https:\/\/www.upo.es\/diario\/comunidad\/2025\/05\/premio-olga-soto-solidaridad-graduacion-educacionsocial\/","title":{"rendered":"Entrega del Premio \u201cOlga Soto\u2019 a la solidaridad en la graduaci\u00f3n de la promoci\u00f3n 2021\/25 del Grado en Educaci\u00f3n Social"},"content":{"rendered":"<figure id=\"attachment_30886894\" aria-describedby=\"caption-attachment-30886894\" style=\"width: 750px\" class=\"wp-caption aligncenter\"><a href=\"https:\/\/www.upo.es\/diario\/wp-content\/uploads\/2025\/05\/EducacionSocial-11-scaled.jpeg\"><img loading=\"lazy\" decoding=\"async\" class=\"size-large wp-image-30886894\" src=\"https:\/\/www.upo.es\/diario\/wp-content\/uploads\/2025\/05\/EducacionSocial-11-750x422.jpeg\" alt=\"\" width=\"750\" height=\"422\" srcset=\"https:\/\/www.upo.es\/diario\/wp-content\/uploads\/2025\/05\/EducacionSocial-11-750x422.jpeg 750w, https:\/\/www.upo.es\/diario\/wp-content\/uploads\/2025\/05\/EducacionSocial-11-420x237.jpeg 420w, https:\/\/www.upo.es\/diario\/wp-content\/uploads\/2025\/05\/EducacionSocial-11-768x432.jpeg 768w, https:\/\/www.upo.es\/diario\/wp-content\/uploads\/2025\/05\/EducacionSocial-11-1536x865.jpeg 1536w, https:\/\/www.upo.es\/diario\/wp-content\/uploads\/2025\/05\/EducacionSocial-11-2048x1153.jpeg 2048w, https:\/\/www.upo.es\/diario\/wp-content\/uploads\/2025\/05\/EducacionSocial-11-1320x743.jpeg 1320w\" sizes=\"auto, (max-width: 750px) 100vw, 750px\" \/><\/a><figcaption id=\"caption-attachment-30886894\" class=\"wp-caption-text\">Promoci\u00f3n 2021\/25 del Grado en Educaci\u00f3n Social de la UPO<\/figcaption><\/figure>\n<p><strong>La promoci\u00f3n 2021\/2025 del Grado en Educaci\u00f3n Social<\/strong> celebr\u00f3 su ceremonia de graduaci\u00f3n ayer jueves en el Paraninfo de la Universidad Pablo de Olavide. Durante el acto, que fue presidido por el decano de la Facultad de Ciencias Sociales, Juan Miguel G\u00f3mez Espino, se entreg\u00f3 <strong>el Premio \u2018Olga Soto\u2019 a la solidaridad a la egresada Sonia Monta\u00f1o Silva por su compromiso social.<\/strong><strong>\u00a0<\/strong><\/p>\n<p>El <strong>Premio \u201cOlga Soto\u201d a la solidaridad<\/strong>, en homenaje a la profesora del \u00c1rea de Salud P\u00fablica y Medicina Preventiva Olga Soto Pe\u00f1a fallecida en 2023, reconoce a estudiantes que, al final de sus estudios, han acreditado trayectorias destacadas de compromiso social, as\u00ed como que hayan atravesado situaciones de especial dificultad que merezcan el reconocimiento de sus compa\u00f1eros y compa\u00f1eras.<\/p>\n<p>Los egresados y egresadas del Grado en Educaci\u00f3n Social tuvieron como <strong>padrino de la promoci\u00f3n a Gonzalo del Moral Arroyo, profesor del \u00c1rea de Psicolog\u00eda Social de la UPO.<\/strong> A la ceremonia tambi\u00e9n han asistido, como profesor predilecto, Crist\u00f3bal Torres Fern\u00e1ndez del \u00c1rea de Teor\u00eda e Historia de la Educaci\u00f3n de la UPO; Virginia Mart\u00ednez Lozano, vicedecana de Estudiantes, Movilidad y Compromiso Social; y a Roc\u00edo C\u00e1rdenas Rodr\u00edguez, secretaria de la Facultad de Ciencias Sociales.<\/p>\n<figure id=\"attachment_30886893\" aria-describedby=\"caption-attachment-30886893\" style=\"width: 420px\" class=\"wp-caption alignright\"><a href=\"https:\/\/www.upo.es\/diario\/wp-content\/uploads\/2025\/05\/EducacionSocial-3-scaled.jpeg\"><img loading=\"lazy\" decoding=\"async\" class=\"wp-image-30886893 size-medium\" src=\"https:\/\/www.upo.es\/diario\/wp-content\/uploads\/2025\/05\/EducacionSocial-3-scaled-e1748617674246-420x376.jpeg\" alt=\"\" width=\"420\" height=\"376\" srcset=\"https:\/\/www.upo.es\/diario\/wp-content\/uploads\/2025\/05\/EducacionSocial-3-scaled-e1748617674246-420x376.jpeg 420w, https:\/\/www.upo.es\/diario\/wp-content\/uploads\/2025\/05\/EducacionSocial-3-scaled-e1748617674246-587x525.jpeg 587w, https:\/\/www.upo.es\/diario\/wp-content\/uploads\/2025\/05\/EducacionSocial-3-scaled-e1748617674246-768x687.jpeg 768w, https:\/\/www.upo.es\/diario\/wp-content\/uploads\/2025\/05\/EducacionSocial-3-scaled-e1748617674246-1320x1181.jpeg 1320w, https:\/\/www.upo.es\/diario\/wp-content\/uploads\/2025\/05\/EducacionSocial-3-scaled-e1748617674246.jpeg 1442w\" sizes=\"auto, (max-width: 420px) 100vw, 420px\" \/><\/a><figcaption id=\"caption-attachment-30886893\" class=\"wp-caption-text\">Carmela Dolores Acevedo y Mar\u00eda Carrascosa, fueron las estudiantes que dieron el discurso de Fin de Grado.<\/figcaption><\/figure>\n<p>En representaci\u00f3n del alumnado egresado, pronunciaron los discursos Carmela Dolores Acevedo Hern\u00e1ndez y Mar\u00eda Carrascosa Falc\u00f3n. Un total de 53 egresados y egresadas asistieron, junto a sus familiares, a este acto con el que la Universidad Pablo de Olavide recupera una antigua tradici\u00f3n de las universidades europeas.<\/p>\n","protected":false},"excerpt":{"rendered":"<p>La promoci\u00f3n 2021\/2025 del Grado en Educaci\u00f3n Social celebr\u00f3 su ceremonia de graduaci\u00f3n en el Paraninfo de la Universidad Pablo de Olavide. Durante el acto, que fue presidido por el decano de la Facultad de Ciencias Sociales, Juan Miguel G\u00f3mez Espino, se entreg\u00f3 el Premio \u2018Olga Soto\u2019 a la solidaridad a la egresada Sonia Monta\u00f1o Silva por su compromiso social.\u00a0<\/p>\n","protected":false},"author":4,"featured_media":30886894,"comment_status":"closed","ping_status":"open","sticky":false,"template":"","format":"standard","meta":{"_monsterinsights_skip_tracking":false,"_monsterinsights_sitenote_active":false,"_monsterinsights_sitenote_note":"","_monsterinsights_sitenote_category":0,"footnotes":""},"categories":[5842],"tags":[581,487,4176,2372,5042,8832],"class_list":["post-30886892","post","type-post","status-publish","format-standard","has-post-thumbnail","hentry","category-comunidad","tag-ceremonia-de-egresados","tag-facultad-ciencias-sociales","tag-fin-de-grado","tag-grado-en-educacion-social","tag-graduacion","tag-premio-olga-soto"],"_links":{"self":[{"href":"https:\/\/www.upo.es\/diario\/wp-json\/wp\/v2\/posts\/30886892","targetHints":{"allow":["GET"]}}],"collection":[{"href":"https:\/\/www.upo.es\/diario\/wp-json\/wp\/v2\/posts"}],"about":[{"href":"https:\/\/www.upo.es\/diario\/wp-json\/wp\/v2\/types\/post"}],"author":[{"embeddable":true,"href":"https:\/\/www.upo.es\/diario\/wp-json\/wp\/v2\/users\/4"}],"replies":[{"embeddable":true,"href":"https:\/\/www.upo.es\/diario\/wp-json\/wp\/v2\/comments?post=30886892"}],"version-history":[{"count":1,"href":"https:\/\/www.upo.es\/diario\/wp-json\/wp\/v2\/posts\/30886892\/revisions"}],"predecessor-version":[{"id":30886897,"href":"https:\/\/www.upo.es\/diario\/wp-json\/wp\/v2\/posts\/30886892\/revisions\/30886897"}],"wp:featuredmedia":[{"embeddable":true,"href":"https:\/\/www.upo.es\/diario\/wp-json\/wp\/v2\/media\/30886894"}],"wp:attachment":[{"href":"https:\/\/www.upo.es\/diario\/wp-json\/wp\/v2\/media?parent=30886892"}],"wp:term":[{"taxonomy":"category","embeddable":true,"href":"https:\/\/www.upo.es\/diario\/wp-json\/wp\/v2\/categories?post=30886892"},{"taxonomy":"post_tag","embeddable":true,"href":"https:\/\/www.upo.es\/diario\/wp-json\/wp\/v2\/tags?post=30886892"}],"curies":[{"name":"wp","href":"https:\/\/api.w.org\/{rel}","templated":true}]}}