{"id":30886908,"date":"2025-05-30T19:40:17","date_gmt":"2025-05-30T17:40:17","guid":{"rendered":"https:\/\/www.upo.es\/diario\/?p=30886908"},"modified":"2025-07-09T12:04:23","modified_gmt":"2025-07-09T10:04:23","slug":"el-titulo-propio-fevida-de-la-universidad-pablo-de-olavide-clausura-su-octava-edicion","status":"publish","type":"post","link":"https:\/\/www.upo.es\/diario\/comunidad\/2025\/05\/el-titulo-propio-fevida-de-la-universidad-pablo-de-olavide-clausura-su-octava-edicion\/","title":{"rendered":"El t\u00edtulo propio FEVIDA de la Universidad Pablo de Olavide clausura su octava edici\u00f3n"},"content":{"rendered":"<p><a href=\"https:\/\/www.upo.es\/diario\/wp-content\/uploads\/2025\/05\/IMG_7166-scaled.jpg\"><img loading=\"lazy\" decoding=\"async\" class=\"aligncenter wp-image-30886914 size-large\" src=\"https:\/\/www.upo.es\/diario\/wp-content\/uploads\/2025\/05\/IMG_7166-750x500.jpg\" alt=\"La clausura de FEVIDA ha estado presidida por el rector de la UPO, Francisco Oliva y ha contado con la presencia de la jefa del Departamento de Universidades y Promoci\u00f3n del Talento joven de la Fundaci\u00f3n ONCE, Silvia Duarte; la directora acad\u00e9mica del t\u00edtulo, Rosa Mar\u00eda D\u00edaz; la presidenta de Down Sevilla, Mercedes M\u00e1rquez; y el director de proyectos de Paz y Bien, Jos\u00e9 Luis Gordillo. Adem\u00e1s, tambi\u00e9n han participado en representaci\u00f3n del estudiantado Martina Fern\u00e1ndez y Mario Jes\u00fas Salom\u00f3n, alumnos de esta edici\u00f3n. \" width=\"750\" height=\"500\" srcset=\"https:\/\/www.upo.es\/diario\/wp-content\/uploads\/2025\/05\/IMG_7166-750x500.jpg 750w, https:\/\/www.upo.es\/diario\/wp-content\/uploads\/2025\/05\/IMG_7166-420x280.jpg 420w, https:\/\/www.upo.es\/diario\/wp-content\/uploads\/2025\/05\/IMG_7166-768x512.jpg 768w, https:\/\/www.upo.es\/diario\/wp-content\/uploads\/2025\/05\/IMG_7166-1536x1024.jpg 1536w, https:\/\/www.upo.es\/diario\/wp-content\/uploads\/2025\/05\/IMG_7166-2048x1365.jpg 2048w, https:\/\/www.upo.es\/diario\/wp-content\/uploads\/2025\/05\/IMG_7166-165x109.jpg 165w, https:\/\/www.upo.es\/diario\/wp-content\/uploads\/2025\/05\/IMG_7166-1320x880.jpg 1320w\" sizes=\"auto, (max-width: 750px) 100vw, 750px\" \/><\/a>El Paraninfo de la Universidad Pablo de Olavide ha acogido la ceremonia de clausura y acto de graduaci\u00f3n del alumnado del <strong>certificado universitario \u2018Formaci\u00f3n para el empleo y la vida aut\u00f3noma de personas con discapacidad intelectual (FEVIDA)\u2019<\/strong> del curso acad\u00e9mico 2024\/2025, un t\u00edtulo propio que ha clausurado su octava edici\u00f3n y que cuenta con la financiaci\u00f3n de la Fundaci\u00f3n ONCE a trav\u00e9s del Fondo Social Europeo.<\/p>\n<p>Desde el mes de octubre, un total de <strong>diecisiete estudiantes con diversidad funcional han participado en este programa formativo que cuenta con una carga lectiva de 30 ECTS<\/strong> y que entre sus materias incluyen diferentes asignaturas que fomentan la inserci\u00f3n laboral y el desarrollo aut\u00f3nomo y personal de estas personas. Adem\u00e1s, entre las actividades para el fomento de su autonom\u00eda, el programa contempla una semana de inmersi\u00f3n comunitaria en el Complejo Universitario Flora Trist\u00e1n, celebrada en el mes de febrero y durante la cual el alumnado ha podido convivir con otros estudiantes y demostrar dotes de la autonom\u00eda personal que les ha otorgado este programa.<\/p>\n<p>La clausura de FEVIDA ha estado presidida por el rector de la UPO, Francisco Oliva y ha contado con la presencia de la jefa del Departamento de Universidades y Promoci\u00f3n del Talento joven de la Fundaci\u00f3n ONCE, Silvia Duarte; la directora acad\u00e9mica del t\u00edtulo, Rosa Mar\u00eda D\u00edaz; la presidenta de Down Sevilla, Mercedes M\u00e1rquez; y el director de proyectos de Paz y Bien, Jos\u00e9 Luis Gordillo. Adem\u00e1s, tambi\u00e9n han participado en representaci\u00f3n del estudiantado Martina Fern\u00e1ndez y Mario Jes\u00fas Salom\u00f3n, alumnos de esta edici\u00f3n.<\/p>\n<p>Durante el acto de graduaci\u00f3n de esta octava promoci\u00f3n, que ha estado apadrinada por el <strong>Campus EUSA de la C\u00e1mara de Comercio<\/strong>, se ha hecho una menci\u00f3n a las empresas y entidades que colaboran con este certificado universitario acogiendo alumnos y alumnas en pr\u00e1cticas y en especial a <strong>Hotel Petit Palace, Colegio Oficial de Registradores de Andaluc\u00eda Occidental, Quiquecicle, Grupo SIFA y \u00c1lvaro Moreno<\/strong>, incorporadas como centros de pr\u00e1cticas durante este curso acad\u00e9mico.<\/p>\n<p><strong>FEVIDA es un t\u00edtulo propio de la UPO, enfocado en la preparaci\u00f3n laboral de su estudiantado que se estructura en materias funcionales, human\u00edsticas y profesionales<\/strong>, que complementadas con actividades extracurriculares en el campus y actividades compartidas con alumnos y alumnas de grado y postgrado de la universidad enriquecen el programa para conseguir el objetivo planteado y la integraci\u00f3n en la vida social de las personas con diversidad funcional.<\/p>\n<p>El objetivo principal de este t\u00edtulo propio es la implicaci\u00f3n de la universidad en la inclusi\u00f3n social de las personas con discapacidad intelectual a trav\u00e9s de la formaci\u00f3n y la mejora de su acceso al empleo. Es un programa formativo consolidado, con ocho ediciones impartidas y m\u00e1s de 130 egresados y egresadas.<\/p>\n<p>Durante el curso acad\u00e9mico, este programa ha puesto en marcha un Plan de Acci\u00f3n Tutorial, que promovido por las tutoras acad\u00e9micas y profesoras del programa Antonia Corona y Teresa Terr\u00f3n, ha consistido en establecer un conjunto de estrategias y actividades planificadas para apoyar al alumnado durante el curso con el objetivo de acompa\u00f1ar, orientar y hacer seguimiento de su desarrollo personal, acad\u00e9mico y profesional a lo largo de este proceso formativo en la Universidad Pablo de Olavide.<\/p>\n<p>Este programa cuenta con la colaboraci\u00f3n de entidades como<strong> Asociaci\u00f3n Paz y Bien<\/strong> y <strong>Down Sevilla<\/strong> y con la gesti\u00f3n de la Fundaci\u00f3n Universidad Pablo de Olavide a trav\u00e9s del \u00c1rea de T\u00edtulos Propios.<\/p>\n<p>M\u00e1s informaci\u00f3n sobre el programa: <a href=\"https:\/\/www.upo.es\/formacionpermanente\/certificado-universitario\/formacion-para-el-empleo-y-la-vida-autonoma\/\">Formaci\u00f3n para el empleo y la vida aut\u00f3noma de personas discapacidad intelectual (FEVIDA)<\/a><\/p>\n<p><a href=\"https:\/\/www.upo.es\/diario\/wp-content\/uploads\/2025\/05\/IMG_7285-scaled.jpg\"><img loading=\"lazy\" decoding=\"async\" class=\"aligncenter size-large wp-image-30886911\" src=\"https:\/\/www.upo.es\/diario\/wp-content\/uploads\/2025\/05\/IMG_7285-750x500.jpg\" alt=\"\" width=\"750\" height=\"500\" srcset=\"https:\/\/www.upo.es\/diario\/wp-content\/uploads\/2025\/05\/IMG_7285-750x500.jpg 750w, https:\/\/www.upo.es\/diario\/wp-content\/uploads\/2025\/05\/IMG_7285-420x280.jpg 420w, https:\/\/www.upo.es\/diario\/wp-content\/uploads\/2025\/05\/IMG_7285-768x512.jpg 768w, https:\/\/www.upo.es\/diario\/wp-content\/uploads\/2025\/05\/IMG_7285-1536x1024.jpg 1536w, https:\/\/www.upo.es\/diario\/wp-content\/uploads\/2025\/05\/IMG_7285-2048x1365.jpg 2048w, https:\/\/www.upo.es\/diario\/wp-content\/uploads\/2025\/05\/IMG_7285-165x109.jpg 165w, https:\/\/www.upo.es\/diario\/wp-content\/uploads\/2025\/05\/IMG_7285-1320x880.jpg 1320w\" sizes=\"auto, (max-width: 750px) 100vw, 750px\" \/><\/a><\/p>\n<p>Fuente: Fundaci\u00f3n Universidad Pablo de Olavide<\/p>\n","protected":false},"excerpt":{"rendered":"<p>El Paraninfo de la Universidad Pablo de Olavide ha acogido la ceremonia de clausura y acto de graduaci\u00f3n del alumnado del certificado universitario \u2018Formaci\u00f3n para el empleo y la vida aut\u00f3noma de personas con discapacidad intelectual (FEVIDA)\u2019 del curso acad\u00e9mico 2024\/2025, un t\u00edtulo propio que ha clausurado su octava edici\u00f3n y que cuenta con la financiaci\u00f3n de la Fundaci\u00f3n ONCE a trav\u00e9s del Fondo Social Europeo.<\/p>\n","protected":false},"author":6,"featured_media":30886914,"comment_status":"closed","ping_status":"open","sticky":false,"template":"","format":"standard","meta":{"_monsterinsights_skip_tracking":false,"_monsterinsights_sitenote_active":false,"_monsterinsights_sitenote_note":"","_monsterinsights_sitenote_category":0,"footnotes":""},"categories":[5842],"tags":[4499,3989,2474,2540,8067,1320],"class_list":["post-30886908","post","type-post","status-publish","format-standard","has-post-thumbnail","hentry","category-comunidad","tag-discapacidad-intelectual","tag-empleabilidad","tag-fundacion-universidad-pablo-de-olavide","tag-inclusion-social","tag-programa-fevida","tag-titulos-propios"],"_links":{"self":[{"href":"https:\/\/www.upo.es\/diario\/wp-json\/wp\/v2\/posts\/30886908","targetHints":{"allow":["GET"]}}],"collection":[{"href":"https:\/\/www.upo.es\/diario\/wp-json\/wp\/v2\/posts"}],"about":[{"href":"https:\/\/www.upo.es\/diario\/wp-json\/wp\/v2\/types\/post"}],"author":[{"embeddable":true,"href":"https:\/\/www.upo.es\/diario\/wp-json\/wp\/v2\/users\/6"}],"replies":[{"embeddable":true,"href":"https:\/\/www.upo.es\/diario\/wp-json\/wp\/v2\/comments?post=30886908"}],"version-history":[{"count":7,"href":"https:\/\/www.upo.es\/diario\/wp-json\/wp\/v2\/posts\/30886908\/revisions"}],"predecessor-version":[{"id":30887589,"href":"https:\/\/www.upo.es\/diario\/wp-json\/wp\/v2\/posts\/30886908\/revisions\/30887589"}],"wp:featuredmedia":[{"embeddable":true,"href":"https:\/\/www.upo.es\/diario\/wp-json\/wp\/v2\/media\/30886914"}],"wp:attachment":[{"href":"https:\/\/www.upo.es\/diario\/wp-json\/wp\/v2\/media?parent=30886908"}],"wp:term":[{"taxonomy":"category","embeddable":true,"href":"https:\/\/www.upo.es\/diario\/wp-json\/wp\/v2\/categories?post=30886908"},{"taxonomy":"post_tag","embeddable":true,"href":"https:\/\/www.upo.es\/diario\/wp-json\/wp\/v2\/tags?post=30886908"}],"curies":[{"name":"wp","href":"https:\/\/api.w.org\/{rel}","templated":true}]}}