{"id":30886928,"date":"2025-06-02T13:44:39","date_gmt":"2025-06-02T11:44:39","guid":{"rendered":"https:\/\/www.upo.es\/diario\/?p=30886928"},"modified":"2025-06-03T16:20:43","modified_gmt":"2025-06-03T14:20:43","slug":"proyecto-ai4uni-impulsa-upo-formacion-inteligencia-artificial-comunidad-universitaria","status":"publish","type":"post","link":"https:\/\/www.upo.es\/diario\/docencia-formacion\/2025\/06\/proyecto-ai4uni-impulsa-upo-formacion-inteligencia-artificial-comunidad-universitaria\/","title":{"rendered":"El proyecto AI4Uni impulsa desde la UPO la formaci\u00f3n en inteligencia artificial para la comunidad universitaria"},"content":{"rendered":"<p><a href=\"https:\/\/www.upo.es\/diario\/wp-content\/uploads\/2025\/06\/AI4Uni01-1-scaled.jpg\"><img loading=\"lazy\" decoding=\"async\" class=\"aligncenter size-large wp-image-30886924\" src=\"https:\/\/www.upo.es\/diario\/wp-content\/uploads\/2025\/06\/AI4Uni01-1-721x525.jpg\" alt=\"\" width=\"721\" height=\"525\" srcset=\"https:\/\/www.upo.es\/diario\/wp-content\/uploads\/2025\/06\/AI4Uni01-1-721x525.jpg 721w, https:\/\/www.upo.es\/diario\/wp-content\/uploads\/2025\/06\/AI4Uni01-1-420x306.jpg 420w, https:\/\/www.upo.es\/diario\/wp-content\/uploads\/2025\/06\/AI4Uni01-1-768x559.jpg 768w, https:\/\/www.upo.es\/diario\/wp-content\/uploads\/2025\/06\/AI4Uni01-1-1536x1119.jpg 1536w, https:\/\/www.upo.es\/diario\/wp-content\/uploads\/2025\/06\/AI4Uni01-1-2048x1492.jpg 2048w, https:\/\/www.upo.es\/diario\/wp-content\/uploads\/2025\/06\/AI4Uni01-1-1512x1100.jpg 1512w, https:\/\/www.upo.es\/diario\/wp-content\/uploads\/2025\/06\/AI4Uni01-1-1320x962.jpg 1320w\" sizes=\"auto, (max-width: 721px) 100vw, 721px\" \/><\/a><\/p>\n<p>Con el objetivo de impulsar la alfabetizaci\u00f3n en inteligencia artificial (IA) en el \u00e1mbito universitario, la Universidad Pablo de Olavide acoge a lo largo del d\u00eda de hoy una reuni\u00f3n de trabajo del <strong>proyecto internacional AI4Uni<\/strong>. Esta iniciativa, financiada por el programa Erasmus+ con un presupuesto de 250 000 euros, est\u00e1 coordinada por la <em>University of Szczecin<\/em> (Polonia), y cuenta con la participaci\u00f3n de la <em>Ostim Teknik \u00dcniversitesi<\/em> (Ankara, Turqu\u00eda), <em>University of Hadrec Kr\u00e1lov\u00e9<\/em> (Rep\u00fablica Checa) y <em>SGroup Universities in Europe<\/em>, adem\u00e1s de la Pablo de Olavide.<\/p>\n<figure id=\"attachment_30886926\" aria-describedby=\"caption-attachment-30886926\" style=\"width: 420px\" class=\"wp-caption alignright\"><a href=\"https:\/\/www.upo.es\/diario\/wp-content\/uploads\/2025\/06\/AI4Uni03-1-scaled.jpg\"><img loading=\"lazy\" decoding=\"async\" class=\"size-medium wp-image-30886926\" src=\"https:\/\/www.upo.es\/diario\/wp-content\/uploads\/2025\/06\/AI4Uni03-1-420x280.jpg\" alt=\"\" width=\"420\" height=\"280\" srcset=\"https:\/\/www.upo.es\/diario\/wp-content\/uploads\/2025\/06\/AI4Uni03-1-420x280.jpg 420w, https:\/\/www.upo.es\/diario\/wp-content\/uploads\/2025\/06\/AI4Uni03-1-750x500.jpg 750w, https:\/\/www.upo.es\/diario\/wp-content\/uploads\/2025\/06\/AI4Uni03-1-768x512.jpg 768w, https:\/\/www.upo.es\/diario\/wp-content\/uploads\/2025\/06\/AI4Uni03-1-1536x1024.jpg 1536w, https:\/\/www.upo.es\/diario\/wp-content\/uploads\/2025\/06\/AI4Uni03-1-2048x1365.jpg 2048w, https:\/\/www.upo.es\/diario\/wp-content\/uploads\/2025\/06\/AI4Uni03-1-165x109.jpg 165w, https:\/\/www.upo.es\/diario\/wp-content\/uploads\/2025\/06\/AI4Uni03-1-1320x880.jpg 1320w\" sizes=\"auto, (max-width: 420px) 100vw, 420px\" \/><\/a><figcaption id=\"caption-attachment-30886926\" class=\"wp-caption-text\">La vicerrectora de Internacionalizaci\u00f3n, Mari\u00e1n Mor\u00f3n Mart\u00edn, ha dado la bienvenida esta ma\u00f1ana.<\/figcaption><\/figure>\n<p>El proyecto AI4Uni plantea un enfoque integral basado en cuatro pasos para preparar a las universidades ante los retos y oportunidades que plantea la inteligencia artificial: desde el <strong>an\u00e1lisis normativo y \u00e9tico<\/strong>, pasando por la creaci\u00f3n de <strong>m\u00f3dulos formativos<\/strong>, la <strong>implementaci\u00f3n de soluciones tecnol\u00f3gicas <\/strong>adaptadas a cada instituci\u00f3n, hasta la <strong>divulgaci\u00f3n y creaci\u00f3n de redes de colaboraci\u00f3n<\/strong>. AI4Uni pretende as\u00ed generar un impacto duradero en la educaci\u00f3n superior europea.<\/p>\n<h3><strong>Papel clave de la UPO en el estudio \u00e9tico y formativo de la IA<\/strong><\/h3>\n<p>La UPO participa como socio activo en AI4Uni asumiendo un papel destacado en la <strong>coordinaci\u00f3n del Paquete de Trabajo 2 (WP2)<\/strong>, centrado en el an\u00e1lisis de la situaci\u00f3n actual de la IA en el \u00e1mbito universitario. El equipo de la UPO, liderado por las investigadoras <strong>Alicia Troncoso Lora<\/strong> y <strong>Elena de la Cova<\/strong>, trabaja en la elaboraci\u00f3n de un informe que estudia tanto el <strong>marco legal y \u00e9tico<\/strong> del uso de la IA como las <strong>necesidades en materia de formaci\u00f3n y divulgaci\u00f3n<\/strong> detectadas a trav\u00e9s de entrevistas a representantes de universidades europeas. Este diagn\u00f3stico servir\u00e1 de base para el dise\u00f1o de contenidos formativos sobre inteligencia artificial dirigidos al personal docente e investigador, personal t\u00e9cnico, de gesti\u00f3n y de administraci\u00f3n de servicios, y estudiantado, as\u00ed como a otras instituciones a nivel europeo.<\/p>\n<p><a href=\"https:\/\/www.upo.es\/diario\/wp-content\/uploads\/2025\/06\/AI4Uni02-1-scaled.jpg\"><img loading=\"lazy\" decoding=\"async\" class=\"alignleft size-medium wp-image-30886925\" src=\"https:\/\/www.upo.es\/diario\/wp-content\/uploads\/2025\/06\/AI4Uni02-1-420x280.jpg\" alt=\"\" width=\"420\" height=\"280\" srcset=\"https:\/\/www.upo.es\/diario\/wp-content\/uploads\/2025\/06\/AI4Uni02-1-420x280.jpg 420w, https:\/\/www.upo.es\/diario\/wp-content\/uploads\/2025\/06\/AI4Uni02-1-750x500.jpg 750w, https:\/\/www.upo.es\/diario\/wp-content\/uploads\/2025\/06\/AI4Uni02-1-768x512.jpg 768w, https:\/\/www.upo.es\/diario\/wp-content\/uploads\/2025\/06\/AI4Uni02-1-1536x1024.jpg 1536w, https:\/\/www.upo.es\/diario\/wp-content\/uploads\/2025\/06\/AI4Uni02-1-2048x1365.jpg 2048w, https:\/\/www.upo.es\/diario\/wp-content\/uploads\/2025\/06\/AI4Uni02-1-165x109.jpg 165w, https:\/\/www.upo.es\/diario\/wp-content\/uploads\/2025\/06\/AI4Uni02-1-1320x880.jpg 1320w\" sizes=\"auto, (max-width: 420px) 100vw, 420px\" \/><\/a>Este proyecto Erasmus + KA2, que tiene prevista su ejecuci\u00f3n en abril de 2027, est\u00e1 en su primera fase de desarrollo, si bien ya se han desarrollo aplicaciones en distintos encuentros y eventos del grupo de trabajo, realizando un pilotaje de los talleres y materiales generados durante la <em>9th International Staff Training Week<\/em> de la Universidad de Szczecin (Polonia) en el mes de abril de 2025.<\/p>\n<p>El equipo de la UPO, formado adem\u00e1s por <strong>\u00c1ngela del Robledo Troncoso<\/strong>, <strong>Elisa Calvo Encinas<\/strong> y <strong>Carlos Silva Perea<\/strong>, contin\u00faa as\u00ed su compromiso con el desarrollo de competencias digitales cr\u00edticas para afrontar los desaf\u00edos \u00e9ticos, educativos y organizativos que plantea la adopci\u00f3n de la inteligencia artificial en el entorno acad\u00e9mico.<\/p>\n","protected":false},"excerpt":{"rendered":"<p>Con el objetivo de impulsar la alfabetizaci\u00f3n en inteligencia artificial (IA) en el \u00e1mbito universitario, la Universidad Pablo de Olavide acoge a lo largo del d\u00eda de hoy una reuni\u00f3n de trabajo del proyecto internacional AI4Uni. Esta iniciativa, financiada por el programa Erasmus+ con un presupuesto de 250 000 euros, est\u00e1 coordinada por la University of Szczecin (Polonia), y cuenta con la participaci\u00f3n de la Ostim Teknik \u00dcniversitesi (Ankara, Turqu\u00eda), University of Hadrec Kr\u00e1lov\u00e9 (Rep\u00fablica Checa) y SGroup Universities in Europe, adem\u00e1s de la Pablo de Olavide.<\/p>\n","protected":false},"author":2,"featured_media":30886924,"comment_status":"closed","ping_status":"open","sticky":false,"template":"","format":"standard","meta":{"_monsterinsights_skip_tracking":false,"_monsterinsights_sitenote_active":false,"_monsterinsights_sitenote_note":"","_monsterinsights_sitenote_category":0,"footnotes":""},"categories":[2779],"tags":[9201,6655,970,9202,509,8686,151,7790,9204,9203],"class_list":["post-30886928","post","type-post","status-publish","format-standard","has-post-thumbnail","hentry","category-docencia-formacion","tag-ai4uni","tag-alicia-troncoso","tag-divulgacion","tag-elena-de-la-cova","tag-formacion","tag-ia","tag-inteligencia-artificial","tag-marian-moron","tag-proyecto-erasmus-ka2","tag-vicerrectorado-internacionalizacion"],"_links":{"self":[{"href":"https:\/\/www.upo.es\/diario\/wp-json\/wp\/v2\/posts\/30886928","targetHints":{"allow":["GET"]}}],"collection":[{"href":"https:\/\/www.upo.es\/diario\/wp-json\/wp\/v2\/posts"}],"about":[{"href":"https:\/\/www.upo.es\/diario\/wp-json\/wp\/v2\/types\/post"}],"author":[{"embeddable":true,"href":"https:\/\/www.upo.es\/diario\/wp-json\/wp\/v2\/users\/2"}],"replies":[{"embeddable":true,"href":"https:\/\/www.upo.es\/diario\/wp-json\/wp\/v2\/comments?post=30886928"}],"version-history":[{"count":1,"href":"https:\/\/www.upo.es\/diario\/wp-json\/wp\/v2\/posts\/30886928\/revisions"}],"predecessor-version":[{"id":30886929,"href":"https:\/\/www.upo.es\/diario\/wp-json\/wp\/v2\/posts\/30886928\/revisions\/30886929"}],"wp:featuredmedia":[{"embeddable":true,"href":"https:\/\/www.upo.es\/diario\/wp-json\/wp\/v2\/media\/30886924"}],"wp:attachment":[{"href":"https:\/\/www.upo.es\/diario\/wp-json\/wp\/v2\/media?parent=30886928"}],"wp:term":[{"taxonomy":"category","embeddable":true,"href":"https:\/\/www.upo.es\/diario\/wp-json\/wp\/v2\/categories?post=30886928"},{"taxonomy":"post_tag","embeddable":true,"href":"https:\/\/www.upo.es\/diario\/wp-json\/wp\/v2\/tags?post=30886928"}],"curies":[{"name":"wp","href":"https:\/\/api.w.org\/{rel}","templated":true}]}}