{"id":30886936,"date":"2025-06-03T06:30:45","date_gmt":"2025-06-03T04:30:45","guid":{"rendered":"https:\/\/www.upo.es\/diario\/?p=30886936"},"modified":"2025-06-05T16:10:24","modified_gmt":"2025-06-05T14:10:24","slug":"la-facultad-de-derecho-renueva-la-certificacion-de-su-sistema-de-aseguramiento-interno-de-la-calidad-por-el-programa-audit-de-aneca","status":"publish","type":"post","link":"https:\/\/www.upo.es\/diario\/institucional\/2025\/06\/la-facultad-de-derecho-renueva-la-certificacion-de-su-sistema-de-aseguramiento-interno-de-la-calidad-por-el-programa-audit-de-aneca\/","title":{"rendered":"La Facultad de Derecho renueva la certificaci\u00f3n de su Sistema de Aseguramiento Interno de la Calidad por el programa AUDIT de ANECA"},"content":{"rendered":"<p><a href=\"https:\/\/www.upo.es\/diario\/wp-content\/uploads\/2025\/06\/52680163896_50b1cf5e07_k.jpg\"><img loading=\"lazy\" decoding=\"async\" class=\"aligncenter size-large wp-image-30886938\" src=\"https:\/\/www.upo.es\/diario\/wp-content\/uploads\/2025\/06\/52680163896_50b1cf5e07_k-750x500.jpg\" alt=\"Profesorado de la Facultad de Derecho en el inicio del curso acad\u00e9mico\" width=\"750\" height=\"500\" srcset=\"https:\/\/www.upo.es\/diario\/wp-content\/uploads\/2025\/06\/52680163896_50b1cf5e07_k-750x500.jpg 750w, https:\/\/www.upo.es\/diario\/wp-content\/uploads\/2025\/06\/52680163896_50b1cf5e07_k-420x280.jpg 420w, https:\/\/www.upo.es\/diario\/wp-content\/uploads\/2025\/06\/52680163896_50b1cf5e07_k-768x512.jpg 768w, https:\/\/www.upo.es\/diario\/wp-content\/uploads\/2025\/06\/52680163896_50b1cf5e07_k-1536x1024.jpg 1536w, https:\/\/www.upo.es\/diario\/wp-content\/uploads\/2025\/06\/52680163896_50b1cf5e07_k-165x109.jpg 165w, https:\/\/www.upo.es\/diario\/wp-content\/uploads\/2025\/06\/52680163896_50b1cf5e07_k-1320x880.jpg 1320w, https:\/\/www.upo.es\/diario\/wp-content\/uploads\/2025\/06\/52680163896_50b1cf5e07_k.jpg 2048w\" sizes=\"auto, (max-width: 750px) 100vw, 750px\" \/><\/a><\/p>\n<p>Con la renovaci\u00f3n que certifica la implantaci\u00f3n de su Sistema de Aseguramiento Interno de la Calidad (SAIC), por el programa AUDIT de la Agencia Nacional de Evaluaci\u00f3n de la Calidad y Acreditaci\u00f3n (ANECA), la Facultad de Derecho de la Universidad Pablo de Olavide se suma al <a href=\"https:\/\/www.upo.es\/diario\/institucional\/2025\/03\/cinco-centros-renuevan-certificacion-sistema-aseguramiento-interno-calidad-audit-aneca\/\">logro conseguido el pasado mes de marzo<\/a> por la Escuela Polit\u00e9cnica Superior, la Facultad de Ciencias Empresariales, la Facultad de Ciencias Experimentales, la Facultad de Ciencias Sociales y la Facultad de Humanidades. Al igual que estos centros, <strong>la Facultad de Derecho ha superado con \u00e9xito este exigente proceso de evaluaci\u00f3n y auditor\u00eda, cuyas visitas presenciales tuvieron lugar el 21 de febrero de 2025<\/strong>.<\/p>\n<p>La certificaci\u00f3n de la implantaci\u00f3n del SAIC de los centros de la Universidad por el programa AUDIT de ANECA es <strong>una valiosa certificaci\u00f3n adicional a la del programa IMPLANTA de la Agencia para la Calidad Cient\u00edfica y Universitaria de Andaluc\u00eda (ACCUA), al ser un reconocimiento de \u00edndole estatal<\/strong>, que ratifica el compromiso de la Universidad Pablo de Olavide y de sus Centros con la mejora continua y el fomento de una din\u00e1mica acad\u00e9mica en aras de la excelencia.<\/p>\n<p>La <strong>Facultad de Ciencias del Deporte<\/strong> y el <strong>Centro Universitario San Isidoro<\/strong>, adscrito a la UPO, han iniciado el proceso de revisi\u00f3n de la implantaci\u00f3n de su SAIC con el objeto de renovar su certificaci\u00f3n por los programas de evaluaci\u00f3n antes aludidos y su correspondiente acreditaci\u00f3n institucional, manteniendo, as\u00ed, la buena din\u00e1mica de todos los Centros de la UPO.<\/p>\n","protected":false},"excerpt":{"rendered":"<p>Con la renovaci\u00f3n que certifica la implantaci\u00f3n de su Sistema de Aseguramiento Interno de la Calidad (SAIC), por el programa AUDIT de la Agencia Nacional de Evaluaci\u00f3n de la Calidad y Acreditaci\u00f3n (ANECA), la Facultad de Derecho de la Universidad Pablo de Olavide se suma al logro conseguido el pasado mes de marzo por la Escuela Polit\u00e9cnica Superior, la Facultad de Ciencias Empresariales, la Facultad de Ciencias Experimentales, la Facultad de Ciencias Sociales y la Facultad de Humanidades.<\/p>\n","protected":false},"author":6,"featured_media":30886938,"comment_status":"closed","ping_status":"open","sticky":false,"template":"","format":"standard","meta":{"_monsterinsights_skip_tracking":false,"_monsterinsights_sitenote_active":false,"_monsterinsights_sitenote_note":"","_monsterinsights_sitenote_category":0,"footnotes":""},"categories":[6],"tags":[738,1601,4334,740,8981,81],"class_list":["post-30886936","post","type-post","status-publish","format-standard","has-post-thumbnail","hentry","category-institucional","tag-acreditacion","tag-aneca","tag-audit","tag-calidad","tag-centros","tag-facultad-de-derecho"],"_links":{"self":[{"href":"https:\/\/www.upo.es\/diario\/wp-json\/wp\/v2\/posts\/30886936","targetHints":{"allow":["GET"]}}],"collection":[{"href":"https:\/\/www.upo.es\/diario\/wp-json\/wp\/v2\/posts"}],"about":[{"href":"https:\/\/www.upo.es\/diario\/wp-json\/wp\/v2\/types\/post"}],"author":[{"embeddable":true,"href":"https:\/\/www.upo.es\/diario\/wp-json\/wp\/v2\/users\/6"}],"replies":[{"embeddable":true,"href":"https:\/\/www.upo.es\/diario\/wp-json\/wp\/v2\/comments?post=30886936"}],"version-history":[{"count":3,"href":"https:\/\/www.upo.es\/diario\/wp-json\/wp\/v2\/posts\/30886936\/revisions"}],"predecessor-version":[{"id":30886940,"href":"https:\/\/www.upo.es\/diario\/wp-json\/wp\/v2\/posts\/30886936\/revisions\/30886940"}],"wp:featuredmedia":[{"embeddable":true,"href":"https:\/\/www.upo.es\/diario\/wp-json\/wp\/v2\/media\/30886938"}],"wp:attachment":[{"href":"https:\/\/www.upo.es\/diario\/wp-json\/wp\/v2\/media?parent=30886936"}],"wp:term":[{"taxonomy":"category","embeddable":true,"href":"https:\/\/www.upo.es\/diario\/wp-json\/wp\/v2\/categories?post=30886936"},{"taxonomy":"post_tag","embeddable":true,"href":"https:\/\/www.upo.es\/diario\/wp-json\/wp\/v2\/tags?post=30886936"}],"curies":[{"name":"wp","href":"https:\/\/api.w.org\/{rel}","templated":true}]}}