{"id":30886959,"date":"2025-06-03T16:48:15","date_gmt":"2025-06-03T14:48:15","guid":{"rendered":"https:\/\/www.upo.es\/diario\/?p=30886959"},"modified":"2025-06-03T16:48:15","modified_gmt":"2025-06-03T14:48:15","slug":"la-sede-olavide-en-carmona-acoge-el-xxi-congreso-internacional-de-americanistas-para-redefinir-la-historia-de-america","status":"publish","type":"post","link":"https:\/\/www.upo.es\/diario\/docencia-formacion\/2025\/06\/la-sede-olavide-en-carmona-acoge-el-xxi-congreso-internacional-de-americanistas-para-redefinir-la-historia-de-america\/","title":{"rendered":"La sede Olavide en Carmona acoge el XXI Congreso Internacional de Americanistas para redefinir la Historia de Am\u00e9rica"},"content":{"rendered":"<p><a href=\"https:\/\/www.upo.es\/diario\/wp-content\/uploads\/2025\/06\/IMG_9666-scaled.jpg\"><img loading=\"lazy\" decoding=\"async\" class=\"aligncenter size-large wp-image-30886960\" src=\"https:\/\/www.upo.es\/diario\/wp-content\/uploads\/2025\/06\/IMG_9666-750x500.jpg\" alt=\"XXI Congreso Internacional de la Asociaci\u00f3n Espa\u00f1ola de Americanistas (AEA) en Carmona\" width=\"750\" height=\"500\" srcset=\"https:\/\/www.upo.es\/diario\/wp-content\/uploads\/2025\/06\/IMG_9666-750x500.jpg 750w, https:\/\/www.upo.es\/diario\/wp-content\/uploads\/2025\/06\/IMG_9666-420x280.jpg 420w, https:\/\/www.upo.es\/diario\/wp-content\/uploads\/2025\/06\/IMG_9666-768x512.jpg 768w, https:\/\/www.upo.es\/diario\/wp-content\/uploads\/2025\/06\/IMG_9666-1536x1024.jpg 1536w, https:\/\/www.upo.es\/diario\/wp-content\/uploads\/2025\/06\/IMG_9666-2048x1365.jpg 2048w, https:\/\/www.upo.es\/diario\/wp-content\/uploads\/2025\/06\/IMG_9666-165x109.jpg 165w, https:\/\/www.upo.es\/diario\/wp-content\/uploads\/2025\/06\/IMG_9666-1320x880.jpg 1320w\" sizes=\"auto, (max-width: 750px) 100vw, 750px\" \/><\/a>La Sede Olavide en Carmona &#8211; Rectora Rosario Valpuesta se convierte desde hoy y hasta el jueves 5 de junio, en el punto de encuentro de un evento acad\u00e9mico: el <strong>XXI Congreso Internacional de la Asociaci\u00f3n Espa\u00f1ola de Americanistas (AEA)<\/strong>. Con la participaci\u00f3n de m\u00e1s de 200 especialistas, el congreso abordar\u00e1 una de las tem\u00e1ticas m\u00e1s relevantes y urgentes para la historiograf\u00eda contempor\u00e1nea latinoamericanista: \u00abLa Historia de Am\u00e9rica despu\u00e9s de los Bicentenarios: Nuevas perspectivas, nuevas miradas\u00bb.<\/p>\n<p>Desde el a\u00f1o 2010, el continente americano ha sido escenario de un intenso y complejo proceso de construcci\u00f3n de conmemoraciones, celebraciones y memorias en torno a sus independencias. Estas efem\u00e9rides no han sido meros actos de remembranza; han impulsado una profunda reconstrucci\u00f3n de las narrativas hist\u00f3ricas, propiciando la emergencia de nuevas miradas y perspectivas hasta ahora in\u00e9ditas. Quiz\u00e1 uno de los resultados m\u00e1s significativos de estas conmemoraciones haya sido la consolidaci\u00f3n de una Historia m\u00e1s cient\u00edfica, m\u00e1s inclusiva y m\u00e1s integradora.<\/p>\n<p>Los bicentenarios han representado una oportunidad excepcional, y extraordinariamente aprovechada, para revitalizar una historiograf\u00eda que, tradicionalmente, hab\u00eda dejado en un segundo plano a actores fundamentales. Gracias a este impulso, las clases populares, las cuestiones de g\u00e9nero, la emergencia clim\u00e1tica, las comunidades originarias y los ricos, amplios y variados procesos identitarios han logrado recuperar el lugar protag\u00f3nico que los acontecimientos hist\u00f3ricos les depararon y que, en muchas ocasiones, la historiograf\u00eda tradicional hab\u00eda relegado u ocultado. Se ha abierto un camino para comprender la complejidad de las sociedades americanas en su plenitud, reconociendo la multifac\u00e9tica contribuci\u00f3n de todos sus componentes.<\/p>\n<p>El XXI Congreso Internacional de la AEA se erige como una plataforma fundamental para profundizar en esta l\u00ednea de investigaci\u00f3n. Uno de sus objetivos centrales es indagar, exponer y defender el papel crucial de unas \u00abmayor\u00edas minoritarias\u00bb sin las cuales resulta imposible comprender en toda su magnitud el largo y transformador proceso de independencia.<\/p>\n<p>Este proceso, que cambi\u00f3 para siempre la fisonom\u00eda pol\u00edtica y social de Am\u00e9rica, culminar\u00e1 oficialmente en 2025 con los bicentenarios de las independencias de Bolivia y Uruguay.<\/p>\n<p>\u00abEste congreso llega en un momento de culminaci\u00f3n simb\u00f3lica y de profunda reflexi\u00f3n historiogr\u00e1fica\u00bb, se\u00f1ala la organizaci\u00f3n del evento. \u00abEstamos en una encrucijada donde podemos consolidar una nueva forma de entender nuestro pasado com\u00fan, una que no deje a nadie fuera y que reconozca la verdadera diversidad de voces y experiencias que forjaron las naciones americanas. La sede Olavide en Carmona se convierte as\u00ed en un faro para este necesario debate\u00bb.<\/p>\n<p>A lo largo de tres intensos d\u00edas, expertos de diversas nacionalidades presentar\u00e1n investigaciones punteras, debatir\u00e1n sobre las metodolog\u00edas m\u00e1s innovadoras y construir\u00e1n un espacio de intercambio que, sin duda, contribuir\u00e1 a seguir reescribiendo la Historia de Am\u00e9rica con una visi\u00f3n m\u00e1s cr\u00edtica, emp\u00e1tica y rigurosa.<\/p>\n<h3><strong>Un compromiso con la investigaci\u00f3n y la difusi\u00f3n del conocimiento<\/strong><\/h3>\n<p>La celebraci\u00f3n de este congreso en la Sede Olavide en Carmona &#8211; Rectora Rosario Valpuesta reafirma el compromiso de la Universidad Pablo de Olavide con la investigaci\u00f3n de excelencia y la difusi\u00f3n del conocimiento en el \u00e1mbito de los estudios americanistas. Este evento no solo enriquecer\u00e1 el panorama acad\u00e9mico, sino que tambi\u00e9n ofrecer\u00e1 a la comunidad en general una oportunidad \u00fanica para acercarse a las nuevas interpretaciones de un pasado que sigue resonando en el presente.<\/p>\n<p>M\u00e1s informaci\u00f3n: <a href=\"https:\/\/eventos.upo.es\/119905\/detail\/xxi-congreso-internacional-de-la-asociacion-espanola-de-americanistas.html\">https:\/\/eventos.upo.es\/119905\/detail\/xxi-congreso-internacional-de-la-asociacion-espanola-de-americanistas.html<\/a><\/p>\n<p>Fuente: Fundaci\u00f3n Universidad Pablo de Olavide<\/p>\n","protected":false},"excerpt":{"rendered":"<p>A lo largo de tres d\u00edas, m\u00e1s de 200 expertos de diversas nacionalidades construir\u00e1n un espacio de intercambio que contribuir\u00e1 a seguir reescribiendo la Historia de Am\u00e9rica.<\/p>\n","protected":false},"author":6,"featured_media":30886960,"comment_status":"closed","ping_status":"open","sticky":false,"template":"","format":"standard","meta":{"_monsterinsights_skip_tracking":false,"_monsterinsights_sitenote_active":false,"_monsterinsights_sitenote_note":"","_monsterinsights_sitenote_category":0,"footnotes":""},"categories":[2779],"tags":[23,354,150,1114,7974],"class_list":["post-30886959","post","type-post","status-publish","format-standard","has-post-thumbnail","hentry","category-docencia-formacion","tag-carmona","tag-congreso","tag-historia","tag-historia-de-america","tag-sede-olavide-en-carmona"],"_links":{"self":[{"href":"https:\/\/www.upo.es\/diario\/wp-json\/wp\/v2\/posts\/30886959","targetHints":{"allow":["GET"]}}],"collection":[{"href":"https:\/\/www.upo.es\/diario\/wp-json\/wp\/v2\/posts"}],"about":[{"href":"https:\/\/www.upo.es\/diario\/wp-json\/wp\/v2\/types\/post"}],"author":[{"embeddable":true,"href":"https:\/\/www.upo.es\/diario\/wp-json\/wp\/v2\/users\/6"}],"replies":[{"embeddable":true,"href":"https:\/\/www.upo.es\/diario\/wp-json\/wp\/v2\/comments?post=30886959"}],"version-history":[{"count":2,"href":"https:\/\/www.upo.es\/diario\/wp-json\/wp\/v2\/posts\/30886959\/revisions"}],"predecessor-version":[{"id":30886962,"href":"https:\/\/www.upo.es\/diario\/wp-json\/wp\/v2\/posts\/30886959\/revisions\/30886962"}],"wp:featuredmedia":[{"embeddable":true,"href":"https:\/\/www.upo.es\/diario\/wp-json\/wp\/v2\/media\/30886960"}],"wp:attachment":[{"href":"https:\/\/www.upo.es\/diario\/wp-json\/wp\/v2\/media?parent=30886959"}],"wp:term":[{"taxonomy":"category","embeddable":true,"href":"https:\/\/www.upo.es\/diario\/wp-json\/wp\/v2\/categories?post=30886959"},{"taxonomy":"post_tag","embeddable":true,"href":"https:\/\/www.upo.es\/diario\/wp-json\/wp\/v2\/tags?post=30886959"}],"curies":[{"name":"wp","href":"https:\/\/api.w.org\/{rel}","templated":true}]}}