{"id":30886970,"date":"2025-06-04T13:59:23","date_gmt":"2025-06-04T11:59:23","guid":{"rendered":"https:\/\/www.upo.es\/diario\/?p=30886970"},"modified":"2025-06-04T14:28:07","modified_gmt":"2025-06-04T12:28:07","slug":"antonio-izquierdo-catedratico-de-sociologia-no-se-pueden-hacer-politicas-migratorias-sin-los-migrantes","status":"publish","type":"post","link":"https:\/\/www.upo.es\/diario\/docencia-formacion\/2025\/06\/antonio-izquierdo-catedratico-de-sociologia-no-se-pueden-hacer-politicas-migratorias-sin-los-migrantes\/","title":{"rendered":"Antonio Izquierdo, catedr\u00e1tico de Sociolog\u00eda: \u00abNo se pueden hacer pol\u00edticas migratorias sin los migrantes\u00bb"},"content":{"rendered":"<figure id=\"attachment_30886975\" aria-describedby=\"caption-attachment-30886975\" style=\"width: 750px\" class=\"wp-caption aligncenter\"><a href=\"https:\/\/www.upo.es\/diario\/wp-content\/uploads\/2025\/06\/04062025-Sem-DDHH-Migraciones-7616-scaled.jpg\"><img loading=\"lazy\" decoding=\"async\" class=\"size-large wp-image-30886975\" src=\"https:\/\/www.upo.es\/diario\/wp-content\/uploads\/2025\/06\/04062025-Sem-DDHH-Migraciones-7616-750x422.jpg\" alt=\"Antonio Izquierdo y Roc\u00edo C\u00e1rdenas en el conversatorio sobre inmigraci\u00f3n y pol\u00edtica\" width=\"750\" height=\"422\" srcset=\"https:\/\/www.upo.es\/diario\/wp-content\/uploads\/2025\/06\/04062025-Sem-DDHH-Migraciones-7616-750x422.jpg 750w, https:\/\/www.upo.es\/diario\/wp-content\/uploads\/2025\/06\/04062025-Sem-DDHH-Migraciones-7616-420x236.jpg 420w, https:\/\/www.upo.es\/diario\/wp-content\/uploads\/2025\/06\/04062025-Sem-DDHH-Migraciones-7616-768x432.jpg 768w, https:\/\/www.upo.es\/diario\/wp-content\/uploads\/2025\/06\/04062025-Sem-DDHH-Migraciones-7616-1536x864.jpg 1536w, https:\/\/www.upo.es\/diario\/wp-content\/uploads\/2025\/06\/04062025-Sem-DDHH-Migraciones-7616-2048x1152.jpg 2048w, https:\/\/www.upo.es\/diario\/wp-content\/uploads\/2025\/06\/04062025-Sem-DDHH-Migraciones-7616-1320x743.jpg 1320w\" sizes=\"auto, (max-width: 750px) 100vw, 750px\" \/><\/a><figcaption id=\"caption-attachment-30886975\" class=\"wp-caption-text\">Antonio Izquierdo y Roc\u00edo C\u00e1rdenas en el conversatorio sobre inmigraci\u00f3n y pol\u00edtica<\/figcaption><\/figure>\n<p>El catedr\u00e1tico de Sociolog\u00eda de la Universidade da Coru\u00f1a, y experto en migraciones, Antonio Izquierdo Escribano, ha sido el primer ponente del <a href=\"https:\/\/eventos.upo.es\/132034\/detail\/v-seminario-internacional-sobre-derechos-humanos-migraciones-y-genero-una-mirada-transnacional-.html\">V Seminario Internacional sobre Derechos Humanos, Migraciones y G\u00e9nero. Una Mirada Transnacional<\/a>, que ha comenzado esta ma\u00f1ana en el campus organizado por el <strong>grupo de investigaci\u00f3n en Acci\u00f3n Socioeducativa<\/strong> de la Universidad Pablo de Olavide (GIAS) que dirige la profesora Teresa Terr\u00f3n.<\/p>\n<p>Antonio Izquierdo ha mantenido un di\u00e1logo con el p\u00fablico, moderado por la profesora Roc\u00edo C\u00e1rdenas, tras analizar en su intervenci\u00f3n &#8216;<strong><em>Aspectos candentes de pol\u00edtica inmigratoria<\/em><\/strong>&#8216;, con cifras y datos sociol\u00f3gicos la realidad compleja de los flujos migratorios en Europa y Am\u00e9rica. \u00abSe hace pol\u00edtica con las migraciones pero sin tener claro el objetivo hacia donde queremos ir\u00bb, ha afirmado el experto en migraciones internacionales. Izquierdo Escribano ha subrayado que los migrantes son parte estructural del pa\u00eds, \u00abun hecho incontrovertible ya que son el 20% de la poblaci\u00f3n\u00bb, y por tanto deben reconocerse sus derechos de participaci\u00f3n pol\u00edtica. Sobre los Derechos Humanos, el catedr\u00e1tico de la UDC ha se\u00f1alado que \u00abtienen una parte jur\u00eddico social y otra vinculada con las emociones de las personas. Los Derechos Humanos son empat\u00eda, comprensi\u00f3n, aspiraci\u00f3n, que no utop\u00eda, y lucha\u00bb.<\/p>\n<figure id=\"attachment_30886976\" aria-describedby=\"caption-attachment-30886976\" style=\"width: 420px\" class=\"wp-caption alignright\"><a href=\"https:\/\/www.upo.es\/diario\/wp-content\/uploads\/2025\/06\/04062025-Sem-DDHH-Migraciones-7597-scaled.jpg\"><img loading=\"lazy\" decoding=\"async\" class=\"size-medium wp-image-30886976\" src=\"https:\/\/www.upo.es\/diario\/wp-content\/uploads\/2025\/06\/04062025-Sem-DDHH-Migraciones-7597-420x236.jpg\" alt=\"Paula Rodr\u00edguez, Francisco J. Toronjo, Juan M. G\u00f3mez, Teresa Terr\u00f3n y Roc\u00edo C\u00e1rdenas\" width=\"420\" height=\"236\" srcset=\"https:\/\/www.upo.es\/diario\/wp-content\/uploads\/2025\/06\/04062025-Sem-DDHH-Migraciones-7597-420x236.jpg 420w, https:\/\/www.upo.es\/diario\/wp-content\/uploads\/2025\/06\/04062025-Sem-DDHH-Migraciones-7597-750x422.jpg 750w, https:\/\/www.upo.es\/diario\/wp-content\/uploads\/2025\/06\/04062025-Sem-DDHH-Migraciones-7597-768x432.jpg 768w, https:\/\/www.upo.es\/diario\/wp-content\/uploads\/2025\/06\/04062025-Sem-DDHH-Migraciones-7597-1536x864.jpg 1536w, https:\/\/www.upo.es\/diario\/wp-content\/uploads\/2025\/06\/04062025-Sem-DDHH-Migraciones-7597-2048x1152.jpg 2048w, https:\/\/www.upo.es\/diario\/wp-content\/uploads\/2025\/06\/04062025-Sem-DDHH-Migraciones-7597-1320x743.jpg 1320w\" sizes=\"auto, (max-width: 420px) 100vw, 420px\" \/><\/a><figcaption id=\"caption-attachment-30886976\" class=\"wp-caption-text\">Paula Rodr\u00edguez, Francisco J. Toronjo, Juan M. G\u00f3mez, Teresa Terr\u00f3n y Roc\u00edo C\u00e1rdenas<\/figcaption><\/figure>\n<p>El director general de Pol\u00edticas Migratorias de la Consejer\u00eda de Inclusi\u00f3n Social, <strong>Francisco Jes\u00fas Toronjo<\/strong>, junto al decano de la Facultad de Ciencias Sociales, <strong>Juan Miguel G\u00f3mez Espino<\/strong>, y <strong>Paula Rodr\u00edguez Modro\u00f1o<\/strong>, directora del CINEF, han presentado el Seminario acompa\u00f1ados por <strong>Teresa Terr\u00f3n y Roc\u00edo C\u00e1rdenas<\/strong>, directoras de un programa que adem\u00e1s de tratar la situaci\u00f3n de las personas migrantes, con especial mirada a las mujeres, dedicar\u00e1 un espacio a compartir experiencias sobre c\u00f3mo investigar sobre los procesos migratorios femeninos.<\/p>\n<p>El Seminario sobre Derechos Humanos, Migraciones y G\u00e9nero tiene su origen en varias l\u00edneas y proyectos europeos de investigaci\u00f3n del grupo de investigaci\u00f3n en Acci\u00f3n Socioeducativa, como son Gendercit o <em><a href=\"https:\/\/viw.pixel-online.org\/\">Voices of Inmigrant Women<\/a>.<\/em> Tiene como objetivos fortalecer las investigaciones en este \u00e1mbito y crear un espacio de reflexi\u00f3n sobre los procesos migratorios y la inclusi\u00f3n social desde una perspectiva de g\u00e9nero a trav\u00e9s del avance cient\u00edfico en este campo.<\/p>\n","protected":false},"excerpt":{"rendered":"<p>El grupo de investigaci\u00f3n en Acci\u00f3n Socioeducativa organiza la quinta edici\u00f3n del Seminario Internacional sobre Derechos Humanos, Migraciones y G\u00e9nero.<\/p>\n","protected":false},"author":6,"featured_media":30886975,"comment_status":"closed","ping_status":"open","sticky":false,"template":"","format":"standard","meta":{"_monsterinsights_skip_tracking":false,"_monsterinsights_sitenote_active":false,"_monsterinsights_sitenote_note":"","_monsterinsights_sitenote_category":0,"footnotes":""},"categories":[2779],"tags":[92,628,455,336,6216,76,78,104],"class_list":["post-30886970","post","type-post","status-publish","format-standard","has-post-thumbnail","hentry","category-docencia-formacion","tag-derechos-humanos","tag-educacion-social","tag-exclusion-social","tag-genero","tag-migraciones","tag-politica","tag-seminario","tag-sociologia"],"_links":{"self":[{"href":"https:\/\/www.upo.es\/diario\/wp-json\/wp\/v2\/posts\/30886970","targetHints":{"allow":["GET"]}}],"collection":[{"href":"https:\/\/www.upo.es\/diario\/wp-json\/wp\/v2\/posts"}],"about":[{"href":"https:\/\/www.upo.es\/diario\/wp-json\/wp\/v2\/types\/post"}],"author":[{"embeddable":true,"href":"https:\/\/www.upo.es\/diario\/wp-json\/wp\/v2\/users\/6"}],"replies":[{"embeddable":true,"href":"https:\/\/www.upo.es\/diario\/wp-json\/wp\/v2\/comments?post=30886970"}],"version-history":[{"count":6,"href":"https:\/\/www.upo.es\/diario\/wp-json\/wp\/v2\/posts\/30886970\/revisions"}],"predecessor-version":[{"id":30886987,"href":"https:\/\/www.upo.es\/diario\/wp-json\/wp\/v2\/posts\/30886970\/revisions\/30886987"}],"wp:featuredmedia":[{"embeddable":true,"href":"https:\/\/www.upo.es\/diario\/wp-json\/wp\/v2\/media\/30886975"}],"wp:attachment":[{"href":"https:\/\/www.upo.es\/diario\/wp-json\/wp\/v2\/media?parent=30886970"}],"wp:term":[{"taxonomy":"category","embeddable":true,"href":"https:\/\/www.upo.es\/diario\/wp-json\/wp\/v2\/categories?post=30886970"},{"taxonomy":"post_tag","embeddable":true,"href":"https:\/\/www.upo.es\/diario\/wp-json\/wp\/v2\/tags?post=30886970"}],"curies":[{"name":"wp","href":"https:\/\/api.w.org\/{rel}","templated":true}]}}