{"id":30886978,"date":"2025-06-04T14:09:43","date_gmt":"2025-06-04T12:09:43","guid":{"rendered":"https:\/\/www.upo.es\/diario\/?p=30886978"},"modified":"2025-06-11T09:30:54","modified_gmt":"2025-06-11T07:30:54","slug":"la-universidad-pablo-de-olavide-y-el-instituto-andaluz-del-flamenco-clausuran-la-segunda-edicion-de-la-microcredencial-en-gestion-cultural","status":"publish","type":"post","link":"https:\/\/www.upo.es\/diario\/institucional\/2025\/06\/la-universidad-pablo-de-olavide-y-el-instituto-andaluz-del-flamenco-clausuran-la-segunda-edicion-de-la-microcredencial-en-gestion-cultural\/","title":{"rendered":"La Universidad Pablo de Olavide y el Instituto Andaluz del Flamenco clausuran la segunda edici\u00f3n de la microcredencial en gesti\u00f3n cultural"},"content":{"rendered":"<figure id=\"attachment_30886983\" aria-describedby=\"caption-attachment-30886983\" style=\"width: 750px\" class=\"wp-caption aligncenter\"><a href=\"https:\/\/www.upo.es\/diario\/wp-content\/uploads\/2025\/06\/IMG_7754-red-e1749038725216.jpg\"><img loading=\"lazy\" decoding=\"async\" class=\"wp-image-30886983 size-large\" src=\"https:\/\/www.upo.es\/diario\/wp-content\/uploads\/2025\/06\/IMG_7754-red-e1749038725216-750x461.jpg\" alt=\"El acto de clausura finaliz\u00f3 con la entrega de diplomas a los alumnos y alumnas \" width=\"750\" height=\"461\" srcset=\"https:\/\/www.upo.es\/diario\/wp-content\/uploads\/2025\/06\/IMG_7754-red-e1749038725216-750x461.jpg 750w, https:\/\/www.upo.es\/diario\/wp-content\/uploads\/2025\/06\/IMG_7754-red-e1749038725216-420x258.jpg 420w, https:\/\/www.upo.es\/diario\/wp-content\/uploads\/2025\/06\/IMG_7754-red-e1749038725216-768x472.jpg 768w, https:\/\/www.upo.es\/diario\/wp-content\/uploads\/2025\/06\/IMG_7754-red-e1749038725216-1536x945.jpg 1536w, https:\/\/www.upo.es\/diario\/wp-content\/uploads\/2025\/06\/IMG_7754-red-e1749038725216-1320x812.jpg 1320w, https:\/\/www.upo.es\/diario\/wp-content\/uploads\/2025\/06\/IMG_7754-red-e1749038725216.jpg 1613w\" sizes=\"auto, (max-width: 750px) 100vw, 750px\" \/><\/a><figcaption id=\"caption-attachment-30886983\" class=\"wp-caption-text\">El acto de clausura finaliz\u00f3 con la entrega de diplomas a los alumnos y alumnas<\/figcaption><\/figure>\n<p>La sede del Instituto Andaluz del Flamenco acogi\u00f3 este martes el acto de clausura de la segunda edici\u00f3n de la <strong>microcredencial universitaria \u2018Especialista en gesti\u00f3n cultural del flamenco\u2019<\/strong>, una iniciativa conjunta de la Universidad Pablo de Olavide y la Consejer\u00eda de Cultura y Deporte a trav\u00e9s del Instituto Andaluz del Flamenco que ha formado a profesionales del sector en la gesti\u00f3n cultural del flamenco.<\/p>\n<p>El acto de clausura, presidido por la vicerrectora de Relaciones Institucionales, Formaci\u00f3n Permanente y Fundaciones de la UPO, <strong>Laura L\u00f3pez de la Cruz<\/strong>; y por el director del Instituto Andaluz del Flamenco y director ejecutivo del programa, <strong>Crist\u00f3bal Ortega Martos<\/strong>; cont\u00f3 tambi\u00e9n con la presencia del director acad\u00e9mico del Programa de Microcredenciales de la UPO, <strong>Norberto D\u00edaz D\u00edaz;<\/strong> as\u00ed como personal de la Fundaci\u00f3n UPO, alumnado y profesorado de esta segunda edici\u00f3n del programa.<\/p>\n<figure id=\"attachment_30886984\" aria-describedby=\"caption-attachment-30886984\" style=\"width: 420px\" class=\"wp-caption alignright\"><a href=\"https:\/\/www.upo.es\/diario\/wp-content\/uploads\/2025\/06\/IMG_7576-red.jpg\"><img loading=\"lazy\" decoding=\"async\" class=\"size-medium wp-image-30886984\" src=\"https:\/\/www.upo.es\/diario\/wp-content\/uploads\/2025\/06\/IMG_7576-red-420x280.jpg\" alt=\"Laura L\u00f3pez de la Cruz\" width=\"420\" height=\"280\" srcset=\"https:\/\/www.upo.es\/diario\/wp-content\/uploads\/2025\/06\/IMG_7576-red-420x280.jpg 420w, https:\/\/www.upo.es\/diario\/wp-content\/uploads\/2025\/06\/IMG_7576-red-750x500.jpg 750w, https:\/\/www.upo.es\/diario\/wp-content\/uploads\/2025\/06\/IMG_7576-red-768x512.jpg 768w, https:\/\/www.upo.es\/diario\/wp-content\/uploads\/2025\/06\/IMG_7576-red-1536x1024.jpg 1536w, https:\/\/www.upo.es\/diario\/wp-content\/uploads\/2025\/06\/IMG_7576-red-165x109.jpg 165w, https:\/\/www.upo.es\/diario\/wp-content\/uploads\/2025\/06\/IMG_7576-red-1320x880.jpg 1320w, https:\/\/www.upo.es\/diario\/wp-content\/uploads\/2025\/06\/IMG_7576-red.jpg 1920w\" sizes=\"auto, (max-width: 420px) 100vw, 420px\" \/><\/a><figcaption id=\"caption-attachment-30886984\" class=\"wp-caption-text\">Laura L\u00f3pez de la Cruz<\/figcaption><\/figure>\n<p>Durante el acto, Laura L\u00f3pez destac\u00f3 la importancia de esta microcredencial que a\u00fana un programa formativo de calidad, de la mano de \u201csocios fundamentales, como es el Instituto Andaluz del Flamenco\u201d y que, adem\u00e1s, apuesta por la presencialidad para enriquecer las relaciones entre el alumnado y el profesorado. Adem\u00e1s, anunci\u00f3 que la UPO incorporar\u00e1 nuevas microcredenciales en gesti\u00f3n del flamenco, dise\u00f1adas para complementar la formaci\u00f3n de quienes ya han cursado este programa y que podr\u00e1n ser realizadas de forma acumulativa. Por su parte, Crist\u00f3bal Ortega, resalt\u00f3 la importancia de esta microcredencial y su proyecci\u00f3n de futuro a trav\u00e9s del trabajo de los profesionales formados con esta microcredencial.<\/p>\n<p>El acto, que finaliz\u00f3 con la entrega de diplomas a los alumnos y alumnas de esta microcredencial cont\u00f3 tambi\u00e9n con las palabras de \u00c1gueda Borr\u00e1s Guti\u00e9rrez y Francisco Jos\u00e9 Arc\u00e1ngel Ramos, en nombre del sus compa\u00f1eros y compa\u00f1eras, quienes destacaron que se trata de \u201cun programa muy valioso para el alumnado y que nos ha brindado las herramientas clave para llevar a cabo una buena gesti\u00f3n cultural del flamenco\u2019. Una formaci\u00f3n, con un \u201cplantel de profesores y profesoras maravilloso\u201d que ha supuesto un punto de inflexi\u00f3n para el grupo a partir del cual desarrollar sus diferentes carreras profesionales.<\/p>\n<p><a href=\"https:\/\/www.upo.es\/diario\/wp-content\/uploads\/2025\/06\/IMG_7563-red.jpg\"><img loading=\"lazy\" decoding=\"async\" class=\"alignright size-medium wp-image-30886985\" src=\"https:\/\/www.upo.es\/diario\/wp-content\/uploads\/2025\/06\/IMG_7563-red-420x280.jpg\" alt=\"\" width=\"420\" height=\"280\" srcset=\"https:\/\/www.upo.es\/diario\/wp-content\/uploads\/2025\/06\/IMG_7563-red-420x280.jpg 420w, https:\/\/www.upo.es\/diario\/wp-content\/uploads\/2025\/06\/IMG_7563-red-750x500.jpg 750w, https:\/\/www.upo.es\/diario\/wp-content\/uploads\/2025\/06\/IMG_7563-red-768x512.jpg 768w, https:\/\/www.upo.es\/diario\/wp-content\/uploads\/2025\/06\/IMG_7563-red-1536x1024.jpg 1536w, https:\/\/www.upo.es\/diario\/wp-content\/uploads\/2025\/06\/IMG_7563-red-165x109.jpg 165w, https:\/\/www.upo.es\/diario\/wp-content\/uploads\/2025\/06\/IMG_7563-red-1320x880.jpg 1320w, https:\/\/www.upo.es\/diario\/wp-content\/uploads\/2025\/06\/IMG_7563-red.jpg 1920w\" sizes=\"auto, (max-width: 420px) 100vw, 420px\" \/><\/a>Este t\u00edtulo universitario, gestionado por la Fundaci\u00f3n Universidad Pablo de Olavide y con una carga lectiva de 10 ECTS y 75 horas de formaci\u00f3n docente, ha ofrecido a su estudiantado (gestores culturales, productores, artistas de flamenco, periodistas, etc.) una <strong>formaci\u00f3n clave para capacitarles como especialistas en la gesti\u00f3n cultural espec\u00edfica del flamenco y ha sido impartido por profesionales de cada una de las ramas espec\u00edficas de este arte<\/strong>. Una formaci\u00f3n \u00fanica en un \u00e1mbito especializado y con una alta demanda de profesionales.<\/p>\n<p>Las <a href=\"https:\/\/www.upo.es\/formacionpermanente\/microcredenciales\/\">microcredenciales universitarias<\/a> son cursos breves, focalizados en la adquisici\u00f3n de conocimientos, habilidades o competencias espec\u00edficas y conectadas con las necesidades de los sectores productivos. Este curso se incluye entre las iniciativas puestas en marcha a partir del convenio firmado entre la Universidad Pablo de Olavide y la Consejer\u00eda de Cultura y que tambi\u00e9n recoge otras actividades como el Festival Universitario de Flamenco o la C\u00e1tedra Flamenco UPO para apoyar la realizaci\u00f3n de actividades en los \u00e1mbitos de la formaci\u00f3n, la investigaci\u00f3n, la difusi\u00f3n y la transferencia del conocimiento y la producci\u00f3n y creaci\u00f3n cultural y art\u00edstica.<\/p>\n<p><strong>M\u00e1ster Universitario en Investigaci\u00f3n y An\u00e1lisis del Flamenco<\/strong><\/p>\n<p>La Pablo de Olavide imparte, junto a las universidades de C\u00e1diz, C\u00f3rdoba, Granada, M\u00e1laga y Huelva, el primer <a href=\"https:\/\/www.upo.es\/master\/Master-Oficial-Investigacion-y-Analisis-del-Flamenco\/\">M\u00e1ster Universitario en Investigaci\u00f3n y An\u00e1lisis del Flamenco<\/a>. Este t\u00edtulo oficial, coordinado en la UPO por Rafael C\u00e1ceres, ofrece una <strong>formaci\u00f3n acad\u00e9mica de postgrado de calidad gracias a una programa de estudios completo, que atiende la diversidad y profundidad del flamenco desde todas las disciplinas<\/strong>. Consta de un primer m\u00f3dulo com\u00fan, impartido en el campus de Jerez de la Frontera (UCA), y un segundo de especializaci\u00f3n ofertado por cada una de las universidades participantes. En la Olavide se cursa la especialidad <strong>&#8216;An\u00e1lisis cultural del flamenco: una perspectiva antropol\u00f3gica&#8217;<\/strong>.<\/p>\n<p><a href=\"https:\/\/www.upo.es\/diario\/wp-content\/uploads\/2025\/06\/Tesis-Flamenco-Tablaos-UPO_20250603_2.jpg\"><img loading=\"lazy\" decoding=\"async\" class=\"alignright size-medium wp-image-30887044\" src=\"https:\/\/www.upo.es\/diario\/wp-content\/uploads\/2025\/06\/Tesis-Flamenco-Tablaos-UPO_20250603_2-420x352.jpg\" alt=\"\" width=\"420\" height=\"352\" srcset=\"https:\/\/www.upo.es\/diario\/wp-content\/uploads\/2025\/06\/Tesis-Flamenco-Tablaos-UPO_20250603_2-420x352.jpg 420w, https:\/\/www.upo.es\/diario\/wp-content\/uploads\/2025\/06\/Tesis-Flamenco-Tablaos-UPO_20250603_2-627x525.jpg 627w, https:\/\/www.upo.es\/diario\/wp-content\/uploads\/2025\/06\/Tesis-Flamenco-Tablaos-UPO_20250603_2-768x643.jpg 768w, https:\/\/www.upo.es\/diario\/wp-content\/uploads\/2025\/06\/Tesis-Flamenco-Tablaos-UPO_20250603_2.jpg 1191w\" sizes=\"auto, (max-width: 420px) 100vw, 420px\" \/><\/a>Coincidiendo con la clausura de la microcredencial sobre gesti\u00f3n cultural del flamenco, <strong>\u00c1ngela Mar\u00eda Fern\u00e1ndez<\/strong> ha defendido este martes la tesis doctoral <strong>&#8216;Factores clave en la gesti\u00f3n de tablaos flamencos: un an\u00e1lisis desde la perspectiva del turismo cultural&#8217;<\/strong>. Dirigida por los profesores <strong>Juan Manuel Berbel <\/strong>y<strong> Jos\u00e9 Manuel Ram\u00edrez<\/strong>, la nueva doctora de la Pablo de Olavide, que ha obtenido la calificaci\u00f3n de Sobresaliente Cum Laude, ha cursado el programa de <a href=\"https:\/\/www.upo.es\/doctorado\/Doctorado-Administracion-y-Direccion-de-Empresas\/\">Doctorado en Administraci\u00f3n y Direcci\u00f3n de Empresas<\/a>. Este trabajo de investigaci\u00f3n se ha centrado en conocer cu\u00e1les son las motivaciones del turista para decidir asistir a tablaos flamencos, e indagar en la importancia que tiene el flamenco en la elecci\u00f3n de un determinado destino tur\u00edstico. Fern\u00e1ndez L\u00f3pez ha utilizado para ello una metodolog\u00eda novedosa, el &#8216;An\u00e1lisis de Experimentos Conjuntos Integrados&#8217;, como variedad del denominado &#8216;An\u00e1lisis Conjunto&#8217;.<\/p>\n<p>Fuente: Fundaci\u00f3n Universidad Pablo de Olavide | Comunicaci\u00f3n UPO<\/p>\n","protected":false},"excerpt":{"rendered":"<p>Una formaci\u00f3n especializada que a lo largo de los \u00faltimos meses ha formado a 25 profesionales del sector con las herramientas necesarias para desarrollar un proyecto art\u00edstico de calidad.<\/p>\n","protected":false},"author":6,"featured_media":30886983,"comment_status":"closed","ping_status":"open","sticky":false,"template":"","format":"standard","meta":{"_monsterinsights_skip_tracking":false,"_monsterinsights_sitenote_active":false,"_monsterinsights_sitenote_note":"","_monsterinsights_sitenote_category":0,"footnotes":""},"categories":[6],"tags":[973,609,93,328,4360,1577,9140],"class_list":["post-30886978","post","type-post","status-publish","format-standard","has-post-thumbnail","hentry","category-institucional","tag-doctorado","tag-especializacion","tag-flamenco","tag-formacion-permanente","tag-gestion-cultural","tag-master-universitario","tag-microcredencial"],"_links":{"self":[{"href":"https:\/\/www.upo.es\/diario\/wp-json\/wp\/v2\/posts\/30886978","targetHints":{"allow":["GET"]}}],"collection":[{"href":"https:\/\/www.upo.es\/diario\/wp-json\/wp\/v2\/posts"}],"about":[{"href":"https:\/\/www.upo.es\/diario\/wp-json\/wp\/v2\/types\/post"}],"author":[{"embeddable":true,"href":"https:\/\/www.upo.es\/diario\/wp-json\/wp\/v2\/users\/6"}],"replies":[{"embeddable":true,"href":"https:\/\/www.upo.es\/diario\/wp-json\/wp\/v2\/comments?post=30886978"}],"version-history":[{"count":10,"href":"https:\/\/www.upo.es\/diario\/wp-json\/wp\/v2\/posts\/30886978\/revisions"}],"predecessor-version":[{"id":30887046,"href":"https:\/\/www.upo.es\/diario\/wp-json\/wp\/v2\/posts\/30886978\/revisions\/30887046"}],"wp:featuredmedia":[{"embeddable":true,"href":"https:\/\/www.upo.es\/diario\/wp-json\/wp\/v2\/media\/30886983"}],"wp:attachment":[{"href":"https:\/\/www.upo.es\/diario\/wp-json\/wp\/v2\/media?parent=30886978"}],"wp:term":[{"taxonomy":"category","embeddable":true,"href":"https:\/\/www.upo.es\/diario\/wp-json\/wp\/v2\/categories?post=30886978"},{"taxonomy":"post_tag","embeddable":true,"href":"https:\/\/www.upo.es\/diario\/wp-json\/wp\/v2\/tags?post=30886978"}],"curies":[{"name":"wp","href":"https:\/\/api.w.org\/{rel}","templated":true}]}}