{"id":30886988,"date":"2025-06-05T10:04:29","date_gmt":"2025-06-05T08:04:29","guid":{"rendered":"https:\/\/www.upo.es\/diario\/?p=30886988"},"modified":"2025-06-05T10:04:29","modified_gmt":"2025-06-05T08:04:29","slug":"elearnia-2026-innovacion-educativa-digital","status":"publish","type":"post","link":"https:\/\/www.upo.es\/diario\/docencia-formacion\/2025\/06\/elearnia-2026-innovacion-educativa-digital\/","title":{"rendered":"La Universidad Pablo de Olavide acoger\u00e1 en 2026 el encuentro Elearnia, referencia en innovaci\u00f3n educativa digital"},"content":{"rendered":"<figure id=\"attachment_30886990\" aria-describedby=\"caption-attachment-30886990\" style=\"width: 750px\" class=\"wp-caption aligncenter\"><img loading=\"lazy\" decoding=\"async\" class=\"size-large wp-image-30886990\" src=\"https:\/\/www.upo.es\/diario\/wp-content\/uploads\/2025\/06\/computer-5130405_1280-750x500.jpg\" alt=\"Un port\u00e1til sobre una pila de libros y revistas\" width=\"750\" height=\"500\" srcset=\"https:\/\/www.upo.es\/diario\/wp-content\/uploads\/2025\/06\/computer-5130405_1280-750x500.jpg 750w, https:\/\/www.upo.es\/diario\/wp-content\/uploads\/2025\/06\/computer-5130405_1280-420x280.jpg 420w, https:\/\/www.upo.es\/diario\/wp-content\/uploads\/2025\/06\/computer-5130405_1280-768x512.jpg 768w, https:\/\/www.upo.es\/diario\/wp-content\/uploads\/2025\/06\/computer-5130405_1280-165x109.jpg 165w, https:\/\/www.upo.es\/diario\/wp-content\/uploads\/2025\/06\/computer-5130405_1280.jpg 1280w\" sizes=\"auto, (max-width: 750px) 100vw, 750px\" \/><figcaption id=\"caption-attachment-30886990\" class=\"wp-caption-text\">Imagen: Luisella Planeta<\/figcaption><\/figure>\n<p data-start=\"428\" data-end=\"842\">La Universidad Pablo de Olavide se prepara para acoger en 2026 el encuentro <strong>Elearnia, una cita de referencia en el \u00e1mbito de las tecnolog\u00edas emergentes aplicadas a la educaci\u00f3n y la formaci\u00f3n <em>online<\/em><\/strong>. Tras su edici\u00f3n de 2025 en la Universidad de Navarra, Elearnia llegar\u00e1 a Sevilla con la promesa de consolidar su papel como espacio de intercambio de experiencias y buenas pr\u00e1cticas en innovaci\u00f3n educativa digital.<\/p>\n<p data-start=\"844\" data-end=\"1498\">Organizado por <a href=\"https:\/\/www.elearningmedia.es\/\"><strong>eLearning Media<\/strong><\/a>, Elearnia ha reunido en ediciones anteriores a profesionales de m\u00e1s de cincuenta universidades, escuelas de negocio e instituciones educativas, convirti\u00e9ndose en un espacio de di\u00e1logo transversal entre equipos t\u00e9cnicos, gestores y docentes. La evoluci\u00f3n del evento en los \u00faltimos a\u00f1os ha reflejado el<strong> avance imparable de la transformaci\u00f3n digital educativa, abordando temas como el uso \u00e9tico de la inteligencia artificial en el aula, los desaf\u00edos de la accesibilidad digital, la personalizaci\u00f3n del aprendizaje mediante anal\u00edtica avanzada o la generaci\u00f3n de contenidos en entornos cada vez m\u00e1s colaborativos y distribuido<\/strong>s.<\/p>\n<p data-start=\"1500\" data-end=\"2031\">La edici\u00f3n de 2026 en la UPO se perfila como una oportunidad para mostrar los avances de la Universidad en transformaci\u00f3n digital y sostenibilidad. <strong>La Pablo de Olavide ha impulsado en los \u00faltimos a\u00f1os un ambicioso <a href=\"https:\/\/www.upo.es\/plan-transformacion-digital\">Plan de Transformaci\u00f3n Digital<\/a> que ha permitido modernizar infraestructuras, reforzar la ciberseguridad, desplegar nuevos servicios en la nube y promover el uso estrat\u00e9gico de datos en la toma de decisiones<\/strong>. Este esfuerzo se complementa con un Plan de Acci\u00f3n vinculado a los Objetivos de Desarrollo Sostenible (ODS), que incluye 85 medidas en \u00e1mbitos como la educaci\u00f3n de calidad, la igualdad de g\u00e9nero y la eficiencia energ\u00e9tica. Este doble compromiso \u2014tecnol\u00f3gico y social\u2014 sit\u00faa a la UPO como un anfitri\u00f3n natural para una cita que pone el foco no solo en la innovaci\u00f3n, sino tambi\u00e9n en su impacto institucional y pedag\u00f3gico.<\/p>\n<p data-start=\"2033\" data-end=\"2610\">Aunque a\u00fan no se ha anunciado el programa definitivo, se prev\u00e9 que Elearnia 2026 incluya <strong>ponencias de expertos nacionales e internacionales, espacios de demostraci\u00f3n tecnol\u00f3gica y mesas de debate sobre los retos inmediatos que enfrenta el aprendizaje digital<\/strong>: desde el gobierno del dato hasta la inclusi\u00f3n educativa, pasando por el dise\u00f1o de experiencias formativas significativas en un contexto de cambio acelerado. El evento tambi\u00e9n ser\u00e1 un escaparate para proyectos y soluciones impulsadas por universidades p\u00fablicas y privadas, centros de formaci\u00f3n y empresas tecnol\u00f3gicas.<\/p>\n<p data-start=\"2612\" data-end=\"2879\">Con la mirada puesta en el futuro de la educaci\u00f3n, la Universidad Pablo de Olavide se prepara as\u00ed para recibir a la comunidad Elearnia, afianzando su papel como nodo de conocimiento abierto, innovaci\u00f3n responsable y compromiso institucional con el progreso educativo.<\/p>\n<p data-start=\"2612\" data-end=\"2879\">Fuente: CIC | Vicerrectorado de Transformaci\u00f3n Digital<\/p>\n","protected":false},"excerpt":{"rendered":"<p>La Universidad Pablo de Olavide se prepara para acoger en 2026 el encuentro Elearnia, una cita de referencia en el \u00e1mbito de las tecnolog\u00edas emergentes aplicadas a la educaci\u00f3n y la formaci\u00f3n online. Tras su edici\u00f3n de 2025 en la Universidad de Navarra, Elearnia llegar\u00e1 a Sevilla con la promesa de consolidar su papel como espacio de intercambio de experiencias y buenas pr\u00e1cticas en innovaci\u00f3n educativa digital.<\/p>\n","protected":false},"author":6,"featured_media":30886990,"comment_status":"closed","ping_status":"open","sticky":false,"template":"","format":"standard","meta":{"_monsterinsights_skip_tracking":false,"_monsterinsights_sitenote_active":false,"_monsterinsights_sitenote_note":"","_monsterinsights_sitenote_category":0,"footnotes":""},"categories":[2779],"tags":[424,863,2134,5407,6785,199,5688,8425],"class_list":["post-30886988","post","type-post","status-publish","format-standard","has-post-thumbnail","hentry","category-docencia-formacion","tag-cic","tag-congresos","tag-digitalizacion","tag-docencia-online","tag-ensenanza-virtual","tag-profesorado","tag-transformacion-digital","tag-vicerrectorado-de-transformacion-digital"],"_links":{"self":[{"href":"https:\/\/www.upo.es\/diario\/wp-json\/wp\/v2\/posts\/30886988","targetHints":{"allow":["GET"]}}],"collection":[{"href":"https:\/\/www.upo.es\/diario\/wp-json\/wp\/v2\/posts"}],"about":[{"href":"https:\/\/www.upo.es\/diario\/wp-json\/wp\/v2\/types\/post"}],"author":[{"embeddable":true,"href":"https:\/\/www.upo.es\/diario\/wp-json\/wp\/v2\/users\/6"}],"replies":[{"embeddable":true,"href":"https:\/\/www.upo.es\/diario\/wp-json\/wp\/v2\/comments?post=30886988"}],"version-history":[{"count":2,"href":"https:\/\/www.upo.es\/diario\/wp-json\/wp\/v2\/posts\/30886988\/revisions"}],"predecessor-version":[{"id":30886991,"href":"https:\/\/www.upo.es\/diario\/wp-json\/wp\/v2\/posts\/30886988\/revisions\/30886991"}],"wp:featuredmedia":[{"embeddable":true,"href":"https:\/\/www.upo.es\/diario\/wp-json\/wp\/v2\/media\/30886990"}],"wp:attachment":[{"href":"https:\/\/www.upo.es\/diario\/wp-json\/wp\/v2\/media?parent=30886988"}],"wp:term":[{"taxonomy":"category","embeddable":true,"href":"https:\/\/www.upo.es\/diario\/wp-json\/wp\/v2\/categories?post=30886988"},{"taxonomy":"post_tag","embeddable":true,"href":"https:\/\/www.upo.es\/diario\/wp-json\/wp\/v2\/tags?post=30886988"}],"curies":[{"name":"wp","href":"https:\/\/api.w.org\/{rel}","templated":true}]}}