{"id":30886992,"date":"2025-06-04T20:48:01","date_gmt":"2025-06-04T18:48:01","guid":{"rendered":"https:\/\/www.upo.es\/diario\/?p=30886992"},"modified":"2025-06-05T11:14:26","modified_gmt":"2025-06-05T09:14:26","slug":"francisco-oliva-continua-como-vocal-del-comite-permanente-de-crue-tras-la-reeleccion-de-eva-alcon-como-presidenta","status":"publish","type":"post","link":"https:\/\/www.upo.es\/diario\/institucional\/2025\/06\/francisco-oliva-continua-como-vocal-del-comite-permanente-de-crue-tras-la-reeleccion-de-eva-alcon-como-presidenta\/","title":{"rendered":"Francisco Oliva contin\u00faa como vocal del Comit\u00e9 Permanente de CRUE tras la reelecci\u00f3n de Eva Alc\u00f3n como presidenta"},"content":{"rendered":"<figure id=\"attachment_30886995\" aria-describedby=\"caption-attachment-30886995\" style=\"width: 750px\" class=\"wp-caption aligncenter\"><img loading=\"lazy\" decoding=\"async\" class=\"size-large wp-image-30886995\" src=\"https:\/\/www.upo.es\/diario\/wp-content\/uploads\/2025\/06\/Junta-Rectora-CRUE-UPF-2025-750x500.jpeg\" alt=\"Comit\u00e9 permanente de CRUE y presidentes de las sectoriales en la UPF\" width=\"750\" height=\"500\" srcset=\"https:\/\/www.upo.es\/diario\/wp-content\/uploads\/2025\/06\/Junta-Rectora-CRUE-UPF-2025-750x500.jpeg 750w, https:\/\/www.upo.es\/diario\/wp-content\/uploads\/2025\/06\/Junta-Rectora-CRUE-UPF-2025-420x280.jpeg 420w, https:\/\/www.upo.es\/diario\/wp-content\/uploads\/2025\/06\/Junta-Rectora-CRUE-UPF-2025-165x109.jpeg 165w, https:\/\/www.upo.es\/diario\/wp-content\/uploads\/2025\/06\/Junta-Rectora-CRUE-UPF-2025.jpeg 768w\" sizes=\"auto, (max-width: 750px) 100vw, 750px\" \/><figcaption id=\"caption-attachment-30886995\" class=\"wp-caption-text\">Foto: Crue Universidades Espa\u00f1olas<\/figcaption><\/figure>\n<p>La Asamblea General de <a href=\"https:\/\/www.crue.org\/\">Crue Universidades Espa\u00f1olas<\/a>, celebrada este martes en el campus de Poblenou de la Universitat Pompeu Fabra, ha respaldado la <strong>reelecci\u00f3n de la rectora de la Universitat Jaume I, Eva Alc\u00f3n, como presidenta de esta asociaci\u00f3n<\/strong>, integrada por 77 universidades (50 p\u00fablicas y 27 privadas), por un a\u00f1o m\u00e1s <strong>con el objetivo de consolidar los avances logrados estos dos \u00faltimos a\u00f1os y resolver algunos de los asuntos todav\u00eda pendientes<\/strong>.<\/p>\n<p>Entre estos \u00faltimos, y que integrar\u00e1n el eje de acci\u00f3n institucional durante los pr\u00f3ximos meses, <strong>Alc\u00f3n ha destacado la necesidad de \u00abdar pasos decididos para alcanzar el 1% del PIB para la financiaci\u00f3n del sistema universitario que estipula la LOSU\u00bb as\u00ed como medidas para \u00abgarantizar en el medio y el largo plazo los recursos necesarios para consolidar los consorcios europeos de universidades\u00bb<\/strong>, adem\u00e1s de contar con un programa de fortalecimiento de las universidades y hacer un especial seguimiento de la implantaci\u00f3n del programa Mar\u00eda Goyri, para la incorporaci\u00f3n de talento docente e investigador en los campus universitarios.<\/p>\n<figure id=\"attachment_30886996\" aria-describedby=\"caption-attachment-30886996\" style=\"width: 420px\" class=\"wp-caption alignright\"><img loading=\"lazy\" decoding=\"async\" class=\"wp-image-30886996 size-medium\" src=\"https:\/\/www.upo.es\/diario\/wp-content\/uploads\/2025\/06\/Eva-Alcon-presidenta-CRUE-y-rectora-UJI-768x512-1-e1749114590315-420x405.jpeg\" alt=\"Eva Alc\u00f3n continuar\u00e1 un a a\u00f1o m\u00e1s como presidenta de CRUE\" width=\"420\" height=\"405\" srcset=\"https:\/\/www.upo.es\/diario\/wp-content\/uploads\/2025\/06\/Eva-Alcon-presidenta-CRUE-y-rectora-UJI-768x512-1-e1749114590315-420x405.jpeg 420w, https:\/\/www.upo.es\/diario\/wp-content\/uploads\/2025\/06\/Eva-Alcon-presidenta-CRUE-y-rectora-UJI-768x512-1-e1749114590315.jpeg 454w\" sizes=\"auto, (max-width: 420px) 100vw, 420px\" \/><figcaption id=\"caption-attachment-30886996\" class=\"wp-caption-text\">Eva Alc\u00f3n continuar\u00e1 un a a\u00f1o m\u00e1s como presidenta de CRUE | Foto: CRUE<\/figcaption><\/figure>\n<p>La rectora de la UJI ha subrayado que \u00abCRUE es un instrumento esencial para que, desde la pluralidad y la singularidad de las universidades, se nos atienda cuando alzamos la voz\u00bb. Por ese motivo,<strong> la reelegida presidenta de la Conferencia de Rectoras y Rectores de las Universidades Espa\u00f1olas ha se\u00f1alado la importancia de \u00abvisibilizar la fortaleza del sistema universitario en su conjunto\u00bb<\/strong> y que CRUE se proyecte \u00abcomo asociaci\u00f3n capaz de ser interlocutora con los distintos gobiernos e influir positivamente en la pol\u00edtica universitaria y de ciencia e innovaci\u00f3n en Espa\u00f1a\u00bb.<\/p>\n<p>Al igual que durante estos dos \u00faltimos a\u00f1os, ha afirmado que se abre una etapa de escucha permanente a las universidades como instrumento fundamental para poder canalizar las demandas del sistema universitario. En este sentido, la presidenta Alc\u00f3n se ha mostrado convencida de que la \u00abunidad y fortaleza ser\u00e1 el mejor escudo para que se atiendan nuestras demandas\u00bb y que se reconozca, en su justa dimensi\u00f3n, el papel del conocimiento y la innovaci\u00f3n como palanca de transformaci\u00f3n social.<\/p>\n<p>Por \u00faltimo, en su discurso ante la Asamblea General tambi\u00e9n se ha comprometido a <strong>defender \u00abla autonom\u00eda universitaria, la libertad de c\u00e1tedra y los valores del mundo acad\u00e9mico, que son asimismo los del Estado de Derecho y la convivencia\u00bb<\/strong>.<\/p>\n<h3><strong>El rector de la UPO seguir\u00e1 como vocal del Comit\u00e9 Permanente<\/strong><\/h3>\n<p>Junto con la\u00a0reelecci\u00f3n\u00a0de\u00a0Alc\u00f3n, el Comit\u00e9 Permanente pasa a estar formado por <strong>Jos\u00e9 Luj\u00e1n<\/strong>, rector de la Universidad de Murcia, como vicepresidente primero; y <strong>Rosa Visiedo<\/strong>, rectora de la Universidad CEU San Pablo, que se mantiene como vicepresidenta segunda. Tambi\u00e9n se mantienen como vocales <strong>Amaya Mendikoetxea<\/strong>, rectora de la Universidad Aut\u00f3noma de Madrid; <strong>Laia de Nadal<\/strong>, rectora de la Universitat Pompeu Fabra; <strong>Francisco Oliva Bl\u00e1zquez<\/strong>, rector de la Universidad Pablo de Olavide, y <strong>Vicente Atxa<\/strong>, rector de la Mondragon Unibertsitatea.<\/p>\n<p>Adem\u00e1s, la rectora de la Universidad de Cantabria, <strong>Concepci\u00f3n L\u00f3pez<\/strong>, ser\u00e1 la delegada de la Presidencia para Pol\u00edticas de Igualdad, y el rector de la Universitat de Lleida, <strong>Jaume Puy<\/strong>, ser\u00e1 el delegado de la Presidencia para la Ciencia Abierta.<\/p>\n<p>En cuanto a las presidencias de las <strong>Comisiones Sectoriales<\/strong>, la de Asuntos Estudiantiles estar\u00e1 encabezada por Jos\u00e9 Joaqu\u00edn C\u00e9spedes, rector de la Universidad de Almer\u00eda; la Sectorial de Digitalizaci\u00f3n por Jos\u00e9 E. Capilla Rom\u00e1, rector de la Universitat Polit\u00e8cnica de Val\u00e8ncia; la de Docencia por Ram\u00f3n Gonzalo, rector de la Universidad P\u00fablica de Navarra; la de Gerencias por Amparo Navarro, rectora de la Universitat d\u2019Alacant; la Sectorial de I+D+I por Jos\u00e9 Juli\u00e1n Garde, rector de la Universidad de Castilla-La Mancha; la de Internacionalizaci\u00f3n y Cooperaci\u00f3n por Ricardo Mairal, rector de la Universidad Nacional de Educaci\u00f3n a Distancia; la de Profesorado por Joan Gu\u00e0rdia, rector de la Universitat de Barcelona; la de Secretar\u00edas Generales por Antonio L\u00f3pez, rector de la Universidade de Santiago de Compostela; y la Sectorial de Sostenibilidad por Nuria Gonz\u00e1lez, rectora de la Universidad de Le\u00f3n.<\/p>\n<p>Fuente: Crue Universidades Espa\u00f1olas<\/p>\n","protected":false},"excerpt":{"rendered":"<p>La Asamblea General de Crue Universidades Espa\u00f1olas respalda la gesti\u00f3n de la rectora de la Universitat Jaume I por un a\u00f1o m\u00e1s con el fin de consolidar los avances logrados desde 2023.<\/p>\n","protected":false},"author":6,"featured_media":30886995,"comment_status":"closed","ping_status":"open","sticky":false,"template":"","format":"standard","meta":{"_monsterinsights_skip_tracking":false,"_monsterinsights_sitenote_active":false,"_monsterinsights_sitenote_note":"","_monsterinsights_sitenote_category":0,"footnotes":""},"categories":[6],"tags":[4124,69,285,4021,1576,39],"class_list":["post-30886992","post","type-post","status-publish","format-standard","has-post-thumbnail","hentry","category-institucional","tag-crue-universidades-espanolas","tag-elecciones","tag-espana","tag-francisco-oliva-blazquez","tag-universidad-pompeu-fabra-upf","tag-universidades"],"_links":{"self":[{"href":"https:\/\/www.upo.es\/diario\/wp-json\/wp\/v2\/posts\/30886992","targetHints":{"allow":["GET"]}}],"collection":[{"href":"https:\/\/www.upo.es\/diario\/wp-json\/wp\/v2\/posts"}],"about":[{"href":"https:\/\/www.upo.es\/diario\/wp-json\/wp\/v2\/types\/post"}],"author":[{"embeddable":true,"href":"https:\/\/www.upo.es\/diario\/wp-json\/wp\/v2\/users\/6"}],"replies":[{"embeddable":true,"href":"https:\/\/www.upo.es\/diario\/wp-json\/wp\/v2\/comments?post=30886992"}],"version-history":[{"count":5,"href":"https:\/\/www.upo.es\/diario\/wp-json\/wp\/v2\/posts\/30886992\/revisions"}],"predecessor-version":[{"id":30886999,"href":"https:\/\/www.upo.es\/diario\/wp-json\/wp\/v2\/posts\/30886992\/revisions\/30886999"}],"wp:featuredmedia":[{"embeddable":true,"href":"https:\/\/www.upo.es\/diario\/wp-json\/wp\/v2\/media\/30886995"}],"wp:attachment":[{"href":"https:\/\/www.upo.es\/diario\/wp-json\/wp\/v2\/media?parent=30886992"}],"wp:term":[{"taxonomy":"category","embeddable":true,"href":"https:\/\/www.upo.es\/diario\/wp-json\/wp\/v2\/categories?post=30886992"},{"taxonomy":"post_tag","embeddable":true,"href":"https:\/\/www.upo.es\/diario\/wp-json\/wp\/v2\/tags?post=30886992"}],"curies":[{"name":"wp","href":"https:\/\/api.w.org\/{rel}","templated":true}]}}