{"id":30887008,"date":"2025-06-05T14:33:28","date_gmt":"2025-06-05T12:33:28","guid":{"rendered":"https:\/\/www.upo.es\/diario\/?p=30887008"},"modified":"2025-06-11T09:30:32","modified_gmt":"2025-06-11T07:30:32","slug":"universidad-pablo-olavide-comunicara-las-notas-pevau-jueves-12-de-junio","status":"publish","type":"post","link":"https:\/\/www.upo.es\/diario\/institucional\/2025\/06\/universidad-pablo-olavide-comunicara-las-notas-pevau-jueves-12-de-junio\/","title":{"rendered":"La Universidad Pablo de Olavide comunicar\u00e1 las notas de la PAU el jueves 12 de junio"},"content":{"rendered":"<figure id=\"attachment_30887013\" aria-describedby=\"caption-attachment-30887013\" style=\"width: 750px\" class=\"wp-caption aligncenter\"><a href=\"https:\/\/www.upo.es\/diario\/wp-content\/uploads\/2025\/06\/PAU-2025-2-scaled.jpg\"><img loading=\"lazy\" decoding=\"async\" class=\"wp-image-30887013 size-large\" src=\"https:\/\/www.upo.es\/diario\/wp-content\/uploads\/2025\/06\/PAU-2025-2-750x500.jpg\" alt=\"\" width=\"750\" height=\"500\" srcset=\"https:\/\/www.upo.es\/diario\/wp-content\/uploads\/2025\/06\/PAU-2025-2-750x500.jpg 750w, https:\/\/www.upo.es\/diario\/wp-content\/uploads\/2025\/06\/PAU-2025-2-420x280.jpg 420w, https:\/\/www.upo.es\/diario\/wp-content\/uploads\/2025\/06\/PAU-2025-2-768x512.jpg 768w, https:\/\/www.upo.es\/diario\/wp-content\/uploads\/2025\/06\/PAU-2025-2-1536x1024.jpg 1536w, https:\/\/www.upo.es\/diario\/wp-content\/uploads\/2025\/06\/PAU-2025-2-2048x1365.jpg 2048w, https:\/\/www.upo.es\/diario\/wp-content\/uploads\/2025\/06\/PAU-2025-2-165x109.jpg 165w, https:\/\/www.upo.es\/diario\/wp-content\/uploads\/2025\/06\/PAU-2025-2-1320x880.jpg 1320w\" sizes=\"auto, (max-width: 750px) 100vw, 750px\" \/><\/a><figcaption id=\"caption-attachment-30887013\" class=\"wp-caption-text\">Alumnado que se ha examinado de la PAU en la UPO.<\/figcaption><\/figure>\n<p>Un total de 1693 estudiantes de Bachillerato y Ciclos Formativos de 35 centros de Sevilla capital y provincia han finalizado sin incidencias los ex\u00e1menes de la fase de acceso y de admisi\u00f3n de la Prueba de Acceso a la Universidad (PAU) en el campus de la Universidad Pablo de Olavide. <u>El jueves 12 de junio, a las 10:00 horas<\/u>, los y las estudiantes <strong>recibir\u00e1n por SMS y por email las calificaciones obtenidas en las pruebas<\/strong>, que podr\u00e1n tambi\u00e9n consultarse a trav\u00e9s de los <strong>servicios personales en la web de la Universidad <\/strong><a href=\"http:\/\/www.upo.es\">www.upo.es<\/a><\/p>\n<p>La <strong>revisi\u00f3n de ex\u00e1menes<\/strong> podr\u00e1 solicitarse entre el 13 y 17 de junio inclusives. Para superar la fase de acceso no es necesario aprobar cada examen por separado, sino que la calificaci\u00f3n media ha de ser igual o superior a 4 y la media ponderada con Bachillerato (60% Bachillerato + 40% ex\u00e1menes de acceso) debe ser igual o superior a 5. Es decir, <strong>la nota final de acceso se obtiene tras ponderar los resultados con la nota media del Bachillerato y variar\u00e1 entre 5 y 10 puntos<\/strong>. Esta calificaci\u00f3n otorga acceso indefinido a la Universidad y <strong>puede mejorarse en la fase de admisi\u00f3n con hasta cuatro puntos m\u00e1s<\/strong>. En ella, se eval\u00faan los conocimientos y capacidades de alumnos y alumnas de hasta tres materias de segundo curso de bachillerato, comunes o de modalidad, distintas a aquellas de las que se hubieran examinado en la prueba de acceso.<\/p>\n<p>Adem\u00e1s, en la fase de admisi\u00f3n, han podido examinarse de una segunda lengua extranjera distinta de la que hubieran elegido en dicha prueba. Solo computar\u00e1 la nota de las dos materias que m\u00e1s aporten a esta elecci\u00f3n seg\u00fan la ponderaci\u00f3n por titulaci\u00f3n, permitiendo alcanzar una <strong>calificaci\u00f3n final m\u00e1xima de 14 puntos<\/strong>.<\/p>\n<p>El <strong>proceso de preinscripci\u00f3n<\/strong>, donde se realizar\u00e1 la solicitud de plazas en las Universidades P\u00fablicas Andaluzas, <strong>comprende entre el 12 y el 23 de junio<\/strong>. Todo ello de forma telem\u00e1tica a trav\u00e9s de la p\u00e1gina del <a href=\"https:\/\/www.juntadeandalucia.es\/economiaconocimientoempresasyuniversidad\/sguit\/\">Distrito \u00danico Andaluz<\/a>. Para m\u00e1s informaci\u00f3n, la UPO pone a disposici\u00f3n de los y las estudiantes <a href=\"https:\/\/www.upo.es\/estudiantes\/es\/index.html\">iPuntOlavide<\/a>, un portal de informaci\u00f3n donde encontrar orientaci\u00f3n sobre estos procesos en la secci\u00f3n <a href=\"https:\/\/www.upo.es\/estudiantes\/es\/futuros-estudiantes\/\">Antes del Grado<\/a>. La <strong>convocatoria extraordinaria de la PAU 2025<\/strong> se realizar\u00e1 en Andaluc\u00eda <u>entre el 1 y el 3 de julio<\/u>.<\/p>\n<p>Al concluir las Pruebas de Acceso a la Universidad, la vicerrectora de Estudiantes de la UPO <strong>Mar\u00eda del Pilar Moreno Navarro <\/strong>ha querido expresar su agradecimiento \u201ca todos los servicios de la Universidad que han hecho posible el desarrollo de este proceso con eficacia, compromiso y profesionalidad\u201d. La vicerrectora ha destacado la labor de dichos servicios tanto en la preparaci\u00f3n previa como en la gesti\u00f3n durante los d\u00edas de examen y en las tareas que a\u00fan quedan por delante, fundamental para garantizar que todo transcurra con normalidad. \u201cQuiero destacar especialmente el trabajo del \u00c1rea de Estudiantes, cuya dedicaci\u00f3n y coordinaci\u00f3n han sido clave para acompa\u00f1ar al estudiantado en cada paso del camino\u201d, resalta Mar\u00eda del Pilar Moreno.<\/p>\n<p>La vicerrectora de Estudiantes ha querido felicitar a todas y todos los participantes en estas pruebas, reconociendo \u201cel esfuerzo, la constancia y la madurez con la que hab\u00e9is afrontado este importante reto. Sabemos que ahora comienza una etapa de espera cargada de ilusi\u00f3n, y por ello os pedimos paciencia y confianza en el proceso\u201d. Asimismo, ha expresado su deseo de que el estudiantado elija la Universidad Pablo de Olavide como el lugar donde continuar su formaci\u00f3n, \u201cconfiando en la calidad y solidez de la ense\u00f1anza que ofrecemos\u201d.<\/p>\n<p>Finalmente, Mar\u00eda del Pilar Moreno ha querido trasladar un mensaje de \u00e1nimo y reconocimiento al profesorado de universidad y de institutos de educaci\u00f3n secundaria que, como vocales correctores, est\u00e1 dedicando estos d\u00edas a una labor tan exigente como esencial. \u201cGracias por vuestra profesionalidad, por el rigor con el que evalu\u00e1is cada examen y por el compromiso con la calidad del sistema educativo. Vuestra labor es imprescindible para garantizar un proceso justo y fiable para todo el estudiantado\u201d, destaca la vicerrectora.<\/p>\n<h3><strong>Oferta de plazas de nuevo ingreso<\/strong><\/h3>\n<p>La Universidad Pablo de Olavide oferta para el curso 2025\/2026 un total de <strong>2254 plazas para estudiantes de nuevo ingreso<\/strong>, con<strong> 41 t\u00edtulos de grado <\/strong>distribuidos en<strong> 24 grados <\/strong>y <strong>17 dobles grados, <\/strong>impartidos en sus seis Facultades y en la Escuela Polit\u00e9cnica Superior.<\/p>\n<p><a href=\"https:\/\/www.upo.es\/diario\/wp-content\/uploads\/2025\/06\/PLAZAS-UPO.png\"><img loading=\"lazy\" decoding=\"async\" class=\"aligncenter size-large wp-image-30887010\" src=\"https:\/\/www.upo.es\/diario\/wp-content\/uploads\/2025\/06\/PLAZAS-UPO-599x525.png\" alt=\"\" width=\"599\" height=\"525\" srcset=\"https:\/\/www.upo.es\/diario\/wp-content\/uploads\/2025\/06\/PLAZAS-UPO-599x525.png 599w, https:\/\/www.upo.es\/diario\/wp-content\/uploads\/2025\/06\/PLAZAS-UPO-420x368.png 420w, https:\/\/www.upo.es\/diario\/wp-content\/uploads\/2025\/06\/PLAZAS-UPO-768x673.png 768w, https:\/\/www.upo.es\/diario\/wp-content\/uploads\/2025\/06\/PLAZAS-UPO-1536x1345.png 1536w, https:\/\/www.upo.es\/diario\/wp-content\/uploads\/2025\/06\/PLAZAS-UPO-2048x1794.png 2048w, https:\/\/www.upo.es\/diario\/wp-content\/uploads\/2025\/06\/PLAZAS-UPO-1320x1156.png 1320w\" sizes=\"auto, (max-width: 599px) 100vw, 599px\" \/><\/a><\/p>\n<p>&nbsp;<\/p>\n<p><strong>Centro Adscrito San Isidoro<\/strong><\/p>\n<p>Asimismo, la UPO cuenta con el Centro Adscrito San Isidoro que oferta para el pr\u00f3ximo curso 10 Grados y dobles grados con <strong>642 plazas <\/strong>en total.<\/p>\n<p><strong> <a href=\"https:\/\/www.upo.es\/diario\/wp-content\/uploads\/2025\/06\/PLAZAS-San-Isidoro.png\"><img loading=\"lazy\" decoding=\"async\" class=\"aligncenter size-large wp-image-30887011\" src=\"https:\/\/www.upo.es\/diario\/wp-content\/uploads\/2025\/06\/PLAZAS-San-Isidoro-750x276.png\" alt=\"\" width=\"750\" height=\"276\" srcset=\"https:\/\/www.upo.es\/diario\/wp-content\/uploads\/2025\/06\/PLAZAS-San-Isidoro-750x276.png 750w, https:\/\/www.upo.es\/diario\/wp-content\/uploads\/2025\/06\/PLAZAS-San-Isidoro-420x154.png 420w, https:\/\/www.upo.es\/diario\/wp-content\/uploads\/2025\/06\/PLAZAS-San-Isidoro-768x282.png 768w, https:\/\/www.upo.es\/diario\/wp-content\/uploads\/2025\/06\/PLAZAS-San-Isidoro-1536x564.png 1536w, https:\/\/www.upo.es\/diario\/wp-content\/uploads\/2025\/06\/PLAZAS-San-Isidoro-2048x753.png 2048w, https:\/\/www.upo.es\/diario\/wp-content\/uploads\/2025\/06\/PLAZAS-San-Isidoro-1320x485.png 1320w\" sizes=\"auto, (max-width: 750px) 100vw, 750px\" \/><\/a><\/strong><\/p>\n<h3><strong>M\u00e1s informaci\u00f3n:<\/strong><\/h3>\n<p><a href=\"https:\/\/www.upo.es\/asistencia-estudiante\/\">\u00c1rea de Estudiantes de Grado<\/a><\/p>\n<p><a href=\"https:\/\/www.upo.es\/estudiantes\/es\/\">iPuntOlavide, Portal de Estudiantes de la UPO<\/a><\/p>\n<p><a href=\"https:\/\/www.juntadeandalucia.es\/economiaconocimientoempresasyuniversidad\/sguit\/?q=grados\">Distrito \u00danico Andaluz<\/a><\/p>\n<p>Toda nuestra oferta de grados y dobles grados en <a href=\"http:\/\/www.upo.es\/laolavideerestu\">www.upo.es\/laolavideerestu<\/a><\/p>\n<p>&nbsp;<\/p>\n","protected":false},"excerpt":{"rendered":"<p>Un total de 1693 estudiantes de Bachillerato y Ciclos Formativos de 35 centros de Sevilla capital y provincia han finalizado sin incidencias los ex\u00e1menes de la fase de acceso y de admisi\u00f3n de la Prueba de Acceso a la Universidad (PAU) en el campus de la Universidad Pablo de Olavide. El jueves 12 de junio, a las 10:00 horas, los y las estudiantes recibir\u00e1n por SMS y por email las calificaciones obtenidas en las pruebas, que podr\u00e1n tambi\u00e9n consultarse a trav\u00e9s de los servicios personales en la web de la Universidad www.upo.es<\/p>\n","protected":false},"author":2,"featured_media":30887013,"comment_status":"closed","ping_status":"open","sticky":false,"template":"","format":"standard","meta":{"_monsterinsights_skip_tracking":false,"_monsterinsights_sitenote_active":false,"_monsterinsights_sitenote_note":"","_monsterinsights_sitenote_category":0,"footnotes":""},"categories":[6],"tags":[501,9189,644,1783,717,21,668,690,2114],"class_list":["post-30887008","post","type-post","status-publish","format-standard","has-post-thumbnail","hentry","category-institucional","tag-acceso","tag-area-de-estudiantes-de-grado","tag-bachillerato","tag-ciclos-formativos","tag-distrito-unico-andaluz","tag-estudiantes","tag-pau","tag-prueba-de-acceso-a-la-universidad","tag-vicerrectorado-de-estudiantes"],"_links":{"self":[{"href":"https:\/\/www.upo.es\/diario\/wp-json\/wp\/v2\/posts\/30887008","targetHints":{"allow":["GET"]}}],"collection":[{"href":"https:\/\/www.upo.es\/diario\/wp-json\/wp\/v2\/posts"}],"about":[{"href":"https:\/\/www.upo.es\/diario\/wp-json\/wp\/v2\/types\/post"}],"author":[{"embeddable":true,"href":"https:\/\/www.upo.es\/diario\/wp-json\/wp\/v2\/users\/2"}],"replies":[{"embeddable":true,"href":"https:\/\/www.upo.es\/diario\/wp-json\/wp\/v2\/comments?post=30887008"}],"version-history":[{"count":5,"href":"https:\/\/www.upo.es\/diario\/wp-json\/wp\/v2\/posts\/30887008\/revisions"}],"predecessor-version":[{"id":30887016,"href":"https:\/\/www.upo.es\/diario\/wp-json\/wp\/v2\/posts\/30887008\/revisions\/30887016"}],"wp:featuredmedia":[{"embeddable":true,"href":"https:\/\/www.upo.es\/diario\/wp-json\/wp\/v2\/media\/30887013"}],"wp:attachment":[{"href":"https:\/\/www.upo.es\/diario\/wp-json\/wp\/v2\/media?parent=30887008"}],"wp:term":[{"taxonomy":"category","embeddable":true,"href":"https:\/\/www.upo.es\/diario\/wp-json\/wp\/v2\/categories?post=30887008"},{"taxonomy":"post_tag","embeddable":true,"href":"https:\/\/www.upo.es\/diario\/wp-json\/wp\/v2\/tags?post=30887008"}],"curies":[{"name":"wp","href":"https:\/\/api.w.org\/{rel}","templated":true}]}}