{"id":30887031,"date":"2025-06-06T11:30:53","date_gmt":"2025-06-06T09:30:53","guid":{"rendered":"https:\/\/www.upo.es\/diario\/?p=30887031"},"modified":"2025-06-06T11:30:53","modified_gmt":"2025-06-06T09:30:53","slug":"el-alumnado-egresado-en-los-grados-en-humanidades-celebra-su-graduacion-2","status":"publish","type":"post","link":"https:\/\/www.upo.es\/diario\/comunidad\/2025\/06\/el-alumnado-egresado-en-los-grados-en-humanidades-celebra-su-graduacion-2\/","title":{"rendered":"El alumnado egresado en los Grados en Humanidades celebra su graduaci\u00f3n"},"content":{"rendered":"<figure id=\"attachment_30887032\" aria-describedby=\"caption-attachment-30887032\" style=\"width: 750px\" class=\"wp-caption aligncenter\"><a href=\"https:\/\/www.upo.es\/diario\/wp-content\/uploads\/2025\/06\/12-scaled.jpg\"><img loading=\"lazy\" decoding=\"async\" class=\"size-large wp-image-30887032\" src=\"https:\/\/www.upo.es\/diario\/wp-content\/uploads\/2025\/06\/12-750x422.jpg\" alt=\"\" width=\"750\" height=\"422\" srcset=\"https:\/\/www.upo.es\/diario\/wp-content\/uploads\/2025\/06\/12-750x422.jpg 750w, https:\/\/www.upo.es\/diario\/wp-content\/uploads\/2025\/06\/12-420x237.jpg 420w, https:\/\/www.upo.es\/diario\/wp-content\/uploads\/2025\/06\/12-768x432.jpg 768w, https:\/\/www.upo.es\/diario\/wp-content\/uploads\/2025\/06\/12-1536x865.jpg 1536w, https:\/\/www.upo.es\/diario\/wp-content\/uploads\/2025\/06\/12-2048x1153.jpg 2048w, https:\/\/www.upo.es\/diario\/wp-content\/uploads\/2025\/06\/12-1320x743.jpg 1320w\" sizes=\"auto, (max-width: 750px) 100vw, 750px\" \/><\/a><figcaption id=\"caption-attachment-30887032\" class=\"wp-caption-text\">Promoci\u00f3n 2021\/25 del Grado de Humanidades y Promoci\u00f3n 2020\/2025 del Doble Grado en Humanidades y Traducci\u00f3n e Interpretaci\u00f3n de la UPO<\/figcaption><\/figure>\n<p><strong>La promoci\u00f3n 2021\/2025 del Grado en Humanidades y la promoci\u00f3n 2020\/2025 del Doble Grado en Humanidades y Traducci\u00f3n e Interpretaci\u00f3n<\/strong> celebraron su ceremonia de graduaci\u00f3n el pasado jueves en el Paraninfo de la Universidad Pablo de Olavide. El acto fue presidido por la decana de la Facultad de Humanidades, Mar\u00eda Losada Friend.<\/p>\n<p><strong>Las madrinas de las promociones han sido, para el Grado en Humanidades, la catedr\u00e1tica de Filosof\u00eda de la UPO Cinta Canterla Gonz\u00e1lez, y, para el Doble Grado, el profesor del \u00c1rea de Filolog\u00eda Latina de la UPO Alberto Marina Castillo<\/strong>. A la ceremonia tambi\u00e9n han asistido como profesores honor\u00edficos Juan Luis Mart\u00ednez de la Fuente del \u00c1rea de Historia Contempor\u00e1nea y Manuel Barea Mu\u00f1oz del \u00c1rea de Traducci\u00f3n e Interpretaci\u00f3n.<\/p>\n<p>En representaci\u00f3n del alumnado egresado, pronunciaron los discursos Ana Mar\u00eda Fern\u00e1ndez do Nascimento del Grado en Humanidades, y Ana S\u00e1nchez Mart\u00edn y Carlota L\u00f3pez G\u00f3mez del Doble Grado en Humanidades y Traducci\u00f3n e Interpretaci\u00f3n. Un total de 31 egresados y egresadas asistieron, junto a sus familiares, a este acto con el que la Universidad Pablo de Olavide recupera una antigua tradici\u00f3n de las universidades europeas.<\/p>\n<p><a href=\"https:\/\/www.upo.es\/diario\/wp-content\/uploads\/2025\/06\/14-scaled.jpg\"><img loading=\"lazy\" decoding=\"async\" class=\"size-large wp-image-30887033\" src=\"https:\/\/www.upo.es\/diario\/wp-content\/uploads\/2025\/06\/14-750x422.jpg\" alt=\"\" width=\"750\" height=\"422\" srcset=\"https:\/\/www.upo.es\/diario\/wp-content\/uploads\/2025\/06\/14-750x422.jpg 750w, https:\/\/www.upo.es\/diario\/wp-content\/uploads\/2025\/06\/14-420x237.jpg 420w, https:\/\/www.upo.es\/diario\/wp-content\/uploads\/2025\/06\/14-768x432.jpg 768w, https:\/\/www.upo.es\/diario\/wp-content\/uploads\/2025\/06\/14-1536x865.jpg 1536w, https:\/\/www.upo.es\/diario\/wp-content\/uploads\/2025\/06\/14-2048x1153.jpg 2048w, https:\/\/www.upo.es\/diario\/wp-content\/uploads\/2025\/06\/14-1320x743.jpg 1320w\" sizes=\"auto, (max-width: 750px) 100vw, 750px\" \/><\/a><\/p>\n","protected":false},"excerpt":{"rendered":"<p>La promoci\u00f3n 2021\/2025 del Grado en Humanidades y la promoci\u00f3n 2020\/2025 del Doble Grado en Humanidades y Traducci\u00f3n e Interpretaci\u00f3n celebraron su ceremonia de graduaci\u00f3n en el Paraninfo de la Universidad Pablo de Olavide. El acto fue presidido por la decana de la Facultad de Humanidades, Mar\u00eda Losada Friend.<\/p>\n","protected":false},"author":4,"featured_media":30887032,"comment_status":"closed","ping_status":"open","sticky":false,"template":"","format":"standard","meta":{"_monsterinsights_skip_tracking":false,"_monsterinsights_sitenote_active":false,"_monsterinsights_sitenote_note":"","_monsterinsights_sitenote_category":0,"footnotes":""},"categories":[5842],"tags":[581,2548,96,4176,1567,5042],"class_list":["post-30887031","post","type-post","status-publish","format-standard","has-post-thumbnail","hentry","category-comunidad","tag-ceremonia-de-egresados","tag-doble-grado-en-humanidades-y-traduccion-e-interpretacion","tag-facultad-de-humanidades","tag-fin-de-grado","tag-grado-en-humanidades","tag-graduacion"],"_links":{"self":[{"href":"https:\/\/www.upo.es\/diario\/wp-json\/wp\/v2\/posts\/30887031","targetHints":{"allow":["GET"]}}],"collection":[{"href":"https:\/\/www.upo.es\/diario\/wp-json\/wp\/v2\/posts"}],"about":[{"href":"https:\/\/www.upo.es\/diario\/wp-json\/wp\/v2\/types\/post"}],"author":[{"embeddable":true,"href":"https:\/\/www.upo.es\/diario\/wp-json\/wp\/v2\/users\/4"}],"replies":[{"embeddable":true,"href":"https:\/\/www.upo.es\/diario\/wp-json\/wp\/v2\/comments?post=30887031"}],"version-history":[{"count":1,"href":"https:\/\/www.upo.es\/diario\/wp-json\/wp\/v2\/posts\/30887031\/revisions"}],"predecessor-version":[{"id":30887034,"href":"https:\/\/www.upo.es\/diario\/wp-json\/wp\/v2\/posts\/30887031\/revisions\/30887034"}],"wp:featuredmedia":[{"embeddable":true,"href":"https:\/\/www.upo.es\/diario\/wp-json\/wp\/v2\/media\/30887032"}],"wp:attachment":[{"href":"https:\/\/www.upo.es\/diario\/wp-json\/wp\/v2\/media?parent=30887031"}],"wp:term":[{"taxonomy":"category","embeddable":true,"href":"https:\/\/www.upo.es\/diario\/wp-json\/wp\/v2\/categories?post=30887031"},{"taxonomy":"post_tag","embeddable":true,"href":"https:\/\/www.upo.es\/diario\/wp-json\/wp\/v2\/tags?post=30887031"}],"curies":[{"name":"wp","href":"https:\/\/api.w.org\/{rel}","templated":true}]}}