{"id":30887047,"date":"2025-06-05T19:45:58","date_gmt":"2025-06-05T17:45:58","guid":{"rendered":"https:\/\/www.upo.es\/diario\/?p=30887047"},"modified":"2025-06-10T10:03:03","modified_gmt":"2025-06-10T08:03:03","slug":"la-upo-participa-en-el-evento-organizado-por-los-10-anos-de-yerun-la-red-europea-de-jovenes-universidades-investigadoras","status":"publish","type":"post","link":"https:\/\/www.upo.es\/diario\/institucional\/2025\/06\/la-upo-participa-en-el-evento-organizado-por-los-10-anos-de-yerun-la-red-europea-de-jovenes-universidades-investigadoras\/","title":{"rendered":"La UPO participa en el evento organizado por los 10 a\u00f1os de YERUN, la red europea de j\u00f3venes universidades investigadoras"},"content":{"rendered":"<figure id=\"attachment_30887049\" aria-describedby=\"caption-attachment-30887049\" style=\"width: 659px\" class=\"wp-caption aligncenter\"><a href=\"https:\/\/www.upo.es\/diario\/wp-content\/uploads\/2025\/06\/YERUN_10years.jpg\"><img loading=\"lazy\" decoding=\"async\" class=\"size-large wp-image-30887049\" src=\"https:\/\/www.upo.es\/diario\/wp-content\/uploads\/2025\/06\/YERUN_10years-659x525.jpg\" alt=\"MAri\u00e1n Mor\u00f3n, Lina G\u00e1lvez y Antonia Jim\u00e9nez en la YERUN 10th Anniversary Conference\" width=\"659\" height=\"525\" srcset=\"https:\/\/www.upo.es\/diario\/wp-content\/uploads\/2025\/06\/YERUN_10years-659x525.jpg 659w, https:\/\/www.upo.es\/diario\/wp-content\/uploads\/2025\/06\/YERUN_10years-420x335.jpg 420w, https:\/\/www.upo.es\/diario\/wp-content\/uploads\/2025\/06\/YERUN_10years-768x612.jpg 768w, https:\/\/www.upo.es\/diario\/wp-content\/uploads\/2025\/06\/YERUN_10years.jpg 1200w\" sizes=\"auto, (max-width: 659px) 100vw, 659px\" \/><\/a><figcaption id=\"caption-attachment-30887049\" class=\"wp-caption-text\">MAri\u00e1n Mor\u00f3n, Lina G\u00e1lvez y Antonia Jim\u00e9nez en la YERUN 10th Anniversary Conference<\/figcaption><\/figure>\n<p>Con motivo de su d\u00e9cimo aniversario, la red europea de j\u00f3venes universidades investigadoras (Young European Research Universities Network, YERUN) ha organizado la <a href=\"https:\/\/yerun.eu\/yerun-is-celebrating10-years-of-its-existence\/\"><em>YERUN 10th Anniversary Conference<\/em><\/a>\u00a0 una jornada celebrada en Bruselas este jueves que ha contado con representantes universitarios y responsables de educaci\u00f3n superior de varios pa\u00edses europeos y de las instituciones comunitarias. <strong>Mari\u00e1n Mor\u00f3n<\/strong> y <strong>Antonia Jim\u00e9nez<\/strong>, vicerrectoras de Internacionalizaci\u00f3n y de Investigaci\u00f3n, Transferencia y Doctorado, han asistido a un programa que ha contado con la catedr\u00e1tica de la UPO y europarlamentaria <strong>Lina G\u00e1lvez<\/strong> entre las ponentes invitadas.<\/p>\n<p>&#8216;<em>Europe\u2019s Competitiveness: What Are the Real Assets of Europe? Can Technology Alone Save Us?<\/em>&#8216; ha sido la mesa redonda en la que ha participado G\u00e1lvez, en un programa que ha sido inaugurado por <strong>Henna Virkkunen<\/strong>, vicepresidenta ejecutiva de Soberan\u00eda Tecnol\u00f3gica, Seguridad y Democracia de la Comisi\u00f3n Europea.<\/p>\n<p>&#8216;<em>Enabling Talent to Grow<\/em>&#8216; es el lema de <a href=\"https:\/\/yerun.eu\/\">YERUN<\/a>, fundada en 2015 e integrada por 24 instituciones, la red trata de favorecer un entorno de educaci\u00f3n superior en el que las j\u00f3venes universidades tengan la visibilidad y el rol que les corresponde en la definici\u00f3n y el futuro de la educaci\u00f3n superior en Europa. Con este fin, YERUN promueve la colaboraci\u00f3n y la transformaci\u00f3n de las universidades gracias a la innovaci\u00f3n abierta y a valores compartidos como la inclusi\u00f3n y la responsabilidad social.<\/p>\n","protected":false},"excerpt":{"rendered":"<p>Con motivo de su d\u00e9cimo aniversario, la la red europea de j\u00f3venes universidades investigadoras (Young European Research Universities Network, YERUN) ha organizado la YERUN 10 Anniversary Conference\u00a0 una jornada que ha contado con representantes universitarios y responsables de educaci\u00f3n superior de varios pa\u00edses europeos y de las instituciones comunitarias.<\/p>\n","protected":false},"author":6,"featured_media":30887049,"comment_status":"closed","ping_status":"open","sticky":false,"template":"","format":"standard","meta":{"_monsterinsights_skip_tracking":false,"_monsterinsights_sitenote_active":false,"_monsterinsights_sitenote_note":"","_monsterinsights_sitenote_category":0,"footnotes":""},"categories":[6],"tags":[4504,2190,454,925,56,898,7790,68,39],"class_list":["post-30887047","post","type-post","status-publish","format-standard","has-post-thumbnail","hentry","category-institucional","tag-antonia-jimenez","tag-educacion-superior","tag-europa","tag-internacionalizacion","tag-investigacion","tag-lina-galvez","tag-marian-moron","tag-union-europea","tag-universidades"],"_links":{"self":[{"href":"https:\/\/www.upo.es\/diario\/wp-json\/wp\/v2\/posts\/30887047","targetHints":{"allow":["GET"]}}],"collection":[{"href":"https:\/\/www.upo.es\/diario\/wp-json\/wp\/v2\/posts"}],"about":[{"href":"https:\/\/www.upo.es\/diario\/wp-json\/wp\/v2\/types\/post"}],"author":[{"embeddable":true,"href":"https:\/\/www.upo.es\/diario\/wp-json\/wp\/v2\/users\/6"}],"replies":[{"embeddable":true,"href":"https:\/\/www.upo.es\/diario\/wp-json\/wp\/v2\/comments?post=30887047"}],"version-history":[{"count":6,"href":"https:\/\/www.upo.es\/diario\/wp-json\/wp\/v2\/posts\/30887047\/revisions"}],"predecessor-version":[{"id":30887087,"href":"https:\/\/www.upo.es\/diario\/wp-json\/wp\/v2\/posts\/30887047\/revisions\/30887087"}],"wp:featuredmedia":[{"embeddable":true,"href":"https:\/\/www.upo.es\/diario\/wp-json\/wp\/v2\/media\/30887049"}],"wp:attachment":[{"href":"https:\/\/www.upo.es\/diario\/wp-json\/wp\/v2\/media?parent=30887047"}],"wp:term":[{"taxonomy":"category","embeddable":true,"href":"https:\/\/www.upo.es\/diario\/wp-json\/wp\/v2\/categories?post=30887047"},{"taxonomy":"post_tag","embeddable":true,"href":"https:\/\/www.upo.es\/diario\/wp-json\/wp\/v2\/tags?post=30887047"}],"curies":[{"name":"wp","href":"https:\/\/api.w.org\/{rel}","templated":true}]}}