{"id":30887054,"date":"2025-06-09T09:54:05","date_gmt":"2025-06-09T07:54:05","guid":{"rendered":"https:\/\/www.upo.es\/diario\/?p=30887054"},"modified":"2025-06-11T09:29:27","modified_gmt":"2025-06-11T07:29:27","slug":"stefan-leible-rector-de-la-universidad-de-bayreuth-desde-2013-sera-investido-doctor-honoris-causa-por-la-upo-el-proximo-miercoles","status":"publish","type":"post","link":"https:\/\/www.upo.es\/diario\/institucional\/2025\/06\/stefan-leible-rector-de-la-universidad-de-bayreuth-desde-2013-sera-investido-doctor-honoris-causa-por-la-upo-el-proximo-miercoles\/","title":{"rendered":"Stefan Leible, rector de la Universidad de Bayreuth desde 2013, ser\u00e1 investido Doctor Honoris Causa por la UPO el pr\u00f3ximo mi\u00e9rcoles"},"content":{"rendered":"<figure id=\"attachment_30887055\" aria-describedby=\"caption-attachment-30887055\" style=\"width: 750px\" class=\"wp-caption aligncenter\"><img loading=\"lazy\" decoding=\"async\" class=\"size-large wp-image-30887055\" src=\"https:\/\/www.upo.es\/diario\/wp-content\/uploads\/2025\/06\/Stefan-Leible-750x391.jpg\" alt=\"Stefan Leible. FOTO: Universidad de Bayreuth\" width=\"750\" height=\"391\" srcset=\"https:\/\/www.upo.es\/diario\/wp-content\/uploads\/2025\/06\/Stefan-Leible-750x391.jpg 750w, https:\/\/www.upo.es\/diario\/wp-content\/uploads\/2025\/06\/Stefan-Leible-420x219.jpg 420w, https:\/\/www.upo.es\/diario\/wp-content\/uploads\/2025\/06\/Stefan-Leible-768x400.jpg 768w, https:\/\/www.upo.es\/diario\/wp-content\/uploads\/2025\/06\/Stefan-Leible-1536x800.jpg 1536w, https:\/\/www.upo.es\/diario\/wp-content\/uploads\/2025\/06\/Stefan-Leible-2048x1067.jpg 2048w, https:\/\/www.upo.es\/diario\/wp-content\/uploads\/2025\/06\/Stefan-Leible-1320x688.jpg 1320w\" sizes=\"auto, (max-width: 750px) 100vw, 750px\" \/><figcaption id=\"caption-attachment-30887055\" class=\"wp-caption-text\">Stefan Leible. FOTO: Universidad de Bayreuth<\/figcaption><\/figure>\n<p>La Universidad Pablo de Olavide investir\u00e1 el pr\u00f3ximo <strong>mi\u00e9rcoles 11 de junio, a las 12 horas en el Paraninfo<\/strong>, al catedr\u00e1tico Stefan Leible como nuevo Doctor Honoris Causa de la instituci\u00f3n. <strong>Rector de la Universidad de Bayreuth desde 2013 y presidente de la Conferencia de Rectores de Baviera, el profesor Stefan Leible es un reputado especialista en Derecho civil, Derecho internacional privado y Derecho comparado<\/strong>.<\/p>\n<p>Stefan Leible (Bad Schwartau, Schleswig-Holstein, Alemania, 1963) ha centrado sus investigaciones en el Derecho privado europeo, el Derecho mercantil internacional y el Derecho comparado. Es miembro de varias redes acad\u00e9micas nacionales e internacionales, como la Sociedad Alemana de Derecho Internacional, la Asociaci\u00f3n Internacional de Ciencias Jur\u00eddicas y el Instituto de Derecho Europeo (ELI). Adem\u00e1s de presidir la Asociaci\u00f3n de Universidades b\u00e1varas, participa en organizaciones de educaci\u00f3n superior nacionales como la Conferencia de Rectores de Alemania (HRK) o el Servicio Alem\u00e1n de Intercambio Acad\u00e9mico (DAAD). El pasado 30 de enero fue reelegido para su tercer mandato como rector de la Universidad de Bayreuth.<\/p>\n<p><strong>C\u00e9sar Hornero, decano de la Facultad de Derecho, ser\u00e1 el encargado de pronunciar la laudatio<\/strong> durante la ceremonia, ya que el nombramiento del nuevo Doctor Honoris Causa de la Universidad Pablo de Olavide fue aprobado a iniciativa de este centro el 17 de diciembre de 2024.<\/p>\n<p>&nbsp;<\/p>\n","protected":false},"excerpt":{"rendered":"<p>La Universidad Pablo de Olavide investir\u00e1 el pr\u00f3ximo mi\u00e9rcoles 11 de junio, a las 12 horas en el Paraninfo, al catedr\u00e1tico Stefan Leible como nuevo Doctor Honoris Causa de la instituci\u00f3n. Rector de la Universidad de Bayreuth desde 2013 y presidente de la Conferencia de Rectores de Baviera, el profesor Stefan Leible es un reputado especialista en Derecho civil, Derecho internacional privado y Derecho comparado.<\/p>\n","protected":false},"author":6,"featured_media":30887055,"comment_status":"closed","ping_status":"open","sticky":false,"template":"","format":"standard","meta":{"_monsterinsights_skip_tracking":false,"_monsterinsights_sitenote_active":false,"_monsterinsights_sitenote_note":"","_monsterinsights_sitenote_category":0,"footnotes":""},"categories":[6],"tags":[864,8741,764,1404,7056,8376,81,4005],"class_list":["post-30887054","post","type-post","status-publish","format-standard","has-post-thumbnail","hentry","category-institucional","tag-alemania","tag-cesar-hornero","tag-derecho-civil","tag-derecho-comparado","tag-derecho-internacional-privado","tag-doctorado-honoris-causa","tag-facultad-de-derecho","tag-universidad-de-bayreuth"],"_links":{"self":[{"href":"https:\/\/www.upo.es\/diario\/wp-json\/wp\/v2\/posts\/30887054","targetHints":{"allow":["GET"]}}],"collection":[{"href":"https:\/\/www.upo.es\/diario\/wp-json\/wp\/v2\/posts"}],"about":[{"href":"https:\/\/www.upo.es\/diario\/wp-json\/wp\/v2\/types\/post"}],"author":[{"embeddable":true,"href":"https:\/\/www.upo.es\/diario\/wp-json\/wp\/v2\/users\/6"}],"replies":[{"embeddable":true,"href":"https:\/\/www.upo.es\/diario\/wp-json\/wp\/v2\/comments?post=30887054"}],"version-history":[{"count":1,"href":"https:\/\/www.upo.es\/diario\/wp-json\/wp\/v2\/posts\/30887054\/revisions"}],"predecessor-version":[{"id":30887056,"href":"https:\/\/www.upo.es\/diario\/wp-json\/wp\/v2\/posts\/30887054\/revisions\/30887056"}],"wp:featuredmedia":[{"embeddable":true,"href":"https:\/\/www.upo.es\/diario\/wp-json\/wp\/v2\/media\/30887055"}],"wp:attachment":[{"href":"https:\/\/www.upo.es\/diario\/wp-json\/wp\/v2\/media?parent=30887054"}],"wp:term":[{"taxonomy":"category","embeddable":true,"href":"https:\/\/www.upo.es\/diario\/wp-json\/wp\/v2\/categories?post=30887054"},{"taxonomy":"post_tag","embeddable":true,"href":"https:\/\/www.upo.es\/diario\/wp-json\/wp\/v2\/tags?post=30887054"}],"curies":[{"name":"wp","href":"https:\/\/api.w.org\/{rel}","templated":true}]}}