{"id":30887060,"date":"2025-06-09T10:17:58","date_gmt":"2025-06-09T08:17:58","guid":{"rendered":"https:\/\/www.upo.es\/diario\/?p=30887060"},"modified":"2025-06-09T10:17:58","modified_gmt":"2025-06-09T08:17:58","slug":"la-sede-olavide-en-carmona-acoge-el-xviii-curso-nacional-de-neurociencia","status":"publish","type":"post","link":"https:\/\/www.upo.es\/diario\/docencia-formacion\/2025\/06\/la-sede-olavide-en-carmona-acoge-el-xviii-curso-nacional-de-neurociencia\/","title":{"rendered":"La sede Olavide en Carmona acoge el XVIII Curso Nacional de Neurociencia"},"content":{"rendered":"<figure id=\"attachment_30887063\" aria-describedby=\"caption-attachment-30887063\" style=\"width: 750px\" class=\"wp-caption aligncenter\"><a href=\"https:\/\/www.upo.es\/diario\/wp-content\/uploads\/2025\/06\/Curso-Neurociencias-scaled-e1749456576819.jpg\"><img loading=\"lazy\" decoding=\"async\" class=\"size-large wp-image-30887063\" src=\"https:\/\/www.upo.es\/diario\/wp-content\/uploads\/2025\/06\/Curso-Neurociencias-scaled-e1749456576819-750x425.jpg\" alt=\"Alberto Ferr\u00fas, investigador del Instituto Cajal (CSIC)\" width=\"750\" height=\"425\" srcset=\"https:\/\/www.upo.es\/diario\/wp-content\/uploads\/2025\/06\/Curso-Neurociencias-scaled-e1749456576819-750x425.jpg 750w, https:\/\/www.upo.es\/diario\/wp-content\/uploads\/2025\/06\/Curso-Neurociencias-scaled-e1749456576819-420x238.jpg 420w, https:\/\/www.upo.es\/diario\/wp-content\/uploads\/2025\/06\/Curso-Neurociencias-scaled-e1749456576819-768x435.jpg 768w, https:\/\/www.upo.es\/diario\/wp-content\/uploads\/2025\/06\/Curso-Neurociencias-scaled-e1749456576819-1536x870.jpg 1536w, https:\/\/www.upo.es\/diario\/wp-content\/uploads\/2025\/06\/Curso-Neurociencias-scaled-e1749456576819-2048x1160.jpg 2048w, https:\/\/www.upo.es\/diario\/wp-content\/uploads\/2025\/06\/Curso-Neurociencias-scaled-e1749456576819-1320x748.jpg 1320w\" sizes=\"auto, (max-width: 750px) 100vw, 750px\" \/><\/a><figcaption id=\"caption-attachment-30887063\" class=\"wp-caption-text\">Alberto Ferr\u00fas, investigador del Instituto Cajal (CSIC)<\/figcaption><\/figure>\n<p>La Sede Olavide en Carmona &#8211; Rectora Rosario Valpuesta se convierte hasta el pr\u00f3ximo viernes en el epicentro de la excelencia cient\u00edfica con la celebraci\u00f3n del <strong>XVIII Curso Nacional de Neurociencia<\/strong>, que tendr\u00e1 lugar en la Casa Palacio de los Briones del 9 al 13 de junio. Este prestigioso encuentro, que se consolida como un referente en el panorama cient\u00edfico nacional, <strong>re\u00fane a medio centenar de destacados profesionales, investigadores y estudiantes para debatir sobre los avances m\u00e1s relevantes en el campo de las Neurociencias<\/strong>.<\/p>\n<p>El curso, organizado por el profesor <strong>Jos\u00e9 Mar\u00eda Delgado<\/strong>, de la Divisi\u00f3n de Neurociencias de la Universidad Pablo de Olavide, y el investigador <strong>Alberto Ferr\u00fas<\/strong>, del Instituto Cajal, del CSIC de Madrid, busca fomentar la <strong>reflexi\u00f3n profunda sobre los problemas cient\u00edficos actuales, los enfoques innovadores y las prometedoras v\u00edas de futuro en la investigaci\u00f3n del sistema nervioso<\/strong>.<\/p>\n<figure id=\"attachment_30887065\" aria-describedby=\"caption-attachment-30887065\" style=\"width: 420px\" class=\"wp-caption alignleft\"><a href=\"https:\/\/www.upo.es\/diario\/wp-content\/uploads\/2025\/06\/IMG_9696-scaled-e1749456766145.jpg\"><img loading=\"lazy\" decoding=\"async\" class=\"size-medium wp-image-30887065\" src=\"https:\/\/www.upo.es\/diario\/wp-content\/uploads\/2025\/06\/IMG_9696-scaled-e1749456766145-420x207.jpg\" alt=\"Jos\u00e9 M\u00aa Delgado (izquierda) en el XVIII Curso Nacional de Neurociencia.\" width=\"420\" height=\"207\" srcset=\"https:\/\/www.upo.es\/diario\/wp-content\/uploads\/2025\/06\/IMG_9696-scaled-e1749456766145-420x207.jpg 420w, https:\/\/www.upo.es\/diario\/wp-content\/uploads\/2025\/06\/IMG_9696-scaled-e1749456766145-750x369.jpg 750w, https:\/\/www.upo.es\/diario\/wp-content\/uploads\/2025\/06\/IMG_9696-scaled-e1749456766145-768x378.jpg 768w, https:\/\/www.upo.es\/diario\/wp-content\/uploads\/2025\/06\/IMG_9696-scaled-e1749456766145-1536x756.jpg 1536w, https:\/\/www.upo.es\/diario\/wp-content\/uploads\/2025\/06\/IMG_9696-scaled-e1749456766145-2048x1008.jpg 2048w, https:\/\/www.upo.es\/diario\/wp-content\/uploads\/2025\/06\/IMG_9696-scaled-e1749456766145-1320x650.jpg 1320w\" sizes=\"auto, (max-width: 420px) 100vw, 420px\" \/><\/a><figcaption id=\"caption-attachment-30887065\" class=\"wp-caption-text\">Jos\u00e9 M\u00aa Delgado (izquierda) en el XVIII Curso Nacional de Neurociencia.<\/figcaption><\/figure>\n<p>Las Neurociencias han experimentado un desarrollo exponencial en los \u00faltimos a\u00f1os, con un impacto social cada vez m\u00e1s palpable. <strong>Este curso se inscribe en un contexto de crecimiento de las inversiones en investigaci\u00f3n en Neurociencia a nivel global y la necesidad de un abordaje multidisciplinario dada la complejidad estructural y funcional del sistema nervioso<\/strong>.<\/p>\n<p>Desde su primera edici\u00f3n en 1990, el Curso Nacional de Neurociencia ha mantenido una filosof\u00eda inalterable, centrada en la <strong>formaci\u00f3n integral de los futuros profesionales<\/strong>. Entre sus objetivos fundamentales destacan: reunir a profesionales, doctores recientes y estudiantes de tercer ciclo para un an\u00e1lisis exhaustivo de los desaf\u00edos y oportunidades en Neurociencia; ofrecer un planteamiento participativo y multidisciplinario, concibiendo el curso como un seminario avanzado para aquellos que ya poseen una base s\u00f3lida de conocimientos; realizar un seguimiento de los futuros investigadores espa\u00f1oles, facilitando su ubicaci\u00f3n y vertebraci\u00f3n en los centros de investigaci\u00f3n del pa\u00eds.<\/p>\n<p>El XVIII Curso Nacional de Neurociencia cuenta con el valioso patrocinio de entidades clave como el <strong>Ayuntamiento de Carmona, la Sociedad Espa\u00f1ola de Neurociencia (SENC), la Fundaci\u00f3n General CSIC, BioAvan I+D+i, el Plan Propio de la Universidad Pablo de Olavide de Sevilla y el Hospital de Parapl\u00e9jicos de Toledo<\/strong>, lo que subraya el compromiso con el avance de la investigaci\u00f3n en Neurociencia en Espa\u00f1a.<\/p>\n<p>Este evento representa una oportunidad \u00fanica para impulsar la investigaci\u00f3n, fomentar la colaboraci\u00f3n entre especialistas y contribuir a la consolidaci\u00f3n de una masa cr\u00edtica de investigadores en Neurociencia en Espa\u00f1a, sentando las bases para futuros descubrimientos que transformar\u00e1n nuestra comprensi\u00f3n del cerebro y sus funciones.<\/p>\n<p>Fuente: Fundaci\u00f3n Universidad Pablo de Olavide<\/p>\n","protected":false},"excerpt":{"rendered":"<p>La Sede Olavide en Carmona &#8211; Rectora Rosario Valpuesta se convierte hasta el pr\u00f3ximo viernes en el epicentro de la excelencia cient\u00edfica con la celebraci\u00f3n del XVIII Curso Nacional de Neurociencia, que tendr\u00e1 lugar en la Casa Palacio de los Briones del 9 al 13 de junio. Este prestigioso encuentro, que se consolida como un referente en el panorama cient\u00edfico nacional, re\u00fane a medio centenar de destacados profesionales, investigadores y estudiantes para debatir sobre los avances m\u00e1s relevantes en el campo de las Neurociencias.<\/p>\n","protected":false},"author":6,"featured_media":30887063,"comment_status":"closed","ping_status":"open","sticky":false,"template":"","format":"standard","meta":{"_monsterinsights_skip_tracking":false,"_monsterinsights_sitenote_active":false,"_monsterinsights_sitenote_note":"","_monsterinsights_sitenote_category":0,"footnotes":""},"categories":[2779],"tags":[23,45,141,219,592,2412,7974],"class_list":["post-30887060","post","type-post","status-publish","format-standard","has-post-thumbnail","hentry","category-docencia-formacion","tag-carmona","tag-csic","tag-curso","tag-division-de-neurociencias","tag-jose-maria-delgado","tag-neurociencias","tag-sede-olavide-en-carmona"],"_links":{"self":[{"href":"https:\/\/www.upo.es\/diario\/wp-json\/wp\/v2\/posts\/30887060","targetHints":{"allow":["GET"]}}],"collection":[{"href":"https:\/\/www.upo.es\/diario\/wp-json\/wp\/v2\/posts"}],"about":[{"href":"https:\/\/www.upo.es\/diario\/wp-json\/wp\/v2\/types\/post"}],"author":[{"embeddable":true,"href":"https:\/\/www.upo.es\/diario\/wp-json\/wp\/v2\/users\/6"}],"replies":[{"embeddable":true,"href":"https:\/\/www.upo.es\/diario\/wp-json\/wp\/v2\/comments?post=30887060"}],"version-history":[{"count":2,"href":"https:\/\/www.upo.es\/diario\/wp-json\/wp\/v2\/posts\/30887060\/revisions"}],"predecessor-version":[{"id":30887066,"href":"https:\/\/www.upo.es\/diario\/wp-json\/wp\/v2\/posts\/30887060\/revisions\/30887066"}],"wp:featuredmedia":[{"embeddable":true,"href":"https:\/\/www.upo.es\/diario\/wp-json\/wp\/v2\/media\/30887063"}],"wp:attachment":[{"href":"https:\/\/www.upo.es\/diario\/wp-json\/wp\/v2\/media?parent=30887060"}],"wp:term":[{"taxonomy":"category","embeddable":true,"href":"https:\/\/www.upo.es\/diario\/wp-json\/wp\/v2\/categories?post=30887060"},{"taxonomy":"post_tag","embeddable":true,"href":"https:\/\/www.upo.es\/diario\/wp-json\/wp\/v2\/tags?post=30887060"}],"curies":[{"name":"wp","href":"https:\/\/api.w.org\/{rel}","templated":true}]}}