{"id":30887068,"date":"2025-06-09T15:02:04","date_gmt":"2025-06-09T13:02:04","guid":{"rendered":"https:\/\/www.upo.es\/diario\/?p=30887068"},"modified":"2025-06-11T09:29:45","modified_gmt":"2025-06-11T07:29:45","slug":"estudiantes-colegio-salesianos-ganadores-concurso-radiofonico-onda-olimpoo-santisima-trinidad-gana","status":"publish","type":"post","link":"https:\/\/www.upo.es\/diario\/comunidad\/2025\/06\/estudiantes-colegio-salesianos-ganadores-concurso-radiofonico-onda-olimpoo-santisima-trinidad-gana\/","title":{"rendered":"Estudiantes del Colegio Salesiano Sant\u00edsima Trinidad, ganadores del concurso radiof\u00f3nico \u2018Onda Olimpo\u2019"},"content":{"rendered":"<figure id=\"attachment_30887076\" aria-describedby=\"caption-attachment-30887076\" style=\"width: 750px\" class=\"wp-caption aligncenter\"><a href=\"https:\/\/www.upo.es\/diario\/wp-content\/uploads\/2025\/06\/Onda-Olimpo4.jpg\"><img loading=\"lazy\" decoding=\"async\" class=\"size-large wp-image-30887076\" src=\"https:\/\/www.upo.es\/diario\/wp-content\/uploads\/2025\/06\/Onda-Olimpo4-750x500.jpg\" alt=\"\" width=\"750\" height=\"500\" srcset=\"https:\/\/www.upo.es\/diario\/wp-content\/uploads\/2025\/06\/Onda-Olimpo4-750x500.jpg 750w, https:\/\/www.upo.es\/diario\/wp-content\/uploads\/2025\/06\/Onda-Olimpo4-420x280.jpg 420w, https:\/\/www.upo.es\/diario\/wp-content\/uploads\/2025\/06\/Onda-Olimpo4-768x512.jpg 768w, https:\/\/www.upo.es\/diario\/wp-content\/uploads\/2025\/06\/Onda-Olimpo4-1536x1024.jpg 1536w, https:\/\/www.upo.es\/diario\/wp-content\/uploads\/2025\/06\/Onda-Olimpo4-2048x1366.jpg 2048w, https:\/\/www.upo.es\/diario\/wp-content\/uploads\/2025\/06\/Onda-Olimpo4-165x109.jpg 165w, https:\/\/www.upo.es\/diario\/wp-content\/uploads\/2025\/06\/Onda-Olimpo4-1320x880.jpg 1320w\" sizes=\"auto, (max-width: 750px) 100vw, 750px\" \/><\/a><figcaption id=\"caption-attachment-30887076\" class=\"wp-caption-text\">La decana de la Facultad de Humanidades, Mar\u00eda Losada, con el grupo Nihil nimis, ganador de &#8216;Onda Olimpo&#8217;.<\/figcaption><\/figure>\n<p>El grupo <em><strong>Nihil nimis<\/strong><\/em>, del <strong>Colegio Salesiano Sant\u00edsima Trinidad<\/strong> de Sevilla, ha ganado el <strong>V Concurso de microteatro radiof\u00f3nico grecolatino \u2018Onda Olimpo\u2019<\/strong>, convocado por la Facultad de Humanidades de la Universidad Pablo de Olavide en colaboraci\u00f3n con Furor Bacchicus Teatro y con la financiaci\u00f3n del Vicerrectorado de Estudiantes.<\/p>\n<p>Este grupo, formado por los estudiantes de primero de bachillerato <strong>Almudena Gonz\u00e1lez del Castillo<\/strong>, <strong>In\u00e9s Mart\u00ednez S\u00e1nchez<\/strong>, <strong>Brisa Titanti<\/strong> y <strong>Eduardo Domingo de Silos S\u00e1nchez Alonso<\/strong>, y coordinados por el profesor <strong>Jos\u00e9 Javier Garc\u00eda-Carpintero Romero<\/strong>, ha sido reconocido por la obra \u2018<strong>Extranjeras\u2019<\/strong>.<\/p>\n<figure id=\"attachment_30887077\" aria-describedby=\"caption-attachment-30887077\" style=\"width: 420px\" class=\"wp-caption alignright\"><a href=\"https:\/\/www.upo.es\/diario\/wp-content\/uploads\/2025\/06\/Onda-Olimpo6.jpg\"><img loading=\"lazy\" decoding=\"async\" class=\"wp-image-30887077 size-medium\" src=\"https:\/\/www.upo.es\/diario\/wp-content\/uploads\/2025\/06\/Onda-Olimpo6-420x280.jpg\" alt=\"\" width=\"420\" height=\"280\" srcset=\"https:\/\/www.upo.es\/diario\/wp-content\/uploads\/2025\/06\/Onda-Olimpo6-420x280.jpg 420w, https:\/\/www.upo.es\/diario\/wp-content\/uploads\/2025\/06\/Onda-Olimpo6-750x500.jpg 750w, https:\/\/www.upo.es\/diario\/wp-content\/uploads\/2025\/06\/Onda-Olimpo6-768x512.jpg 768w, https:\/\/www.upo.es\/diario\/wp-content\/uploads\/2025\/06\/Onda-Olimpo6-1536x1024.jpg 1536w, https:\/\/www.upo.es\/diario\/wp-content\/uploads\/2025\/06\/Onda-Olimpo6-2048x1366.jpg 2048w, https:\/\/www.upo.es\/diario\/wp-content\/uploads\/2025\/06\/Onda-Olimpo6-165x109.jpg 165w, https:\/\/www.upo.es\/diario\/wp-content\/uploads\/2025\/06\/Onda-Olimpo6-1320x880.jpg 1320w\" sizes=\"auto, (max-width: 420px) 100vw, 420px\" \/><\/a><figcaption id=\"caption-attachment-30887077\" class=\"wp-caption-text\">De izquierda a derecha, la decana Mar\u00eda Losada, la profesora Rosario Moreno, la vicerrectora de Estudiantes\u00a0 Mar\u00eda del Pilar Moreno, y la profesora Mercedes de la Torre.\u00a0<\/figcaption><\/figure>\n<p>El jurado, compuesto por Rosario Moreno Soldevila, Mercedes de la Torre Garc\u00eda, Marta Cuevas Caballero, Alejandro S\u00e1nchez M\u00e1rquez, Marina Mart\u00edn Aragon\u00e9s, Mari Cruz Mesa Ruiz y Sof\u00eda Guerrero Orte, ha destacado \u201cla aproximaci\u00f3n original al mito, la sensibilidad y la calidad interpretativa\u201d de la obra premiada, en la que varias hero\u00ednas m\u00edticas (Medea, Helena y Ariadna) hablan del desarraigo de sentirse en tierra extra\u00f1a.<\/p>\n<p>El equipo del Colegio Salesiano Sant\u00edsima Trinidad, que ha recogido en el campus de la Universidad Pablo de Olavide como premio una tarjeta regalo para la compra de libros por valor de 300 euros, se ha alzado con el galard\u00f3n frente a otros tres finalistas: el grupo \u2018<strong>Los m\u00edticos del Tierno\u2019<\/strong>, de segundo de Bachillerato del IES Profesor Tierno Galv\u00e1n (Alcal\u00e1 de Guada\u00edra), con su obra <strong>\u2018Hechizo del pasado\u2019<\/strong>; el grupo <strong>\u2018In extremis\u2019<\/strong> de primero de Bachillerato, tambi\u00e9n del IES Profesor Tierno Galv\u00e1n, con la obra <strong>\u2018En una tierra muy extra\u00f1a\u2019<\/strong>; y el <strong>\u2018Grupo Z\u2019<\/strong> de primero de Bachillerato del IES Torre de los Guzmanes (La Algaba), con la obra <strong>\u2018Radio Cartago\u2019<\/strong>. Los equipos finalistas han recibido diplomas acreditativos y obsequios de la Facultad de Humanidades.<\/p>\n<p>El concurso, que este a\u00f1o celebra su quinta edici\u00f3n, busca potenciar la creatividad en el \u00e1mbito de la ense\u00f1anza secundaria vinculada a las humanidades y a los estudios cl\u00e1sicos, as\u00ed como estrechar los lazos entre la Universidad Pablo de Olavide y los centros de secundaria de la provincia de Sevilla.<\/p>\n<figure id=\"attachment_30887078\" aria-describedby=\"caption-attachment-30887078\" style=\"width: 750px\" class=\"wp-caption aligncenter\"><a href=\"https:\/\/www.upo.es\/diario\/wp-content\/uploads\/2025\/06\/Onda-Olimpo7.jpg\"><img loading=\"lazy\" decoding=\"async\" class=\"size-large wp-image-30887078\" src=\"https:\/\/www.upo.es\/diario\/wp-content\/uploads\/2025\/06\/Onda-Olimpo7-750x500.jpg\" alt=\"\" width=\"750\" height=\"500\" srcset=\"https:\/\/www.upo.es\/diario\/wp-content\/uploads\/2025\/06\/Onda-Olimpo7-750x500.jpg 750w, https:\/\/www.upo.es\/diario\/wp-content\/uploads\/2025\/06\/Onda-Olimpo7-420x280.jpg 420w, https:\/\/www.upo.es\/diario\/wp-content\/uploads\/2025\/06\/Onda-Olimpo7-768x512.jpg 768w, https:\/\/www.upo.es\/diario\/wp-content\/uploads\/2025\/06\/Onda-Olimpo7-1536x1024.jpg 1536w, https:\/\/www.upo.es\/diario\/wp-content\/uploads\/2025\/06\/Onda-Olimpo7-2048x1366.jpg 2048w, https:\/\/www.upo.es\/diario\/wp-content\/uploads\/2025\/06\/Onda-Olimpo7-165x109.jpg 165w, https:\/\/www.upo.es\/diario\/wp-content\/uploads\/2025\/06\/Onda-Olimpo7-1320x880.jpg 1320w\" sizes=\"auto, (max-width: 750px) 100vw, 750px\" \/><\/a><figcaption id=\"caption-attachment-30887078\" class=\"wp-caption-text\">Foto de familia de finalistas y premiados en la V edici\u00f3n de \u2018Onda Olimpo\u2019<\/figcaption><\/figure>\n","protected":false},"excerpt":{"rendered":"<p>El grupo Nihil nimis, del Colegio Salesiano Sant\u00edsima Trinidad de Sevilla, ha ganado el V Concurso de microteatro radiof\u00f3nico grecolatino \u2018Onda Olimpo\u2019, convocado por la Facultad de Humanidades de la Universidad Pablo de Olavide en colaboraci\u00f3n con Furor Bacchicus Teatro y con la financiaci\u00f3n del Vicerrectorado de Estudiantes.<\/p>\n","protected":false},"author":2,"featured_media":30887076,"comment_status":"closed","ping_status":"open","sticky":false,"template":"","format":"standard","meta":{"_monsterinsights_skip_tracking":false,"_monsterinsights_sitenote_active":false,"_monsterinsights_sitenote_note":"","_monsterinsights_sitenote_category":0,"footnotes":""},"categories":[5842],"tags":[644,7466,2051,21,96,1510,6950],"class_list":["post-30887068","post","type-post","status-publish","format-standard","has-post-thumbnail","hentry","category-comunidad","tag-bachillerato","tag-concurso-de-microteatro-radiofonico-grecolatino-onda-olimpo","tag-educacion-secundaria","tag-estudiantes","tag-facultad-de-humanidades","tag-furor-bacchicus-teatro","tag-podcast"],"_links":{"self":[{"href":"https:\/\/www.upo.es\/diario\/wp-json\/wp\/v2\/posts\/30887068","targetHints":{"allow":["GET"]}}],"collection":[{"href":"https:\/\/www.upo.es\/diario\/wp-json\/wp\/v2\/posts"}],"about":[{"href":"https:\/\/www.upo.es\/diario\/wp-json\/wp\/v2\/types\/post"}],"author":[{"embeddable":true,"href":"https:\/\/www.upo.es\/diario\/wp-json\/wp\/v2\/users\/2"}],"replies":[{"embeddable":true,"href":"https:\/\/www.upo.es\/diario\/wp-json\/wp\/v2\/comments?post=30887068"}],"version-history":[{"count":2,"href":"https:\/\/www.upo.es\/diario\/wp-json\/wp\/v2\/posts\/30887068\/revisions"}],"predecessor-version":[{"id":30887079,"href":"https:\/\/www.upo.es\/diario\/wp-json\/wp\/v2\/posts\/30887068\/revisions\/30887079"}],"wp:featuredmedia":[{"embeddable":true,"href":"https:\/\/www.upo.es\/diario\/wp-json\/wp\/v2\/media\/30887076"}],"wp:attachment":[{"href":"https:\/\/www.upo.es\/diario\/wp-json\/wp\/v2\/media?parent=30887068"}],"wp:term":[{"taxonomy":"category","embeddable":true,"href":"https:\/\/www.upo.es\/diario\/wp-json\/wp\/v2\/categories?post=30887068"},{"taxonomy":"post_tag","embeddable":true,"href":"https:\/\/www.upo.es\/diario\/wp-json\/wp\/v2\/tags?post=30887068"}],"curies":[{"name":"wp","href":"https:\/\/api.w.org\/{rel}","templated":true}]}}