{"id":30887070,"date":"2025-06-09T14:03:16","date_gmt":"2025-06-09T12:03:16","guid":{"rendered":"https:\/\/www.upo.es\/diario\/?p=30887070"},"modified":"2025-06-09T14:03:16","modified_gmt":"2025-06-09T12:03:16","slug":"mas-de-90-estudiantes-del-grado-en-traduccion-e-interpretacion-en-ingles-celebran-su-ceremonia-de-graduacion","status":"publish","type":"post","link":"https:\/\/www.upo.es\/diario\/comunidad\/2025\/06\/mas-de-90-estudiantes-del-grado-en-traduccion-e-interpretacion-en-ingles-celebran-su-ceremonia-de-graduacion\/","title":{"rendered":"M\u00e1s de 90 estudiantes del Grado en Traducci\u00f3n e Interpretaci\u00f3n en ingl\u00e9s celebran su ceremonia de graduaci\u00f3n"},"content":{"rendered":"<figure id=\"attachment_30887072\" aria-describedby=\"caption-attachment-30887072\" style=\"width: 750px\" class=\"wp-caption aligncenter\"><a href=\"https:\/\/www.upo.es\/diario\/wp-content\/uploads\/2025\/06\/TeI-ingles-4-scaled.jpeg\"><img loading=\"lazy\" decoding=\"async\" class=\"size-large wp-image-30887072\" src=\"https:\/\/www.upo.es\/diario\/wp-content\/uploads\/2025\/06\/TeI-ingles-4-750x422.jpeg\" alt=\"\" width=\"750\" height=\"422\" srcset=\"https:\/\/www.upo.es\/diario\/wp-content\/uploads\/2025\/06\/TeI-ingles-4-750x422.jpeg 750w, https:\/\/www.upo.es\/diario\/wp-content\/uploads\/2025\/06\/TeI-ingles-4-420x237.jpeg 420w, https:\/\/www.upo.es\/diario\/wp-content\/uploads\/2025\/06\/TeI-ingles-4-768x432.jpeg 768w, https:\/\/www.upo.es\/diario\/wp-content\/uploads\/2025\/06\/TeI-ingles-4-1536x865.jpeg 1536w, https:\/\/www.upo.es\/diario\/wp-content\/uploads\/2025\/06\/TeI-ingles-4-2048x1153.jpeg 2048w, https:\/\/www.upo.es\/diario\/wp-content\/uploads\/2025\/06\/TeI-ingles-4-1320x743.jpeg 1320w\" sizes=\"auto, (max-width: 750px) 100vw, 750px\" \/><\/a><figcaption id=\"caption-attachment-30887072\" class=\"wp-caption-text\">Promoci\u00f3n 2021\/2025 del Grado en Traducci\u00f3n e Interpretaci\u00f3n en ingl\u00e9s de la UPO.<\/figcaption><\/figure>\n<p>M\u00e1s de 90 estudiantes de la promoci\u00f3n 2021\/2025 del Grado en Traducci\u00f3n e Interpretaci\u00f3n celebraron su ceremonia de graduaci\u00f3n el pasado viernes en el Paraninfo de la Universidad Pablo de Olavide. El acto fue presidido por la decana de la Facultad de Humanidades, Mar\u00eda Losada Friend.<\/p>\n<p><strong>El padrino de la promoci\u00f3n fue el profesor del \u00c1rea de Traducci\u00f3n e Interpretaci\u00f3n de la UPO, Manuel Barea Mu\u00f1oz<\/strong>. A la ceremonia tambi\u00e9n asistieron, como profesora honor\u00edfica, la profesora del \u00c1rea de Filolog\u00eda Alemana Desir\u00e9e Avil\u00e9s M\u00e1rquez; la vicedecana de Gesti\u00f3n Acad\u00e9mica Mar\u00eda de los \u00c1ngeles Conde Parrilla, y el vicedecano de Relaciones Externas y Comunicaci\u00f3n Crist\u00f3bal J. \u00c1lvarez L\u00f3pez, ambos de la Facultad de Humanidades de la UPO.<\/p>\n<figure id=\"attachment_30887071\" aria-describedby=\"caption-attachment-30887071\" style=\"width: 420px\" class=\"wp-caption alignright\"><a href=\"https:\/\/www.upo.es\/diario\/wp-content\/uploads\/2025\/06\/TeI-ingles-1-scaled.jpeg\"><img loading=\"lazy\" decoding=\"async\" class=\"size-medium wp-image-30887071\" src=\"https:\/\/www.upo.es\/diario\/wp-content\/uploads\/2025\/06\/TeI-ingles-1-420x237.jpeg\" alt=\"\" width=\"420\" height=\"237\" srcset=\"https:\/\/www.upo.es\/diario\/wp-content\/uploads\/2025\/06\/TeI-ingles-1-420x237.jpeg 420w, https:\/\/www.upo.es\/diario\/wp-content\/uploads\/2025\/06\/TeI-ingles-1-750x422.jpeg 750w, https:\/\/www.upo.es\/diario\/wp-content\/uploads\/2025\/06\/TeI-ingles-1-768x432.jpeg 768w, https:\/\/www.upo.es\/diario\/wp-content\/uploads\/2025\/06\/TeI-ingles-1-1536x865.jpeg 1536w, https:\/\/www.upo.es\/diario\/wp-content\/uploads\/2025\/06\/TeI-ingles-1-2048x1153.jpeg 2048w, https:\/\/www.upo.es\/diario\/wp-content\/uploads\/2025\/06\/TeI-ingles-1-1320x743.jpeg 1320w\" sizes=\"auto, (max-width: 420px) 100vw, 420px\" \/><\/a><figcaption id=\"caption-attachment-30887071\" class=\"wp-caption-text\">Los estudiantes Miguel Fern\u00e1ndez y M\u00f3nica Gil dieron el discurso.<\/figcaption><\/figure>\n<p>En representaci\u00f3n del alumnado egresado, pronunciaron los discursos Miguel Fern\u00e1ndez Iruzubieta y M\u00f3nica Gil Rasero. Un total de 91 egresados y egresadas asistieron, junto a sus familiares, a este acto con el que la Universidad Pablo de Olavide recupera una antigua tradici\u00f3n de las universidades europeas.<\/p>\n","protected":false},"excerpt":{"rendered":"<p>M\u00e1s de 90 estudiantes de la promoci\u00f3n 2021\/2025 del Grado en Traducci\u00f3n e Interpretaci\u00f3n celebraron su ceremonia de graduaci\u00f3n en el Paraninfo de la Universidad Pablo de Olavide. El acto fue presidido por la decana de la Facultad de Humanidades, Mar\u00eda Losada Friend.<\/p>\n","protected":false},"author":4,"featured_media":30887072,"comment_status":"closed","ping_status":"open","sticky":false,"template":"","format":"standard","meta":{"_monsterinsights_skip_tracking":false,"_monsterinsights_sitenote_active":false,"_monsterinsights_sitenote_note":"","_monsterinsights_sitenote_category":0,"footnotes":""},"categories":[5842],"tags":[1365,5074,6145,96,5988,5042],"class_list":["post-30887070","post","type-post","status-publish","format-standard","has-post-thumbnail","hentry","category-comunidad","tag-ceremonia-de-egresado","tag-ceremonia-de-graduacion","tag-ceremonia-fin-de-grado","tag-facultad-de-humanidades","tag-grado-en-traduccion-e-interpretacion-en-ingles","tag-graduacion"],"_links":{"self":[{"href":"https:\/\/www.upo.es\/diario\/wp-json\/wp\/v2\/posts\/30887070","targetHints":{"allow":["GET"]}}],"collection":[{"href":"https:\/\/www.upo.es\/diario\/wp-json\/wp\/v2\/posts"}],"about":[{"href":"https:\/\/www.upo.es\/diario\/wp-json\/wp\/v2\/types\/post"}],"author":[{"embeddable":true,"href":"https:\/\/www.upo.es\/diario\/wp-json\/wp\/v2\/users\/4"}],"replies":[{"embeddable":true,"href":"https:\/\/www.upo.es\/diario\/wp-json\/wp\/v2\/comments?post=30887070"}],"version-history":[{"count":1,"href":"https:\/\/www.upo.es\/diario\/wp-json\/wp\/v2\/posts\/30887070\/revisions"}],"predecessor-version":[{"id":30887073,"href":"https:\/\/www.upo.es\/diario\/wp-json\/wp\/v2\/posts\/30887070\/revisions\/30887073"}],"wp:featuredmedia":[{"embeddable":true,"href":"https:\/\/www.upo.es\/diario\/wp-json\/wp\/v2\/media\/30887072"}],"wp:attachment":[{"href":"https:\/\/www.upo.es\/diario\/wp-json\/wp\/v2\/media?parent=30887070"}],"wp:term":[{"taxonomy":"category","embeddable":true,"href":"https:\/\/www.upo.es\/diario\/wp-json\/wp\/v2\/categories?post=30887070"},{"taxonomy":"post_tag","embeddable":true,"href":"https:\/\/www.upo.es\/diario\/wp-json\/wp\/v2\/tags?post=30887070"}],"curies":[{"name":"wp","href":"https:\/\/api.w.org\/{rel}","templated":true}]}}