{"id":30887080,"date":"2025-06-09T14:45:55","date_gmt":"2025-06-09T12:45:55","guid":{"rendered":"https:\/\/www.upo.es\/diario\/?p=30887080"},"modified":"2025-06-11T09:29:47","modified_gmt":"2025-06-11T07:29:47","slug":"upo-comcired-2025-ucci","status":"publish","type":"post","link":"https:\/\/www.upo.es\/diario\/docencia-formacion\/2025\/06\/upo-comcired-2025-ucci\/","title":{"rendered":"La UPO, presente en ComCiRed 2025, encuentro nacional que re\u00fane a las unidades de cultura cient\u00edfica y de la innovaci\u00f3n"},"content":{"rendered":"<p><a href=\"https:\/\/www.upo.es\/diario\/wp-content\/uploads\/2025\/06\/Comcired-2025-6.jpg\"><img loading=\"lazy\" decoding=\"async\" class=\"aligncenter size-large wp-image-30887081\" src=\"https:\/\/www.upo.es\/diario\/wp-content\/uploads\/2025\/06\/Comcired-2025-6-701x525.jpg\" alt=\"\" width=\"701\" height=\"525\" srcset=\"https:\/\/www.upo.es\/diario\/wp-content\/uploads\/2025\/06\/Comcired-2025-6-701x525.jpg 701w, https:\/\/www.upo.es\/diario\/wp-content\/uploads\/2025\/06\/Comcired-2025-6-420x315.jpg 420w, https:\/\/www.upo.es\/diario\/wp-content\/uploads\/2025\/06\/Comcired-2025-6-768x576.jpg 768w, https:\/\/www.upo.es\/diario\/wp-content\/uploads\/2025\/06\/Comcired-2025-6-1536x1151.jpg 1536w, https:\/\/www.upo.es\/diario\/wp-content\/uploads\/2025\/06\/Comcired-2025-6-1320x989.jpg 1320w, https:\/\/www.upo.es\/diario\/wp-content\/uploads\/2025\/06\/Comcired-2025-6.jpg 1600w\" sizes=\"auto, (max-width: 701px) 100vw, 701px\" \/><\/a><\/p>\n<p>La <a href=\"https:\/\/www.upo.es\/otri\/cultura-cientifica\/\">Unidad de Cultura Cient\u00edfica y de la Innovaci\u00f3n (UCC+i),<\/a> de la Universidad Pablo de Olavide, de Sevilla, ha participado en ComCiRed (Comunicar Ciencia en Red), encuentro nacional que re\u00fane a los profesionales de la Red de Unidades de Cultura Cient\u00edfica y de la Innovaci\u00f3n (UCC+i) para compartir buenas pr\u00e1cticas y debatir sobre los retos de divulgaci\u00f3n y comunicaci\u00f3n cient\u00edfica. Desde su nacimiento en 2009, ComCiRed cumple quince ediciones siendo el evento de referencia que pone en valor la imprescindible labor de las m\u00e1s de 117 UCC+i de nuestro pa\u00eds.<\/p>\n<p>Esta <a href=\"https:\/\/www.google.com\/search?q=UCA+COMICEIRED&amp;rlz=1C1GCFR_enES1100ES1100&amp;oq=uca+&amp;gs_lcrp=EgZjaHJvbWUqBggAEEUYOzIGCAAQRRg7Mg0IARAuGIMBGLEDGIAEMg0IAhAAGIMBGLEDGIAEMgYIAxBFGEAyBwgEEAAYgAQyBggFEEUYPDIGCAYQRRg8MgYIBxBFGDzSAQgxMTEwajBqNKgCALACAQ&amp;sourceid=chrome&amp;ie=UTF-8#fpstate=ive&amp;vld=cid:252f7142,vid:szdTAlIKzD4,st:0\">edici\u00f3n<\/a> ha sido organizada por la UCC+i de la Universidad de C\u00e1diz con la colaboraci\u00f3n de la Fundaci\u00f3n Espa\u00f1ola para la Ciencia y la Tecnolog\u00eda (FECYT), y se ha celebrado durante los d\u00edas 5 y 6 de junio. En total, se han dado cita alrededor de 110 profesionales, que integran 70 unidades cient\u00edficas de Espa\u00f1a, lo que ha permitido reflexionar sobre el papel de la divulgaci\u00f3n y la comunicaci\u00f3n de la ciencia en el contexto actual, profundizar en herramientas emergentes como la inteligencia artificial, la ciencia ciudadana o los mecanismos para aumentar la participaci\u00f3n social de la ciencia.<\/p>\n<p><a href=\"https:\/\/www.upo.es\/diario\/wp-content\/uploads\/2025\/06\/Comcired-2025-3.jpg\"><img loading=\"lazy\" decoding=\"async\" class=\"alignright size-medium wp-image-30887082\" src=\"https:\/\/www.upo.es\/diario\/wp-content\/uploads\/2025\/06\/Comcired-2025-3-420x196.jpg\" alt=\"\" width=\"420\" height=\"196\" srcset=\"https:\/\/www.upo.es\/diario\/wp-content\/uploads\/2025\/06\/Comcired-2025-3-420x196.jpg 420w, https:\/\/www.upo.es\/diario\/wp-content\/uploads\/2025\/06\/Comcired-2025-3-750x350.jpg 750w, https:\/\/www.upo.es\/diario\/wp-content\/uploads\/2025\/06\/Comcired-2025-3-768x358.jpg 768w, https:\/\/www.upo.es\/diario\/wp-content\/uploads\/2025\/06\/Comcired-2025-3-1400x650.jpg 1400w, https:\/\/www.upo.es\/diario\/wp-content\/uploads\/2025\/06\/Comcired-2025-3-1320x616.jpg 1320w, https:\/\/www.upo.es\/diario\/wp-content\/uploads\/2025\/06\/Comcired-2025-3.jpg 1500w\" sizes=\"auto, (max-width: 420px) 100vw, 420px\" \/><\/a>As\u00ed, la sesi\u00f3n inaugural estuvo presidida por Leticia Rodr\u00edguez, directora general de Comunicaci\u00f3n Estrat\u00e9gica de la Universidad de C\u00e1diz, y Rosa Cape\u00e1ns, directora del Departamento de Cultura Cient\u00edfica y de la Innovaci\u00f3n de la FECYT. \u00a0Tambi\u00e9n intervino C\u00e9sar L\u00f3pez, responsable de la Unidad de Fomento de la Cultura Cient\u00edfica y de la Innovaci\u00f3n de la Fundaci\u00f3n Espa\u00f1ola para la Ciencia y la Tecnolog\u00eda, FECYT, quien dio la bienvenida a los y las participantes.<\/p>\n<p>El programa de ComCiRed 2025 ha incluido diversos talleres formativos, entre ellos, uno sobre herramientas de inteligencia artificial aplicadas a la divulgaci\u00f3n cient\u00edfica, otro sobre estrategias para fomentar la implicaci\u00f3n ciudadana en la transici\u00f3n verde, y un tercero centrado en el dise\u00f1o de actividades divulgativas eficaces. La programaci\u00f3n inclu\u00eda, adem\u00e1s, rondas de presentaci\u00f3n de los proyectos divulgativos m\u00e1s innovadores desarrollados por las diferentes UCC+i, reconoci\u00e9ndose el proyecto m\u00e1s destacado del a\u00f1o, Ciencia Brillante, un proyecto del Instituto de Investigaci\u00f3n Sanitaria Galicia Sur dirigido a alumnado de secundaria para dise\u00f1ar luces de Navidad Cient\u00edfica.<\/p>\n<p>De otro lado, Pampa Garc\u00eda Molina, coordinadora del Science Media Centre Espa\u00f1a de la Fundaci\u00f3n Espa\u00f1ola para la Ciencia y la Tecnolog\u00eda (FECYT), ofreci\u00f3 una conferencia sobre la relaci\u00f3n del personal investigador con los medios de comunicaci\u00f3n, y se celebr\u00f3 una mesa redonda final sobre participaci\u00f3n ciudadana en ciencia, donde intervino Teresa Cruz, directora general de la Fundaci\u00f3n Descubre y responsable del proyecto <a href=\"https:\/\/www.upo.es\/otri\/cultura-cientifica\/oficina-ciencia-ciudadana\/\">ANDALUC\u00cdA + CIENCIA CIUDADANA<\/a>, la Oficina de ciencia ciudadana de Andaluc\u00eda para impulsar el conocimiento cient\u00edfico a trav\u00e9s de proyectos de participaci\u00f3n ciudadana. Se trata de un proyecto impulsado por la Consejer\u00eda de Universidad, Investigaci\u00f3n e Innovaci\u00f3n y coordinado por la Fundaci\u00f3n Descubre y la Universidad Pablo de Olavide que pretende potenciar la utilizaci\u00f3n de la ciencia ciudadana como metodolog\u00eda para la producci\u00f3n y difusi\u00f3n de conocimiento que contribuya a solucionar o mejorar retos que afectan a distintas provincias de la comunidad.<\/p>\n<p>Por \u00faltimo, en el acto de clausura de ComCiRed intervinieron Mar\u00eda Jes\u00fas Ortega, vicerrectora de Investigaci\u00f3n y Transferencia de la Universidad de C\u00e1diz, e Izaskun Lacunza, directora general de la FECYT.<\/p>\n<p>ComCiRed se consolida como un espacio clave de intercambio de experiencias y formaci\u00f3n para profesionales que trabajan en la comunicaci\u00f3n p\u00fablica de la ciencia. Como en ediciones anteriores, los y las participantes han defendido una divulgaci\u00f3n m\u00e1s participativa, innovadora y comprometida con los retos sociales actuales.<\/p>\n<h3><a href=\"https:\/\/www.upo.es\/otri\/cultura-cientifica\/\"><strong>UCC+i de la UPO<\/strong><\/a><\/h3>\n<p>La Universidad Pablo de Olavide, est\u00e1 acreditada para formar parte de la Red UCC+I de la FECYT, desde 2024 y desde entonces es una parte activa de la Red UCC+I, punto de encuentro para intercambio de informaci\u00f3n y recursos de los miembros de las redes de divulgaci\u00f3n y comunicaci\u00f3n coordinadas por FECYT. Como miembro de la Red UCC+I, puede hacer uso de su imagen, como marca registrada, en todos los materiales y actividades puestos en marcha desde la UCC+I; tiene preferencia en la inscripci\u00f3n a los eventos y la formaci\u00f3n espec\u00edfica para Unidades de Cultura Cient\u00edfica y de la Innovaci\u00f3n impulsada desde FECYT; y concurrir a las convocatorias que se establezcan con el objetivo de financiar directa o indirectamente las UCC+I que pertenezcan a la Red.<\/p>\n<p>La Unidad de Cultura Cient\u00edfica e Innovaci\u00f3n de la Universidad Pablo de Olavide tiene como misi\u00f3n hacer comprensible el trabajo de los cient\u00edficos y cient\u00edficas con el objetivo de mejorar e incrementar la formaci\u00f3n, la cultura y los conocimientos cient\u00edficos de los y las ciudadanas. Para ello aborda las siguientes l\u00edneas de actuaci\u00f3n: Divulgaci\u00f3n del conocimiento cient\u00edfico y tecnol\u00f3gico; Comunicaci\u00f3n de Resultados de I+D; y Formaci\u00f3n\/asesoramiento en Comunicaci\u00f3n y Divulgaci\u00f3n.<\/p>\n<p>Y es que las UCC+i son actores esenciales en el ecosistema de la ciencia en Espa\u00f1a, conectando instituciones y sociedad y fortaleciendo el v\u00ednculo entre conocimiento y ciudadan\u00eda.<\/p>\n<ul>\n<li><strong>M\u00e1s informaci\u00f3n: <\/strong><a href=\"https:\/\/www.upo.es\/otri\/cultura-cientifica\/\"><strong>https:\/\/www.upo.es\/otri\/cultura-cientifica\/<\/strong><\/a><\/li>\n<\/ul>\n<p>Fuente: <a href=\"https:\/\/www.upo.es\/otri\/\">Oficina de Transferencia de los Resultados de Investigaci\u00f3n (OTRI)<\/a><\/p>\n","protected":false},"excerpt":{"rendered":"<p>La Unidad de Cultura Cient\u00edfica y de la Innovaci\u00f3n (UCC+i), de la Universidad Pablo de Olavide, de Sevilla, ha participado en ComCiRed (Comunicar Ciencia en Red), encuentro nacional que re\u00fane a los profesionales de la Red de Unidades de Cultura Cient\u00edfica y de la Innovaci\u00f3n (UCC+i) para compartir buenas pr\u00e1cticas y debatir sobre los retos de divulgaci\u00f3n y comunicaci\u00f3n cient\u00edfica. Desde su nacimiento en 2009, ComCiRed cumple quince ediciones siendo el evento de referencia que pone en valor la imprescindible labor de las m\u00e1s de 117 UCC+i de nuestro pa\u00eds.<\/p>\n","protected":false},"author":2,"featured_media":30887081,"comment_status":"closed","ping_status":"open","sticky":false,"template":"","format":"standard","meta":{"_monsterinsights_skip_tracking":false,"_monsterinsights_sitenote_active":false,"_monsterinsights_sitenote_note":"","_monsterinsights_sitenote_category":0,"footnotes":""},"categories":[2779],"tags":[5833,970,821,5794,9008,83,9211,9212],"class_list":["post-30887080","post","type-post","status-publish","format-standard","has-post-thumbnail","hentry","category-docencia-formacion","tag-ciencia","tag-divulgacion","tag-encuentro","tag-fecyt","tag-fundacion-espanola-para-la-ciencia-y-la-tecnologia","tag-otri","tag-ucci","tag-unidad-de-cultura-cientifica-y-de-la-innovacion"],"_links":{"self":[{"href":"https:\/\/www.upo.es\/diario\/wp-json\/wp\/v2\/posts\/30887080","targetHints":{"allow":["GET"]}}],"collection":[{"href":"https:\/\/www.upo.es\/diario\/wp-json\/wp\/v2\/posts"}],"about":[{"href":"https:\/\/www.upo.es\/diario\/wp-json\/wp\/v2\/types\/post"}],"author":[{"embeddable":true,"href":"https:\/\/www.upo.es\/diario\/wp-json\/wp\/v2\/users\/2"}],"replies":[{"embeddable":true,"href":"https:\/\/www.upo.es\/diario\/wp-json\/wp\/v2\/comments?post=30887080"}],"version-history":[{"count":1,"href":"https:\/\/www.upo.es\/diario\/wp-json\/wp\/v2\/posts\/30887080\/revisions"}],"predecessor-version":[{"id":30887083,"href":"https:\/\/www.upo.es\/diario\/wp-json\/wp\/v2\/posts\/30887080\/revisions\/30887083"}],"wp:featuredmedia":[{"embeddable":true,"href":"https:\/\/www.upo.es\/diario\/wp-json\/wp\/v2\/media\/30887081"}],"wp:attachment":[{"href":"https:\/\/www.upo.es\/diario\/wp-json\/wp\/v2\/media?parent=30887080"}],"wp:term":[{"taxonomy":"category","embeddable":true,"href":"https:\/\/www.upo.es\/diario\/wp-json\/wp\/v2\/categories?post=30887080"},{"taxonomy":"post_tag","embeddable":true,"href":"https:\/\/www.upo.es\/diario\/wp-json\/wp\/v2\/tags?post=30887080"}],"curies":[{"name":"wp","href":"https:\/\/api.w.org\/{rel}","templated":true}]}}