{"id":30887088,"date":"2025-06-10T10:25:08","date_gmt":"2025-06-10T08:25:08","guid":{"rendered":"https:\/\/www.upo.es\/diario\/?p=30887088"},"modified":"2025-06-10T10:25:08","modified_gmt":"2025-06-10T08:25:08","slug":"el-estudiantado-egresado-en-biotecnologia-celebra-su-ceremonia-de-fin-de-grado-2","status":"publish","type":"post","link":"https:\/\/www.upo.es\/diario\/comunidad\/2025\/06\/el-estudiantado-egresado-en-biotecnologia-celebra-su-ceremonia-de-fin-de-grado-2\/","title":{"rendered":"El estudiantado egresado en Biotecnolog\u00eda celebra su ceremonia de Fin de Grado"},"content":{"rendered":"<figure id=\"attachment_30887090\" aria-describedby=\"caption-attachment-30887090\" style=\"width: 750px\" class=\"wp-caption aligncenter\"><a href=\"https:\/\/www.upo.es\/diario\/wp-content\/uploads\/2025\/06\/Grado-Biotecnologia-21-scaled.jpeg\"><img loading=\"lazy\" decoding=\"async\" class=\"size-large wp-image-30887090\" src=\"https:\/\/www.upo.es\/diario\/wp-content\/uploads\/2025\/06\/Grado-Biotecnologia-21-750x422.jpeg\" alt=\"\" width=\"750\" height=\"422\" srcset=\"https:\/\/www.upo.es\/diario\/wp-content\/uploads\/2025\/06\/Grado-Biotecnologia-21-750x422.jpeg 750w, https:\/\/www.upo.es\/diario\/wp-content\/uploads\/2025\/06\/Grado-Biotecnologia-21-420x237.jpeg 420w, https:\/\/www.upo.es\/diario\/wp-content\/uploads\/2025\/06\/Grado-Biotecnologia-21-768x432.jpeg 768w, https:\/\/www.upo.es\/diario\/wp-content\/uploads\/2025\/06\/Grado-Biotecnologia-21-1536x865.jpeg 1536w, https:\/\/www.upo.es\/diario\/wp-content\/uploads\/2025\/06\/Grado-Biotecnologia-21-2048x1153.jpeg 2048w, https:\/\/www.upo.es\/diario\/wp-content\/uploads\/2025\/06\/Grado-Biotecnologia-21-1320x743.jpeg 1320w\" sizes=\"auto, (max-width: 750px) 100vw, 750px\" \/><\/a><figcaption id=\"caption-attachment-30887090\" class=\"wp-caption-text\">Promoci\u00f3n 2021\/2025 del Grado en Biotecnolog\u00eda de la UPO.<\/figcaption><\/figure>\n<p>La ceremonia de egresados de la promoci\u00f3n 2021\/2025 del <strong>Grado en Biotecnolog\u00eda<\/strong> se celebr\u00f3 ayer lunes en el Paraninfo de la Universidad Pablo de Olavide. El acto fue presidido por el decano de la Facultad de Ciencias Experimentales, Juan Carlos Rodr\u00edguez Aguilera.<\/p>\n<p><strong>El padrino de la promoci\u00f3n ha sido Juan Mart\u00ednez-Barea, fundador y presidente de <em>Universal Diagnostics SL<\/em><\/strong><strong>.<\/strong> A la ceremonia tambi\u00e9n han asistido Jes\u00fas Rexach Benavides, profesor del \u00c1rea de Fisiolog\u00eda Vegetal de la UPO, como profesor honor\u00edfico; V\u00edctor \u00c1lvarez Tallada, directora acad\u00e9mica del Grado en Biotecnolog\u00eda; y Adri\u00e1n Mac\u00edas de la Rosa, presidente de la Asociaci\u00f3n de Biotecn\u00f3logos de Andaluc\u00eda (AsBAn).<\/p>\n<figure id=\"attachment_30887089\" aria-describedby=\"caption-attachment-30887089\" style=\"width: 420px\" class=\"wp-caption alignright\"><a href=\"https:\/\/www.upo.es\/diario\/wp-content\/uploads\/2025\/06\/Grado-Biotecnologia-3-scaled.jpeg\"><img loading=\"lazy\" decoding=\"async\" class=\"size-medium wp-image-30887089\" src=\"https:\/\/www.upo.es\/diario\/wp-content\/uploads\/2025\/06\/Grado-Biotecnologia-3-420x237.jpeg\" alt=\"\" width=\"420\" height=\"237\" srcset=\"https:\/\/www.upo.es\/diario\/wp-content\/uploads\/2025\/06\/Grado-Biotecnologia-3-420x237.jpeg 420w, https:\/\/www.upo.es\/diario\/wp-content\/uploads\/2025\/06\/Grado-Biotecnologia-3-750x422.jpeg 750w, https:\/\/www.upo.es\/diario\/wp-content\/uploads\/2025\/06\/Grado-Biotecnologia-3-768x432.jpeg 768w, https:\/\/www.upo.es\/diario\/wp-content\/uploads\/2025\/06\/Grado-Biotecnologia-3-1536x865.jpeg 1536w, https:\/\/www.upo.es\/diario\/wp-content\/uploads\/2025\/06\/Grado-Biotecnologia-3-2048x1153.jpeg 2048w, https:\/\/www.upo.es\/diario\/wp-content\/uploads\/2025\/06\/Grado-Biotecnologia-3-1320x743.jpeg 1320w\" sizes=\"auto, (max-width: 420px) 100vw, 420px\" \/><\/a><figcaption id=\"caption-attachment-30887089\" class=\"wp-caption-text\">Las estudiantes Marta Sotelo y Roc\u00edo Rodr\u00edguez.<\/figcaption><\/figure>\n<p>En representaci\u00f3n del alumnado egresado, pronunciaron los discursos Marta Sotelo Montoro y Roc\u00edo Rodr\u00edguez L\u00f3pez. Un total de 65 egresados y egresadas asistieron, junto a sus familiares, a este acto con el que la Universidad Pablo de Olavide recupera una antigua tradici\u00f3n de las universidades europeas.<\/p>\n<p>&nbsp;<\/p>\n<p>&nbsp;<\/p>\n<p>&nbsp;<\/p>\n<p><a href=\"https:\/\/www.upo.es\/diario\/wp-content\/uploads\/2025\/06\/Grado-Biotecnologia-24-scaled.jpeg\"><img loading=\"lazy\" decoding=\"async\" class=\"aligncenter size-large wp-image-30887091\" src=\"https:\/\/www.upo.es\/diario\/wp-content\/uploads\/2025\/06\/Grado-Biotecnologia-24-750x422.jpeg\" alt=\"\" width=\"750\" height=\"422\" srcset=\"https:\/\/www.upo.es\/diario\/wp-content\/uploads\/2025\/06\/Grado-Biotecnologia-24-750x422.jpeg 750w, https:\/\/www.upo.es\/diario\/wp-content\/uploads\/2025\/06\/Grado-Biotecnologia-24-420x237.jpeg 420w, https:\/\/www.upo.es\/diario\/wp-content\/uploads\/2025\/06\/Grado-Biotecnologia-24-768x432.jpeg 768w, https:\/\/www.upo.es\/diario\/wp-content\/uploads\/2025\/06\/Grado-Biotecnologia-24-1536x865.jpeg 1536w, https:\/\/www.upo.es\/diario\/wp-content\/uploads\/2025\/06\/Grado-Biotecnologia-24-2048x1153.jpeg 2048w, https:\/\/www.upo.es\/diario\/wp-content\/uploads\/2025\/06\/Grado-Biotecnologia-24-1320x743.jpeg 1320w\" sizes=\"auto, (max-width: 750px) 100vw, 750px\" \/><\/a><\/p>\n","protected":false},"excerpt":{"rendered":"<p>La ceremonia de egresados de la promoci\u00f3n 2021\/2025 del Grado en Biotecnolog\u00eda se celebr\u00f3 ayer lunes en el Paraninfo de la Universidad Pablo de Olavide. El acto fue presidido por el decano de la Facultad de Ciencias Experimentales, Juan Carlos Rodr\u00edguez Aguilera.<\/p>\n","protected":false},"author":4,"featured_media":30887090,"comment_status":"closed","ping_status":"open","sticky":false,"template":"","format":"standard","meta":{"_monsterinsights_skip_tracking":false,"_monsterinsights_sitenote_active":false,"_monsterinsights_sitenote_note":"","_monsterinsights_sitenote_category":0,"footnotes":""},"categories":[5842],"tags":[5074,6145,669,122,2426],"class_list":["post-30887088","post","type-post","status-publish","format-standard","has-post-thumbnail","hentry","category-comunidad","tag-ceremonia-de-graduacion","tag-ceremonia-fin-de-grado","tag-egresados","tag-facultad-ciencias-experimentales","tag-grado-en-biotecnologia"],"_links":{"self":[{"href":"https:\/\/www.upo.es\/diario\/wp-json\/wp\/v2\/posts\/30887088","targetHints":{"allow":["GET"]}}],"collection":[{"href":"https:\/\/www.upo.es\/diario\/wp-json\/wp\/v2\/posts"}],"about":[{"href":"https:\/\/www.upo.es\/diario\/wp-json\/wp\/v2\/types\/post"}],"author":[{"embeddable":true,"href":"https:\/\/www.upo.es\/diario\/wp-json\/wp\/v2\/users\/4"}],"replies":[{"embeddable":true,"href":"https:\/\/www.upo.es\/diario\/wp-json\/wp\/v2\/comments?post=30887088"}],"version-history":[{"count":1,"href":"https:\/\/www.upo.es\/diario\/wp-json\/wp\/v2\/posts\/30887088\/revisions"}],"predecessor-version":[{"id":30887092,"href":"https:\/\/www.upo.es\/diario\/wp-json\/wp\/v2\/posts\/30887088\/revisions\/30887092"}],"wp:featuredmedia":[{"embeddable":true,"href":"https:\/\/www.upo.es\/diario\/wp-json\/wp\/v2\/media\/30887090"}],"wp:attachment":[{"href":"https:\/\/www.upo.es\/diario\/wp-json\/wp\/v2\/media?parent=30887088"}],"wp:term":[{"taxonomy":"category","embeddable":true,"href":"https:\/\/www.upo.es\/diario\/wp-json\/wp\/v2\/categories?post=30887088"},{"taxonomy":"post_tag","embeddable":true,"href":"https:\/\/www.upo.es\/diario\/wp-json\/wp\/v2\/tags?post=30887088"}],"curies":[{"name":"wp","href":"https:\/\/api.w.org\/{rel}","templated":true}]}}