{"id":30887100,"date":"2025-06-10T12:14:23","date_gmt":"2025-06-10T10:14:23","guid":{"rendered":"https:\/\/www.upo.es\/diario\/?p=30887100"},"modified":"2025-06-15T23:41:15","modified_gmt":"2025-06-15T21:41:15","slug":"programa-artes-formacion-creaciones-artisticas-la-fundicion-teatro","status":"publish","type":"post","link":"https:\/\/www.upo.es\/diario\/cultura-social\/2025\/06\/programa-artes-formacion-creaciones-artisticas-la-fundicion-teatro\/","title":{"rendered":"Estudiantes del programa Artes y Formaci\u00f3n de la UPO presentan esta semana sus creaciones art\u00edsticas en La Fundici\u00f3n"},"content":{"rendered":"<p><strong><a href=\"https:\/\/www.upo.es\/diario\/wp-content\/uploads\/2025\/06\/Cartel_La_Fundicion_UPO-2025-scaled.jpg\"><img loading=\"lazy\" decoding=\"async\" class=\"aligncenter size-large wp-image-30887101\" src=\"https:\/\/www.upo.es\/diario\/wp-content\/uploads\/2025\/06\/Cartel_La_Fundicion_UPO-2025-750x325.jpg\" alt=\"Carteles de la obra \u2018El imperio del odio\u2019, un homenaje a The Beatles y el espect\u00e1culo flamenco \u2018De la fuente a la simiente\u2019 son las propuestas creativas desarrolladas por el alumnado de la Universidad Pablo de Olavide durante el curso 2024\/25\" width=\"750\" height=\"325\" srcset=\"https:\/\/www.upo.es\/diario\/wp-content\/uploads\/2025\/06\/Cartel_La_Fundicion_UPO-2025-750x325.jpg 750w, https:\/\/www.upo.es\/diario\/wp-content\/uploads\/2025\/06\/Cartel_La_Fundicion_UPO-2025-420x182.jpg 420w, https:\/\/www.upo.es\/diario\/wp-content\/uploads\/2025\/06\/Cartel_La_Fundicion_UPO-2025-768x333.jpg 768w, https:\/\/www.upo.es\/diario\/wp-content\/uploads\/2025\/06\/Cartel_La_Fundicion_UPO-2025-1536x665.jpg 1536w, https:\/\/www.upo.es\/diario\/wp-content\/uploads\/2025\/06\/Cartel_La_Fundicion_UPO-2025-2048x887.jpg 2048w, https:\/\/www.upo.es\/diario\/wp-content\/uploads\/2025\/06\/Cartel_La_Fundicion_UPO-2025-1320x572.jpg 1320w\" sizes=\"auto, (max-width: 750px) 100vw, 750px\" \/><\/a>\u2018El imperio del odio\u2019<\/strong>, estreno de La Escalera Teatro (12 de junio, 20:30 horas); <strong>\u2018Homenaje a The Beatles, en el 45 aniversario de la muerte de John Lennon\u2019<\/strong>, concierto del Coro de la UPO (13 de junio, 20:30 horas); y <strong>\u2018De la fuente a la simiente\u2019<\/strong>, espect\u00e1culo de cante y baile flamenco (14 de junio, 20:30 horas), son las creaciones desarrolladas por estudiantes de la Universidad Pablo de Olavide que podr\u00e1n disfrutarse <strong>esta semana en La Fundici\u00f3n Teatro<\/strong> (C\/ Habana, 18).<\/p>\n<p>El <a href=\"https:\/\/fundiciondesevilla.es\/el-imperio-del-odio\/\">estreno de La Escalera Teatro, \u2018El imperio del odio\u2019<\/a>, ser\u00e1 la primera obra en representarse en La Fundici\u00f3n este jueves. Dirigida por Piermario Salerno, se trata de una creaci\u00f3n del <strong>Aula de Artes Esc\u00e9nicas de la UPO<\/strong> sobre un futuro dist\u00f3pico en el que la sociedad est\u00e1 sometida a una vigilancia total. La Escalera Teatro est\u00e1 formada por alumnas y alumnos de danza y teatro del Aula, que cada a\u00f1o culmina su aprendizaje con el estreno de una obra esc\u00e9nica desarrollada durante el curso.<\/p>\n<p>El viernes d\u00eda 13 ser\u00e1 el turno del <strong>Coro de la Universidad Pablo de Olavide que, junto a la Doppler Rock Band<\/strong>, rendir\u00e1 <a href=\"https:\/\/fundiciondesevilla.es\/homenaje-a-the-beatles-en-el-45-aniversario-de-la-muerte-de-j-lennon\/\">tributo a la m\u00fasica de The Beatles en el a\u00f1o en que se cumplen 45 a\u00f1os de la muerte de John Lennon<\/a>. Con un repertorio que incluye muchas de las canciones m\u00e1s conocidas, el programa fusiona la energ\u00eda de la m\u00fasica de la m\u00edtica banda de Liverpool con el talento vocal del Coro de la UPO, con direcci\u00f3n art\u00edstica de Miguel Rodr\u00edguez y direcci\u00f3n musical de Jorge R. Morata.<\/p>\n<p>El <strong>Aula de Flamenco de la UPO<\/strong> estrena el <a href=\"https:\/\/fundiciondesevilla.es\/de-la-fuente-a-la-simiente\/\">s\u00e1bado 14 el espect\u00e1culo \u2018De la fuente a la simiente\u2019<\/a>. Cante y baile a cargo del alumnado del Aula con la guitarrista Carmen Garc\u00eda como artista invitada y Maite Olivares y Carmen Blanco \u2018La Manme\u2019 en la direcci\u00f3n art\u00edstica.<\/p>\n<p>El Vicerrectorado de Cultura y Pol\u00edticas Sociales, a trav\u00e9s del Servicio de Extensi\u00f3n Cultural, en colaboraci\u00f3n con La Fundici\u00f3n Teatro, facilita de este modo que las agrupaciones art\u00edsticas de la Universidad Pablo de Olavide, surgidas de su Programa Artes y Formaci\u00f3n, tengan un escenario en el centro de Sevilla.<\/p>\n<p>El <a href=\"https:\/\/www.upo.es\/diario\/cultura-social\/2024\/09\/abierto-el-plazo-para-participar-en-el-programa-artes-y-formacion-de-la-upo-del-curso-2024-2025\/\">Programa Artes y Formaci\u00f3n<\/a> facilita una ense\u00f1anza te\u00f3rica y pr\u00e1ctica en disciplinas como el teatro y la danza, la m\u00fasica coral y el flamenco (cante, baile y guitarra) en el campus de la UPO, como complemento a la formaci\u00f3n acad\u00e9mica universitaria.<\/p>\n","protected":false},"excerpt":{"rendered":"<p>La obra \u2018El imperio del odio\u2019, un homenaje a The Beatles y el espect\u00e1culo flamenco \u2018De la fuente a la simiente\u2019 son las propuestas creativas desarrolladas por el alumnado de la Universidad Pablo de Olavide durante el curso 2024\/25<\/p>\n","protected":false},"author":6,"featured_media":30887101,"comment_status":"closed","ping_status":"open","sticky":false,"template":"","format":"standard","meta":{"_monsterinsights_skip_tracking":false,"_monsterinsights_sitenote_active":false,"_monsterinsights_sitenote_note":"","_monsterinsights_sitenote_category":0,"footnotes":""},"categories":[5843],"tags":[8888,2118,93,73,402,4119,4117,3746,95,7194],"class_list":["post-30887100","post","type-post","status-publish","format-standard","has-post-thumbnail","hentry","category-cultura-social","tag-aula-de-flamenco","tag-coro-de-la-universidad-pablo-de-olavide","tag-flamenco","tag-la-escalera-teatro","tag-musica","tag-programa-artes-y-formacion","tag-sala-la-fundicion","tag-servicio-de-extension-cultural","tag-teatro","tag-vicerrectorado-de-cultura-y-politicas-sociales"],"_links":{"self":[{"href":"https:\/\/www.upo.es\/diario\/wp-json\/wp\/v2\/posts\/30887100","targetHints":{"allow":["GET"]}}],"collection":[{"href":"https:\/\/www.upo.es\/diario\/wp-json\/wp\/v2\/posts"}],"about":[{"href":"https:\/\/www.upo.es\/diario\/wp-json\/wp\/v2\/types\/post"}],"author":[{"embeddable":true,"href":"https:\/\/www.upo.es\/diario\/wp-json\/wp\/v2\/users\/6"}],"replies":[{"embeddable":true,"href":"https:\/\/www.upo.es\/diario\/wp-json\/wp\/v2\/comments?post=30887100"}],"version-history":[{"count":1,"href":"https:\/\/www.upo.es\/diario\/wp-json\/wp\/v2\/posts\/30887100\/revisions"}],"predecessor-version":[{"id":30887102,"href":"https:\/\/www.upo.es\/diario\/wp-json\/wp\/v2\/posts\/30887100\/revisions\/30887102"}],"wp:featuredmedia":[{"embeddable":true,"href":"https:\/\/www.upo.es\/diario\/wp-json\/wp\/v2\/media\/30887101"}],"wp:attachment":[{"href":"https:\/\/www.upo.es\/diario\/wp-json\/wp\/v2\/media?parent=30887100"}],"wp:term":[{"taxonomy":"category","embeddable":true,"href":"https:\/\/www.upo.es\/diario\/wp-json\/wp\/v2\/categories?post=30887100"},{"taxonomy":"post_tag","embeddable":true,"href":"https:\/\/www.upo.es\/diario\/wp-json\/wp\/v2\/tags?post=30887100"}],"curies":[{"name":"wp","href":"https:\/\/api.w.org\/{rel}","templated":true}]}}