{"id":30887117,"date":"2025-06-11T13:20:56","date_gmt":"2025-06-11T11:20:56","guid":{"rendered":"https:\/\/www.upo.es\/diario\/?p=30887117"},"modified":"2025-07-02T10:57:49","modified_gmt":"2025-07-02T08:57:49","slug":"estudiantes-altas-capacidades-intelectuales-presentan-investigaciones-upo","status":"publish","type":"post","link":"https:\/\/www.upo.es\/diario\/comunidad\/2025\/06\/estudiantes-altas-capacidades-intelectuales-presentan-investigaciones-upo\/","title":{"rendered":"Estudiantes con altas capacidades intelectuales presentan sus investigaciones en la UPO"},"content":{"rendered":"<figure id=\"attachment_30887120\" aria-describedby=\"caption-attachment-30887120\" style=\"width: 750px\" class=\"wp-caption aligncenter\"><a href=\"https:\/\/www.upo.es\/diario\/wp-content\/uploads\/2025\/06\/programa_DACIU01-1-scaled.jpg\"><img loading=\"lazy\" decoding=\"async\" class=\"size-large wp-image-30887120\" src=\"https:\/\/www.upo.es\/diario\/wp-content\/uploads\/2025\/06\/programa_DACIU01-1-750x500.jpg\" alt=\"\" width=\"750\" height=\"500\" srcset=\"https:\/\/www.upo.es\/diario\/wp-content\/uploads\/2025\/06\/programa_DACIU01-1-750x500.jpg 750w, https:\/\/www.upo.es\/diario\/wp-content\/uploads\/2025\/06\/programa_DACIU01-1-420x280.jpg 420w, https:\/\/www.upo.es\/diario\/wp-content\/uploads\/2025\/06\/programa_DACIU01-1-768x512.jpg 768w, https:\/\/www.upo.es\/diario\/wp-content\/uploads\/2025\/06\/programa_DACIU01-1-1536x1024.jpg 1536w, https:\/\/www.upo.es\/diario\/wp-content\/uploads\/2025\/06\/programa_DACIU01-1-2048x1365.jpg 2048w, https:\/\/www.upo.es\/diario\/wp-content\/uploads\/2025\/06\/programa_DACIU01-1-165x109.jpg 165w, https:\/\/www.upo.es\/diario\/wp-content\/uploads\/2025\/06\/programa_DACIU01-1-1320x880.jpg 1320w\" sizes=\"auto, (max-width: 750px) 100vw, 750px\" \/><\/a><figcaption id=\"caption-attachment-30887120\" class=\"wp-caption-text\">De izquierda a derecha, Evaristo Barrera, Laura G\u00f3mez Ruiz, Marta Sotelo, Daniel Jurado, Gloria Lara, Nicol\u00e1s Dabrio, Pedro S\u00e1nchez, Daniel Castro, Alberto Fla\u00f1o, Ra\u00fal \u00c1lvarez y Mar\u00eda del Pilar Moreno.<\/figcaption><\/figure>\n<p>Estudiantes de la Universidad Pablo de Olavide, pertenecientes al <a href=\"https:\/\/daciu.com\/\">programa de excelencia <strong>\u2018Desarrollo de las Altas Capacidades Intelectuales en la Universidad\u2019<\/strong> (DACIU)<\/a>, promovido por la <strong>Fundaci\u00f3n Avanza<\/strong>, han presentado en la ma\u00f1ana de hoy los trabajos de investigaci\u00f3n que han elaborado en este curso acad\u00e9mico 2024-2025.<\/p>\n<figure id=\"attachment_30887121\" aria-describedby=\"caption-attachment-30887121\" style=\"width: 420px\" class=\"wp-caption alignright\"><a href=\"https:\/\/www.upo.es\/diario\/wp-content\/uploads\/2025\/06\/programa_DACIU02-1-scaled.jpg\"><img loading=\"lazy\" decoding=\"async\" class=\"size-medium wp-image-30887121\" src=\"https:\/\/www.upo.es\/diario\/wp-content\/uploads\/2025\/06\/programa_DACIU02-1-420x280.jpg\" alt=\"\" width=\"420\" height=\"280\" srcset=\"https:\/\/www.upo.es\/diario\/wp-content\/uploads\/2025\/06\/programa_DACIU02-1-420x280.jpg 420w, https:\/\/www.upo.es\/diario\/wp-content\/uploads\/2025\/06\/programa_DACIU02-1-750x500.jpg 750w, https:\/\/www.upo.es\/diario\/wp-content\/uploads\/2025\/06\/programa_DACIU02-1-768x512.jpg 768w, https:\/\/www.upo.es\/diario\/wp-content\/uploads\/2025\/06\/programa_DACIU02-1-1536x1024.jpg 1536w, https:\/\/www.upo.es\/diario\/wp-content\/uploads\/2025\/06\/programa_DACIU02-1-2048x1365.jpg 2048w, https:\/\/www.upo.es\/diario\/wp-content\/uploads\/2025\/06\/programa_DACIU02-1-165x109.jpg 165w, https:\/\/www.upo.es\/diario\/wp-content\/uploads\/2025\/06\/programa_DACIU02-1-1320x880.jpg 1320w\" sizes=\"auto, (max-width: 420px) 100vw, 420px\" \/><\/a><figcaption id=\"caption-attachment-30887121\" class=\"wp-caption-text\">De izquierda a derecha, Evaristo Barrera, Laura G\u00f3mez Ruiz, Mar\u00eda del Pilar Moreno y Alberto Fla\u00f1o.<\/figcaption><\/figure>\n<p>Las presentaciones se han desarrollado en el marco de las jornadas de clausura de dicho programa, que han sido inauguradas por <strong>L<\/strong><strong>aura G\u00f3mez Ruiz, <\/strong>vicerrectora de Cultura y Pol\u00edticas Sociales; <strong>Mar\u00eda del Pilar Moreno Navarro<\/strong>, vicerrectora de Estudiantes; <strong>Alberto Fla\u00f1o<\/strong>, presidente de la Fundaci\u00f3n Avanza; y <strong>Evaristo Barrera<\/strong>, coordinador del Programa DACIU en la Universidad Pablo de Olavide.<\/p>\n<p>Las presentaciones se han desarrollado en el marco de las jornadas de clausura de dicho programa, que ha contado con la participaci\u00f3n de <strong>L<\/strong><strong>aura G\u00f3mez Ruiz, <\/strong>vicerrectora de Cultura y Pol\u00edticas Sociales; <strong>Mar\u00eda del Pilar Moreno Navarro<\/strong>, vicerrectora de Estudiantes; <strong>Alberto Fla\u00f1o<\/strong>, presidente de la Fundaci\u00f3n Avanza; y <strong>Evaristo Barrera<\/strong>, coordinador del Programa DACIU en la UPO, quienes han inaugurado el acto y destacado la relevancia de este proyecto en la formaci\u00f3n del estudiantado con altas capacidades.<\/p>\n<p>Con el objetivo de potenciar el talento y las habilidades de los estudiantes universitarios con altas capacidades intelectuales, la Fundaci\u00f3n Avanza puso en marcha en 2022 esta propuesta innovadora que une a universidades, profesorado y estudiantado en un proyecto que apuesta por el desarrollo del talento a trav\u00e9s de la realizaci\u00f3n de actividades centradas en la investigaci\u00f3n.<\/p>\n<figure id=\"attachment_30887122\" aria-describedby=\"caption-attachment-30887122\" style=\"width: 420px\" class=\"wp-caption alignleft\"><a href=\"https:\/\/www.upo.es\/diario\/wp-content\/uploads\/2025\/06\/programa_DACIU03-1-scaled.jpg\"><img loading=\"lazy\" decoding=\"async\" class=\"size-medium wp-image-30887122\" src=\"https:\/\/www.upo.es\/diario\/wp-content\/uploads\/2025\/06\/programa_DACIU03-1-420x280.jpg\" alt=\"\" width=\"420\" height=\"280\" srcset=\"https:\/\/www.upo.es\/diario\/wp-content\/uploads\/2025\/06\/programa_DACIU03-1-420x280.jpg 420w, https:\/\/www.upo.es\/diario\/wp-content\/uploads\/2025\/06\/programa_DACIU03-1-750x500.jpg 750w, https:\/\/www.upo.es\/diario\/wp-content\/uploads\/2025\/06\/programa_DACIU03-1-768x512.jpg 768w, https:\/\/www.upo.es\/diario\/wp-content\/uploads\/2025\/06\/programa_DACIU03-1-1536x1024.jpg 1536w, https:\/\/www.upo.es\/diario\/wp-content\/uploads\/2025\/06\/programa_DACIU03-1-2048x1365.jpg 2048w, https:\/\/www.upo.es\/diario\/wp-content\/uploads\/2025\/06\/programa_DACIU03-1-165x109.jpg 165w, https:\/\/www.upo.es\/diario\/wp-content\/uploads\/2025\/06\/programa_DACIU03-1-1320x880.jpg 1320w\" sizes=\"auto, (max-width: 420px) 100vw, 420px\" \/><\/a><figcaption id=\"caption-attachment-30887122\" class=\"wp-caption-text\">El estudiante Nicol\u00e1s Dabrio D\u00edaz, durante la exposici\u00f3n de su trabajo &#8216;Luces y sombras en la realidad pr\u00e1ctica del Reglamento General de Protecci\u00f3n de Datos&#8217;.<\/figcaption><\/figure>\n<p>As\u00ed, <strong>Nicol\u00e1s Dabrio D\u00edaz, Gloria Lara Herv\u00e1s, Marta Sotelo Montoro, Daniel Castro Palacios, Pedro S\u00e1nchez Mendoza<\/strong> y <strong>Daniel Jurado Conejo, <\/strong>han podido presentar esta ma\u00f1ana los art\u00edculos de investigaci\u00f3n en los que han trabajado, tutorizados por un profesor o profesora de la UPO. Las exposiciones han abordado as\u00ed tem\u00e1ticas tan diversas como la protecci\u00f3n de datos, los derechos en prisi\u00f3n, biomarcadores gen\u00e9ticos en enfermedades mitocondriales, los nanomateriales, el S\u00e1hara Occidental o los incentivos laborales y g\u00e9nero.<\/p>\n<p>Tras las presentaciones, Alberto Fla\u00f1o ha ofrecido una intervenci\u00f3n centrada en la organizaci\u00f3n del programa DACIU desde la Fundaci\u00f3n Avanza, seguida de un espacio para la atenci\u00f3n a dudas e informaci\u00f3n de futuras ediciones.<\/p>\n<h3><strong>Una apuesta por el desarrollo del talento universitario y de la sociedad<\/strong><\/h3>\n<p>La experiencia directa en proyectos de investigaci\u00f3n ofrece de esta manera una inmersi\u00f3n real en el proceso cient\u00edfico, facilita el aprendizaje de metodolog\u00edas avanzadas y permite establecer v\u00ednculos con investigadores reconocidos. Esta interacci\u00f3n es esencial para descubrir nuevas vocaciones, orientar carreras futuras y abrir posibilidades profesionales antes insospechadas.<\/p>\n<p>El programa DACIU busca ir m\u00e1s all\u00e1 de los planes de estudios reglados de las universidades para brindar oportunidades de desarrollo personalizado a los estudiantes con altas capacidades intelectuales. Con este fin, la Fundaci\u00f3n Avanza ha desarrollado un plan de excelencia que se adapta a las necesidades de estos estudiantes, ofreci\u00e9ndoles un conjunto de actividades espec\u00edficas que les permiten desarrollar todo su potencial. Su planteamiento se basa en la personalizaci\u00f3n de la atenci\u00f3n al alumnado, con un ritmo de aprendizaje personal y con igualdad de oportunidades.<\/p>\n<p>El programa DACIU tiene como objetivo no solo potenciar el talento de los estudiantes universitarios con altas capacidades intelectuales, sino tambi\u00e9n contribuir al desarrollo de la sociedad en su conjunto a trav\u00e9s de la generaci\u00f3n de conocimiento, la investigaci\u00f3n y la innovaci\u00f3n.<\/p>\n","protected":false},"excerpt":{"rendered":"<p>Estudiantes de la Universidad Pablo de Olavide, pertenecientes al programa de excelencia \u2018Desarrollo de las Altas Capacidades Intelectuales en la Universidad\u2019 (DACIU), promovido por la Fundaci\u00f3n Avanza, han presentado en la ma\u00f1ana de hoy los trabajos de investigaci\u00f3n que han elaborado en este curso acad\u00e9mico 2024-2025.<\/p>\n","protected":false},"author":2,"featured_media":30887120,"comment_status":"closed","ping_status":"open","sticky":false,"template":"","format":"standard","meta":{"_monsterinsights_skip_tracking":false,"_monsterinsights_sitenote_active":false,"_monsterinsights_sitenote_note":"","_monsterinsights_sitenote_category":0,"footnotes":""},"categories":[5842],"tags":[8460,463,8462,6912,7907,5773],"class_list":["post-30887117","post","type-post","status-publish","format-standard","has-post-thumbnail","hentry","category-comunidad","tag-altas-capacidades","tag-clausura","tag-daciu","tag-estudiantado","tag-fundacion-avanza","tag-talento"],"_links":{"self":[{"href":"https:\/\/www.upo.es\/diario\/wp-json\/wp\/v2\/posts\/30887117","targetHints":{"allow":["GET"]}}],"collection":[{"href":"https:\/\/www.upo.es\/diario\/wp-json\/wp\/v2\/posts"}],"about":[{"href":"https:\/\/www.upo.es\/diario\/wp-json\/wp\/v2\/types\/post"}],"author":[{"embeddable":true,"href":"https:\/\/www.upo.es\/diario\/wp-json\/wp\/v2\/users\/2"}],"replies":[{"embeddable":true,"href":"https:\/\/www.upo.es\/diario\/wp-json\/wp\/v2\/comments?post=30887117"}],"version-history":[{"count":2,"href":"https:\/\/www.upo.es\/diario\/wp-json\/wp\/v2\/posts\/30887117\/revisions"}],"predecessor-version":[{"id":30887123,"href":"https:\/\/www.upo.es\/diario\/wp-json\/wp\/v2\/posts\/30887117\/revisions\/30887123"}],"wp:featuredmedia":[{"embeddable":true,"href":"https:\/\/www.upo.es\/diario\/wp-json\/wp\/v2\/media\/30887120"}],"wp:attachment":[{"href":"https:\/\/www.upo.es\/diario\/wp-json\/wp\/v2\/media?parent=30887117"}],"wp:term":[{"taxonomy":"category","embeddable":true,"href":"https:\/\/www.upo.es\/diario\/wp-json\/wp\/v2\/categories?post=30887117"},{"taxonomy":"post_tag","embeddable":true,"href":"https:\/\/www.upo.es\/diario\/wp-json\/wp\/v2\/tags?post=30887117"}],"curies":[{"name":"wp","href":"https:\/\/api.w.org\/{rel}","templated":true}]}}