{"id":30887134,"date":"2025-06-11T16:46:17","date_gmt":"2025-06-11T14:46:17","guid":{"rendered":"https:\/\/www.upo.es\/diario\/?p=30887134"},"modified":"2025-06-15T23:41:04","modified_gmt":"2025-06-15T21:41:04","slug":"stefan-leible-doctor-honoris-causa-upo","status":"publish","type":"post","link":"https:\/\/www.upo.es\/diario\/institucional\/2025\/06\/stefan-leible-doctor-honoris-causa-upo\/","title":{"rendered":"Stefan Leible, Doctor Honoris Causa por la UPO: \u00abNo hay alternativa a la cooperaci\u00f3n pac\u00edfica en una Europa Unida\u00bb"},"content":{"rendered":"<figure id=\"attachment_30887135\" aria-describedby=\"caption-attachment-30887135\" style=\"width: 750px\" class=\"wp-caption aligncenter\"><a href=\"https:\/\/www.upo.es\/diario\/wp-content\/uploads\/2025\/06\/11062025-HC_Stefan-Leible-7825-scaled.jpg\"><img loading=\"lazy\" decoding=\"async\" class=\"size-large wp-image-30887135\" src=\"https:\/\/www.upo.es\/diario\/wp-content\/uploads\/2025\/06\/11062025-HC_Stefan-Leible-7825-750x422.jpg\" alt=\"Stefan Leible y Francisco Oliva\" width=\"750\" height=\"422\" srcset=\"https:\/\/www.upo.es\/diario\/wp-content\/uploads\/2025\/06\/11062025-HC_Stefan-Leible-7825-750x422.jpg 750w, https:\/\/www.upo.es\/diario\/wp-content\/uploads\/2025\/06\/11062025-HC_Stefan-Leible-7825-420x236.jpg 420w, https:\/\/www.upo.es\/diario\/wp-content\/uploads\/2025\/06\/11062025-HC_Stefan-Leible-7825-768x432.jpg 768w, https:\/\/www.upo.es\/diario\/wp-content\/uploads\/2025\/06\/11062025-HC_Stefan-Leible-7825-1536x864.jpg 1536w, https:\/\/www.upo.es\/diario\/wp-content\/uploads\/2025\/06\/11062025-HC_Stefan-Leible-7825-2048x1152.jpg 2048w, https:\/\/www.upo.es\/diario\/wp-content\/uploads\/2025\/06\/11062025-HC_Stefan-Leible-7825-1320x742.jpg 1320w\" sizes=\"auto, (max-width: 750px) 100vw, 750px\" \/><\/a><figcaption id=\"caption-attachment-30887135\" class=\"wp-caption-text\">Stefan Leible y Francisco Oliva<\/figcaption><\/figure>\n<p><strong>El jurista alem\u00e1n y rector de la Universidad de Bayreuth, Stefan Leible, ha sido investido este mi\u00e9rcoles Doctor Honoris Causa por la Universidad Pablo de Olavide en un acto en el que ha subrayado la colaboraci\u00f3n de ambas instituciones tanto en el plano cient\u00edfico como en la formaci\u00f3n de estudiantes<\/strong>. \u00abEntiendo la concesi\u00f3n de esta distinci\u00f3n, no como un honor personal, sino como la culminaci\u00f3n de lo que hemos logrado conjuntamente en los \u00faltimos a\u00f1os y como acicate para continuar discurriendo esta senda com\u00fan en el futuro\u00bb, ha declarado Leible.<\/p>\n<figure id=\"attachment_30887137\" aria-describedby=\"caption-attachment-30887137\" style=\"width: 420px\" class=\"wp-caption alignleft\"><a href=\"https:\/\/www.upo.es\/diario\/wp-content\/uploads\/2025\/06\/11062025-HC_Stefan-Leible-7748-scaled.jpg\"><img loading=\"lazy\" decoding=\"async\" class=\"size-medium wp-image-30887137\" src=\"https:\/\/www.upo.es\/diario\/wp-content\/uploads\/2025\/06\/11062025-HC_Stefan-Leible-7748-420x280.jpg\" alt=\"C\u00e9sar Hornero, decano de la Facultad de Derecho, durante su 'laudatio'\" width=\"420\" height=\"280\" srcset=\"https:\/\/www.upo.es\/diario\/wp-content\/uploads\/2025\/06\/11062025-HC_Stefan-Leible-7748-420x280.jpg 420w, https:\/\/www.upo.es\/diario\/wp-content\/uploads\/2025\/06\/11062025-HC_Stefan-Leible-7748-750x500.jpg 750w, https:\/\/www.upo.es\/diario\/wp-content\/uploads\/2025\/06\/11062025-HC_Stefan-Leible-7748-768x512.jpg 768w, https:\/\/www.upo.es\/diario\/wp-content\/uploads\/2025\/06\/11062025-HC_Stefan-Leible-7748-1536x1024.jpg 1536w, https:\/\/www.upo.es\/diario\/wp-content\/uploads\/2025\/06\/11062025-HC_Stefan-Leible-7748-2048x1365.jpg 2048w, https:\/\/www.upo.es\/diario\/wp-content\/uploads\/2025\/06\/11062025-HC_Stefan-Leible-7748-165x109.jpg 165w, https:\/\/www.upo.es\/diario\/wp-content\/uploads\/2025\/06\/11062025-HC_Stefan-Leible-7748-1320x880.jpg 1320w\" sizes=\"auto, (max-width: 420px) 100vw, 420px\" \/><\/a><figcaption id=\"caption-attachment-30887137\" class=\"wp-caption-text\">C\u00e9sar Hornero, decano de la Facultad de Derecho, durante su &#8216;laudatio&#8217;<\/figcaption><\/figure>\n<p>Previamente a sus palabras, <strong>C\u00e9sar Hornero, decano de la Facultad de Derecho, expuso en la <em>laudatio<\/em> los motivos por los que propuso que, el ya Doctor Honoris Causa, fuese investido como tal por la Universidad Pablo de Olavide<\/strong>. Para el decano, son especialmente rese\u00f1ables los v\u00ednculos del profesor Leible con la UPO, su trayectoria acad\u00e9mica en Derecho civil, Derecho internacional privado y Derecho comparado y su concepci\u00f3n internacional de la Universidad. Todas ellas han hecho posible que una de sus ideas sea hoy una realidad que cursan cada a\u00f1o j\u00f3venes estudiantes de Espa\u00f1a y Alemania, el <a href=\"https:\/\/www.upo.es\/portal\/impe\/web\/contenido\/23382f8c-ec8f-11e3-8b3d-3fe5a96f4a88?channel=c1f3624d-2f47-11de-b088-3fe5a96f4a88\">Doble grado en Derecho hispano-alem\u00e1n<\/a> que imparten conjuntamente la Universidad Pablo de Olavide y la Universidad de Bayreuth, y que este curso cumple ya diez a\u00f1os.<\/p>\n<p><strong>\u00abEl Doble grado en Derecho hispano-alem\u00e1n forma juristas verdaderamente europeos\u00bb ha afirmado el nuevo Doctor Honoris Causa de la Olavide.<\/strong> \u00abY ello en una \u00e9poca en que la libertad acad\u00e9mica de las universidades es sometida a presi\u00f3n en todo el mundo, cuando cada vez llegan al poder m\u00e1s partidos que abjuran de la idea de Europa, y cuando asoman en el horizonte peligros de guerra (\u2026) debemos mantener nuestra unidad como sociedades y como universidades, ya que no hay alternativa alguna a la cooperaci\u00f3n pac\u00edfica en una Europa unida\u00bb, ha advertido Leible.<\/p>\n<figure id=\"attachment_30887138\" aria-describedby=\"caption-attachment-30887138\" style=\"width: 420px\" class=\"wp-caption alignleft\"><a href=\"https:\/\/www.upo.es\/diario\/wp-content\/uploads\/2025\/06\/75b9fd44-62de-4d28-9a24-fae74bb0fbbd.jpg\"><img loading=\"lazy\" decoding=\"async\" class=\"size-medium wp-image-30887138\" src=\"https:\/\/www.upo.es\/diario\/wp-content\/uploads\/2025\/06\/75b9fd44-62de-4d28-9a24-fae74bb0fbbd-420x280.jpg\" alt=\"Stefan Lieble durante su discurso\" width=\"420\" height=\"280\" srcset=\"https:\/\/www.upo.es\/diario\/wp-content\/uploads\/2025\/06\/75b9fd44-62de-4d28-9a24-fae74bb0fbbd-420x280.jpg 420w, https:\/\/www.upo.es\/diario\/wp-content\/uploads\/2025\/06\/75b9fd44-62de-4d28-9a24-fae74bb0fbbd-750x500.jpg 750w, https:\/\/www.upo.es\/diario\/wp-content\/uploads\/2025\/06\/75b9fd44-62de-4d28-9a24-fae74bb0fbbd-768x512.jpg 768w, https:\/\/www.upo.es\/diario\/wp-content\/uploads\/2025\/06\/75b9fd44-62de-4d28-9a24-fae74bb0fbbd-1536x1024.jpg 1536w, https:\/\/www.upo.es\/diario\/wp-content\/uploads\/2025\/06\/75b9fd44-62de-4d28-9a24-fae74bb0fbbd-165x109.jpg 165w, https:\/\/www.upo.es\/diario\/wp-content\/uploads\/2025\/06\/75b9fd44-62de-4d28-9a24-fae74bb0fbbd-1320x880.jpg 1320w, https:\/\/www.upo.es\/diario\/wp-content\/uploads\/2025\/06\/75b9fd44-62de-4d28-9a24-fae74bb0fbbd.jpg 1560w\" sizes=\"auto, (max-width: 420px) 100vw, 420px\" \/><\/a><figcaption id=\"caption-attachment-30887138\" class=\"wp-caption-text\">Stefan Lieble durante su discurso<\/figcaption><\/figure>\n<p>En su discurso, <strong>Stefan Leible ha sintetizado la evoluci\u00f3n del Derecho privado europeo en los \u00faltimos 25 a\u00f1os, a cuya armonizaci\u00f3n ha contribuido notablemente desde la academia<\/strong> y que ha sido tambi\u00e9n impulsada por las directivas de la UE. \u00abNo obstante, subsiste a\u00fan la tensi\u00f3n entre la soberan\u00eda nacional y la armonizaci\u00f3n (\u2026) en un contexto en que la digitalizaci\u00f3n supone un motor y un desaf\u00edo para la europeizaci\u00f3n del Derecho privado\u00bb, ha se\u00f1alado.<\/p>\n<p>Francisco Oliva ha resaltado tambi\u00e9n la figura del profesor Leible como \u00abacad\u00e9mico ejemplar, jurista refinado y global y comprometido gestor universitario\u00bb. El rector de la Universidad Pablo de Olavide ha incidido especialmente en la internacionalidad de sus aportaciones acad\u00e9micas y en su europe\u00edsmo, de los que ha puesto como ejemplo su contribuci\u00f3n a la armonizaci\u00f3n del Derecho civil europeo. Tambi\u00e9n catedr\u00e1tico de Derecho civil, Oliva ha se\u00f1alado asimismo \u00absu preocupaci\u00f3n por la inclusi\u00f3n del elemento de la justicia social en todos los \u00e1mbitos del Derecho civil\u00bb.<\/p>\n<figure id=\"attachment_30887139\" aria-describedby=\"caption-attachment-30887139\" style=\"width: 420px\" class=\"wp-caption alignleft\"><a href=\"https:\/\/www.upo.es\/diario\/wp-content\/uploads\/2025\/06\/11062025-HC_Stefan-Leible-7918-scaled.jpg\"><img loading=\"lazy\" decoding=\"async\" class=\"size-medium wp-image-30887139\" src=\"https:\/\/www.upo.es\/diario\/wp-content\/uploads\/2025\/06\/11062025-HC_Stefan-Leible-7918-420x280.jpg\" alt=\"Francisco Oliva\" width=\"420\" height=\"280\" srcset=\"https:\/\/www.upo.es\/diario\/wp-content\/uploads\/2025\/06\/11062025-HC_Stefan-Leible-7918-420x280.jpg 420w, https:\/\/www.upo.es\/diario\/wp-content\/uploads\/2025\/06\/11062025-HC_Stefan-Leible-7918-750x500.jpg 750w, https:\/\/www.upo.es\/diario\/wp-content\/uploads\/2025\/06\/11062025-HC_Stefan-Leible-7918-768x512.jpg 768w, https:\/\/www.upo.es\/diario\/wp-content\/uploads\/2025\/06\/11062025-HC_Stefan-Leible-7918-1536x1024.jpg 1536w, https:\/\/www.upo.es\/diario\/wp-content\/uploads\/2025\/06\/11062025-HC_Stefan-Leible-7918-2048x1365.jpg 2048w, https:\/\/www.upo.es\/diario\/wp-content\/uploads\/2025\/06\/11062025-HC_Stefan-Leible-7918-165x109.jpg 165w, https:\/\/www.upo.es\/diario\/wp-content\/uploads\/2025\/06\/11062025-HC_Stefan-Leible-7918-1320x880.jpg 1320w\" sizes=\"auto, (max-width: 420px) 100vw, 420px\" \/><\/a><figcaption id=\"caption-attachment-30887139\" class=\"wp-caption-text\">Francisco Oliva<\/figcaption><\/figure>\n<p><strong>El rector de la Universidad Pablo de Olavide ha querido tambi\u00e9n poner de relieve la gesti\u00f3n de Stefan Leible al frente de la Universidad de Bayreuth y ha mencionado especialmente la calidad docente, la excelencia investigadora y la internacionalizaci\u00f3n de la instituci\u00f3n b\u00e1vara<\/strong>. \u00abBajo su mandato la proporci\u00f3n de estudiantes internacionales ha pasado del 5% al actual 18%, una cifra que la sit\u00faa entre las universidades m\u00e1s internacionales del Espacio Europeo de Educaci\u00f3n Superior\u00bb, ha incidido Oliva.<\/p>\n<p>Para terminar, el rector ha agradecido a Stefan Leible su aportaci\u00f3n a la Facultad de Derecho de la UPO, y a la investigaci\u00f3n en el \u00e1rea de Derecho civil, gracias a la colaboraci\u00f3n interuniversitaria, as\u00ed como su impulso al Doble grado en Derecho hispano-alem\u00e1n, conjunto de las universidades de Bayreuth y Pablo de Olavide. <strong>Oliva ha terminado con una defensa del papel de la Universidad y, al igual que Leible, ve con preocupaci\u00f3n que se cuestione \u00abel rol imprescindible que juega la Universidad en nuestra sociedad, como el valladar inexpugnable de la raz\u00f3n, la ciencia y el conocimiento, esto es, de la verdad, y, por ende, como el custodio de la misma esencia de la democracia y el Estado de Derecho\u00bb<\/strong>.<\/p>\n","protected":false},"excerpt":{"rendered":"<p>El jurista alem\u00e1n y rector de la Universidad de Bayreuth, Stefan Leible, ha sido investido este mi\u00e9rcoles Doctor Honoris Causa por la Universidad Pablo de Olavide en un acto en el que ha subrayado la colaboraci\u00f3n de ambas instituciones tanto en el plano cient\u00edfico como en la formaci\u00f3n de estudiantes.<\/p>\n","protected":false},"author":6,"featured_media":30887138,"comment_status":"closed","ping_status":"open","sticky":false,"template":"","format":"standard","meta":{"_monsterinsights_skip_tracking":false,"_monsterinsights_sitenote_active":false,"_monsterinsights_sitenote_note":"","_monsterinsights_sitenote_category":0,"footnotes":""},"categories":[6],"tags":[864,8741,764,1404,714,5051,8376,81,4021,925,68,4005],"class_list":["post-30887134","post","type-post","status-publish","format-standard","has-post-thumbnail","hentry","category-institucional","tag-alemania","tag-cesar-hornero","tag-derecho-civil","tag-derecho-comparado","tag-derecho-privado","tag-doble-grado-en-derecho-hispano-aleman","tag-doctorado-honoris-causa","tag-facultad-de-derecho","tag-francisco-oliva-blazquez","tag-internacionalizacion","tag-union-europea","tag-universidad-de-bayreuth"],"_links":{"self":[{"href":"https:\/\/www.upo.es\/diario\/wp-json\/wp\/v2\/posts\/30887134","targetHints":{"allow":["GET"]}}],"collection":[{"href":"https:\/\/www.upo.es\/diario\/wp-json\/wp\/v2\/posts"}],"about":[{"href":"https:\/\/www.upo.es\/diario\/wp-json\/wp\/v2\/types\/post"}],"author":[{"embeddable":true,"href":"https:\/\/www.upo.es\/diario\/wp-json\/wp\/v2\/users\/6"}],"replies":[{"embeddable":true,"href":"https:\/\/www.upo.es\/diario\/wp-json\/wp\/v2\/comments?post=30887134"}],"version-history":[{"count":3,"href":"https:\/\/www.upo.es\/diario\/wp-json\/wp\/v2\/posts\/30887134\/revisions"}],"predecessor-version":[{"id":30887141,"href":"https:\/\/www.upo.es\/diario\/wp-json\/wp\/v2\/posts\/30887134\/revisions\/30887141"}],"wp:featuredmedia":[{"embeddable":true,"href":"https:\/\/www.upo.es\/diario\/wp-json\/wp\/v2\/media\/30887138"}],"wp:attachment":[{"href":"https:\/\/www.upo.es\/diario\/wp-json\/wp\/v2\/media?parent=30887134"}],"wp:term":[{"taxonomy":"category","embeddable":true,"href":"https:\/\/www.upo.es\/diario\/wp-json\/wp\/v2\/categories?post=30887134"},{"taxonomy":"post_tag","embeddable":true,"href":"https:\/\/www.upo.es\/diario\/wp-json\/wp\/v2\/tags?post=30887134"}],"curies":[{"name":"wp","href":"https:\/\/api.w.org\/{rel}","templated":true}]}}