{"id":30887201,"date":"2025-06-12T12:04:32","date_gmt":"2025-06-12T10:04:32","guid":{"rendered":"https:\/\/www.upo.es\/diario\/?p=30887201"},"modified":"2025-06-16T12:19:12","modified_gmt":"2025-06-16T10:19:12","slug":"una-nueva-promocion-del-grado-en-nutricion-humana-y-dietetica-se-gradua-en-la-universidad-pablo-de-olavide-2","status":"publish","type":"post","link":"https:\/\/www.upo.es\/diario\/comunidad\/2025\/06\/una-nueva-promocion-del-grado-en-nutricion-humana-y-dietetica-se-gradua-en-la-universidad-pablo-de-olavide-2\/","title":{"rendered":"Una nueva promoci\u00f3n del Grado en Nutrici\u00f3n Humana y Diet\u00e9tica se grad\u00faa en la Universidad Pablo de Olavide"},"content":{"rendered":"<figure id=\"attachment_30887202\" aria-describedby=\"caption-attachment-30887202\" style=\"width: 750px\" class=\"wp-caption aligncenter\"><a href=\"https:\/\/www.upo.es\/diario\/wp-content\/uploads\/2025\/06\/4-scaled.jpg\"><img loading=\"lazy\" decoding=\"async\" class=\"size-large wp-image-30887202\" src=\"https:\/\/www.upo.es\/diario\/wp-content\/uploads\/2025\/06\/4-750x422.jpg\" alt=\"\" width=\"750\" height=\"422\" srcset=\"https:\/\/www.upo.es\/diario\/wp-content\/uploads\/2025\/06\/4-750x422.jpg 750w, https:\/\/www.upo.es\/diario\/wp-content\/uploads\/2025\/06\/4-420x237.jpg 420w, https:\/\/www.upo.es\/diario\/wp-content\/uploads\/2025\/06\/4-768x432.jpg 768w, https:\/\/www.upo.es\/diario\/wp-content\/uploads\/2025\/06\/4-1536x865.jpg 1536w, https:\/\/www.upo.es\/diario\/wp-content\/uploads\/2025\/06\/4-2048x1153.jpg 2048w, https:\/\/www.upo.es\/diario\/wp-content\/uploads\/2025\/06\/4-1320x743.jpg 1320w\" sizes=\"auto, (max-width: 750px) 100vw, 750px\" \/><\/a><figcaption id=\"caption-attachment-30887202\" class=\"wp-caption-text\">Promoci\u00f3n 2021\/2025 del Grado en Nutrici\u00f3n Humana y Diet\u00e9tica.<\/figcaption><\/figure>\n<p>La ceremonia de egresados y egresadas de la promoci\u00f3n 2021\/2025 del <strong>Grado en Nutrici\u00f3n Humana y Diet\u00e9tica<\/strong> se celebr\u00f3 ayer mi\u00e9rcoles en el Paraninfo de la Universidad Pablo de Olavide. El acto fue presidido por Juan Carlos Rodr\u00edguez Aguilera, decano de la Facultad de Ciencias Experimentales.<\/p>\n<p><strong>La madrina de la promoci\u00f3n ha sido F\u00e1tima Jap\u00f3n Caler\u00f3n, nutricionista del Sevilla FC<\/strong>. A la ceremonia tambi\u00e9n asistieron Javier Garc\u00eda Pereda del \u00c1rea de Nutrici\u00f3n y Bromatolog\u00eda de la UPO, como profesor honor\u00edfico; Soledad Fern\u00e1ndez Pach\u00f3n, directora acad\u00e9mica del Grado en Nutrici\u00f3n Humana y Diet\u00e9tica; y Jos\u00e9 Mar\u00eda Capit\u00e1n Guti\u00e9rrez, decano del Colegio profesional de Dietistas-Nutricionistas de Andaluc\u00eda (CODINAN).<\/p>\n<figure id=\"attachment_30887203\" aria-describedby=\"caption-attachment-30887203\" style=\"width: 404px\" class=\"wp-caption alignright\"><a href=\"https:\/\/www.upo.es\/diario\/wp-content\/uploads\/2025\/06\/40-scaled.jpg\"><img loading=\"lazy\" decoding=\"async\" class=\"wp-image-30887203 size-medium\" src=\"https:\/\/www.upo.es\/diario\/wp-content\/uploads\/2025\/06\/40-scaled-e1750069048515-404x420.jpg\" alt=\"\" width=\"404\" height=\"420\" srcset=\"https:\/\/www.upo.es\/diario\/wp-content\/uploads\/2025\/06\/40-scaled-e1750069048515-404x420.jpg 404w, https:\/\/www.upo.es\/diario\/wp-content\/uploads\/2025\/06\/40-scaled-e1750069048515-505x525.jpg 505w, https:\/\/www.upo.es\/diario\/wp-content\/uploads\/2025\/06\/40-scaled-e1750069048515-768x798.jpg 768w, https:\/\/www.upo.es\/diario\/wp-content\/uploads\/2025\/06\/40-scaled-e1750069048515-1320x1371.jpg 1320w, https:\/\/www.upo.es\/diario\/wp-content\/uploads\/2025\/06\/40-scaled-e1750069048515.jpg 1442w\" sizes=\"auto, (max-width: 404px) 100vw, 404px\" \/><\/a><figcaption id=\"caption-attachment-30887203\" class=\"wp-caption-text\">Miriam Plaza y \u00c1ngela V\u00e1zquez leyeron el discurso de Fin de Grado.<\/figcaption><\/figure>\n<p>En representaci\u00f3n del alumnado egresado, pronunci\u00f3 el discurso Miriam Plaza Garc\u00eda y \u00c1ngela V\u00e1zquez L\u00f3pez. Un total de 47 egresados y egresadas asistieron, junto a sus familiares, a este acto con el que la Universidad Pablo de Olavide recupera una antigua tradici\u00f3n de las universidades europeas.<\/p>\n","protected":false},"excerpt":{"rendered":"<p>La ceremonia de egresados y egresadas de la promoci\u00f3n 2021\/2025 del Grado en Nutrici\u00f3n Humana y Diet\u00e9tica se celebr\u00f3 en el Paraninfo de la Universidad Pablo de Olavide. La madrina de la promoci\u00f3n fue F\u00e1tima Jap\u00f3n Caler\u00f3n, nutricionista del Sevilla FC.<\/p>\n","protected":false},"author":4,"featured_media":30887205,"comment_status":"closed","ping_status":"open","sticky":false,"template":"","format":"standard","meta":{"_monsterinsights_skip_tracking":false,"_monsterinsights_sitenote_active":false,"_monsterinsights_sitenote_note":"","_monsterinsights_sitenote_category":0,"footnotes":""},"categories":[5842],"tags":[581,6145,122,1456,5042],"class_list":["post-30887201","post","type-post","status-publish","format-standard","has-post-thumbnail","hentry","category-comunidad","tag-ceremonia-de-egresados","tag-ceremonia-fin-de-grado","tag-facultad-ciencias-experimentales","tag-grado-en-nutricion-humana-y-dietetica","tag-graduacion"],"_links":{"self":[{"href":"https:\/\/www.upo.es\/diario\/wp-json\/wp\/v2\/posts\/30887201","targetHints":{"allow":["GET"]}}],"collection":[{"href":"https:\/\/www.upo.es\/diario\/wp-json\/wp\/v2\/posts"}],"about":[{"href":"https:\/\/www.upo.es\/diario\/wp-json\/wp\/v2\/types\/post"}],"author":[{"embeddable":true,"href":"https:\/\/www.upo.es\/diario\/wp-json\/wp\/v2\/users\/4"}],"replies":[{"embeddable":true,"href":"https:\/\/www.upo.es\/diario\/wp-json\/wp\/v2\/comments?post=30887201"}],"version-history":[{"count":1,"href":"https:\/\/www.upo.es\/diario\/wp-json\/wp\/v2\/posts\/30887201\/revisions"}],"predecessor-version":[{"id":30887206,"href":"https:\/\/www.upo.es\/diario\/wp-json\/wp\/v2\/posts\/30887201\/revisions\/30887206"}],"wp:featuredmedia":[{"embeddable":true,"href":"https:\/\/www.upo.es\/diario\/wp-json\/wp\/v2\/media\/30887205"}],"wp:attachment":[{"href":"https:\/\/www.upo.es\/diario\/wp-json\/wp\/v2\/media?parent=30887201"}],"wp:term":[{"taxonomy":"category","embeddable":true,"href":"https:\/\/www.upo.es\/diario\/wp-json\/wp\/v2\/categories?post=30887201"},{"taxonomy":"post_tag","embeddable":true,"href":"https:\/\/www.upo.es\/diario\/wp-json\/wp\/v2\/tags?post=30887201"}],"curies":[{"name":"wp","href":"https:\/\/api.w.org\/{rel}","templated":true}]}}