{"id":30887204,"date":"2025-06-16T12:38:34","date_gmt":"2025-06-16T10:38:34","guid":{"rendered":"https:\/\/www.upo.es\/diario\/?p=30887204"},"modified":"2025-07-02T10:57:34","modified_gmt":"2025-07-02T08:57:34","slug":"upo-celebra-300-anos-nacimiento-pablo-olavide-seminario-ilustracion-naturaleza","status":"publish","type":"post","link":"https:\/\/www.upo.es\/diario\/docencia-formacion\/2025\/06\/upo-celebra-300-anos-nacimiento-pablo-olavide-seminario-ilustracion-naturaleza\/","title":{"rendered":"La UPO celebra los 300 a\u00f1os del nacimiento de Pablo de Olavide con un seminario sobre Ilustraci\u00f3n y naturaleza"},"content":{"rendered":"<figure id=\"attachment_30887213\" aria-describedby=\"caption-attachment-30887213\" style=\"width: 750px\" class=\"wp-caption aligncenter\"><a href=\"https:\/\/www.upo.es\/diario\/wp-content\/uploads\/2025\/06\/seminario_ilustracion01-1-scaled.jpg\"><img loading=\"lazy\" decoding=\"async\" class=\"size-large wp-image-30887213\" src=\"https:\/\/www.upo.es\/diario\/wp-content\/uploads\/2025\/06\/seminario_ilustracion01-1-750x500.jpg\" alt=\"\" width=\"750\" height=\"500\" srcset=\"https:\/\/www.upo.es\/diario\/wp-content\/uploads\/2025\/06\/seminario_ilustracion01-1-750x500.jpg 750w, https:\/\/www.upo.es\/diario\/wp-content\/uploads\/2025\/06\/seminario_ilustracion01-1-420x280.jpg 420w, https:\/\/www.upo.es\/diario\/wp-content\/uploads\/2025\/06\/seminario_ilustracion01-1-768x512.jpg 768w, https:\/\/www.upo.es\/diario\/wp-content\/uploads\/2025\/06\/seminario_ilustracion01-1-1536x1024.jpg 1536w, https:\/\/www.upo.es\/diario\/wp-content\/uploads\/2025\/06\/seminario_ilustracion01-1-2048x1365.jpg 2048w, https:\/\/www.upo.es\/diario\/wp-content\/uploads\/2025\/06\/seminario_ilustracion01-1-165x109.jpg 165w, https:\/\/www.upo.es\/diario\/wp-content\/uploads\/2025\/06\/seminario_ilustracion01-1-1320x880.jpg 1320w\" sizes=\"auto, (max-width: 750px) 100vw, 750px\" \/><\/a><figcaption id=\"caption-attachment-30887213\" class=\"wp-caption-text\">De izquierda a derecha, Mar\u00eda Losada, el rector Francisco Oliva y Francisco Ollero.<\/figcaption><\/figure>\n<p>Con el objetivo de analizar el v\u00ednculo entre naturaleza, paisaje, emociones y pensamiento ilustrado en el siglo XVIII, la Universidad Pablo de Olavide celebra hoy lunes y ma\u00f1ana martes seminario \u2018<strong>Naturaleza y sensibilidad en la Ilustraci\u00f3n\u2019<\/strong>, un espacio de reflexi\u00f3n interdisciplinar que reunir\u00e1 durante dos jornadas a especialistas nacionales e internacionales procedentes de diversas disciplinas relacionadas con las Humanidades.<\/p>\n<p>La inauguraci\u00f3n, celebrada esta ma\u00f1ana, ha contado con la participaci\u00f3n del rector de la UPO, <strong>Francisco Oliva Bl\u00e1zquez<\/strong>, quien ha destacado el car\u00e1cter profundamente simb\u00f3lico del acto dentro del tricentenario del nacimiento de Pablo de Olavide: \u201cEs un honor y un placer inaugurar este acto acad\u00e9mico con el que conmemoramos los 300 a\u00f1os del nacimiento de don Pablo de Olavide y J\u00e1uregui, una figura apasionante del siglo XVIII, defensor a ultranza de la libertad y de la raz\u00f3n, hombre de acci\u00f3n y valladar del iluminismo nacional. Un adelantado a su \u00e9poca, precursor de una Espa\u00f1a moderna y avanzada que, como demostr\u00f3 la historia, a\u00fan no estaba preparada para sus valientes y ambiciosas reformas\u201d.<\/p>\n<p>Francisco Oliva tambi\u00e9n ha subrayado el valor del tema elegido para este seminario, en el que se plantea la naturaleza no solo como objeto est\u00e9tico o cient\u00edfico, sino como parte del ideal ilustrado de una sociedad m\u00e1s justa, racional y sensible: \u201cNo son tiempos f\u00e1ciles, pero sigo creyendo, como lo hac\u00eda D\u2019Alembert, que la raz\u00f3n acabar\u00e1 por imponerse. En un momento en el que el discurso ilustrado vuelve a ser cuestionado por ideolog\u00edas que reniegan de la verdad, los derechos y la democracia, debemos reivindicar el pensamiento cr\u00edtico y el conocimiento como v\u00edas para alcanzar lo que Pablo de Olavide llamaba \u2018la felicidad p\u00fablica\u2019. Esa es la misi\u00f3n de nuestra Universidad\u201d.<\/p>\n<p>Por su parte, durante la inauguraci\u00f3n, los directores del encuentro <strong>Mar\u00eda Losada Friend<\/strong>, decana de la Facultad de Humanidades, y <strong>Francisco Ollero Lobato<\/strong>, catedr\u00e1tico de Historia del Arte, subrayaron la relevancia del evento como una oportunidad para recordar y proyectar el modelo educativo ilustrado que inspira a la Universidad: \u201cEste seminario es una magn\u00edfica oportunidad para recordar el nombre que nuestra Universidad p\u00fablica eligi\u00f3 para seguir un modelo educativo \u2018de las Luces\u2019: una universidad que alumbre, que proponga reformas y que se atreva a innovar sin miedo\u201d, afirmaron.<\/p>\n<figure id=\"attachment_30887214\" aria-describedby=\"caption-attachment-30887214\" style=\"width: 420px\" class=\"wp-caption alignright\"><a href=\"https:\/\/www.upo.es\/diario\/wp-content\/uploads\/2025\/06\/seminario_ilustracion05-1-scaled.jpg\"><img loading=\"lazy\" decoding=\"async\" class=\"size-medium wp-image-30887214\" src=\"https:\/\/www.upo.es\/diario\/wp-content\/uploads\/2025\/06\/seminario_ilustracion05-1-420x258.jpg\" alt=\"\" width=\"420\" height=\"258\" srcset=\"https:\/\/www.upo.es\/diario\/wp-content\/uploads\/2025\/06\/seminario_ilustracion05-1-420x258.jpg 420w, https:\/\/www.upo.es\/diario\/wp-content\/uploads\/2025\/06\/seminario_ilustracion05-1-750x460.jpg 750w, https:\/\/www.upo.es\/diario\/wp-content\/uploads\/2025\/06\/seminario_ilustracion05-1-768x471.jpg 768w, https:\/\/www.upo.es\/diario\/wp-content\/uploads\/2025\/06\/seminario_ilustracion05-1-1536x943.jpg 1536w, https:\/\/www.upo.es\/diario\/wp-content\/uploads\/2025\/06\/seminario_ilustracion05-1-2048x1257.jpg 2048w, https:\/\/www.upo.es\/diario\/wp-content\/uploads\/2025\/06\/seminario_ilustracion05-1-1320x810.jpg 1320w\" sizes=\"auto, (max-width: 420px) 100vw, 420px\" \/><\/a><figcaption id=\"caption-attachment-30887214\" class=\"wp-caption-text\">El investigador del CSIC Joaqu\u00edn \u00c1lvarez Barrientos durante su ponencia.<\/figcaption><\/figure>\n<h3><strong>Una mirada sensible y moderna a la Ilustraci\u00f3n<\/strong><\/h3>\n<p>Organizado por la Fundaci\u00f3n de Municipios Pablo de Olavide y el proyecto I+D CSIC-UDELAR 2024 \u2018La mirada del paisaje en el territorio platense (1680-1850)\u2019, el seminario se celebra con la colaboraci\u00f3n de la Facultad de Humanidades, el Programa de Doctorado en Historia y Estudios Human\u00edsticos: Europa, Am\u00e9rica, Arte y Lenguas, y la Asociaci\u00f3n de Historiadores de la Arquitectura y el Urbanismo.<\/p>\n<p>El programa propone un recorrido por las m\u00faltiples formas en que la naturaleza fue entendida y representada en el siglo XVIII: como objeto de estudio cient\u00edfico, espacio de placer est\u00e9tico, entorno ind\u00f3mito y origen de nuevas categor\u00edas art\u00edsticas como lo pintoresco o lo sublime. Las ponencias abordan tambi\u00e9n c\u00f3mo estas representaciones dialogan con ideas de progreso, arquitectura, viaje, paisaje o sensibilidad filos\u00f3fica.<\/p>\n<p>Los y las ponentes que intervienen en el seminario son <strong>Joaqu\u00edn \u00c1lvarez Barrientos<\/strong> (Consejo Superior de Investigaciones Cient\u00edficas), <strong>William Rey Ashfield<\/strong> (Universidad de la Rep\u00fablica, Uruguay), <strong>Victoria Soto Caba<\/strong> (Universidad Nacional de Educaci\u00f3n a Distancia) <strong>Sergio Rom\u00e1n Aliste<\/strong> (Universidad Rey Juan Carlos, Madrid), <strong>Julio Seoane<\/strong> (Universidad de Alcal\u00e1), <strong>Juan Calatrava<\/strong> (Universidad de Granada) y <strong>Manuel Jos\u00e9 de Lara R\u00f3denas<\/strong> (Universidad de Huelva). Por parte de la Universidad Pablo de Olavide, participan <strong>Francisco Ollero Lobato<\/strong>, <strong>Mar\u00eda Losada Friend<\/strong> y <strong>Victoria S\u00e1nchez Mellado<\/strong>.<\/p>\n<p>Este encuentro, que cuenta con la coordinaci\u00f3n acad\u00e9mica de <strong>Daniela Kaplan Stein<\/strong>, no solo rinde homenaje a Pablo de Olavide, sino que constituye una oportunidad para reflexionar sobre el legado ilustrado en la cultura contempor\u00e1nea, el valor est\u00e9tico de la naturaleza y las emociones como forma de conocimiento.<\/p>\n<h3><strong>M\u00e1s informaci\u00f3n:<\/strong><\/h3>\n<p><a href=\"https:\/\/www.upo.es\/cms2\/export\/sites\/facultades\/facultad-humanidades\/.galleries\/descargas-noticias\/noticias\/PROGRAMA.Naturaleza-y-sensibilidad-en-la-Ilustracio_n.pdf\">Seminario &#8216;Naturaleza y sensibilidad en la Ilustraci\u00f3n&#8217;<\/a><\/p>\n<p>&nbsp;<\/p>\n","protected":false},"excerpt":{"rendered":"<p>Con el objetivo de analizar el v\u00ednculo entre naturaleza, paisaje, emociones y pensamiento ilustrado en el siglo XVIII, la Universidad Pablo de Olavide celebra hoy lunes y ma\u00f1ana martes seminario \u2018Naturaleza y sensibilidad en la Ilustraci\u00f3n\u2019, un espacio de reflexi\u00f3n interdisciplinar que reunir\u00e1 durante dos jornadas a especialistas nacionales e internacionales procedentes de diversas disciplinas relacionadas con las Humanidades.<\/p>\n","protected":false},"author":2,"featured_media":30887213,"comment_status":"closed","ping_status":"open","sticky":false,"template":"","format":"standard","meta":{"_monsterinsights_skip_tracking":false,"_monsterinsights_sitenote_active":false,"_monsterinsights_sitenote_note":"","_monsterinsights_sitenote_category":0,"footnotes":""},"categories":[2779],"tags":[3362,96,4021,2805,345,1655,2985,9219,78],"class_list":["post-30887204","post","type-post","status-publish","format-standard","has-post-thumbnail","hentry","category-docencia-formacion","tag-emociones","tag-facultad-de-humanidades","tag-francisco-oliva-blazquez","tag-ilustracion","tag-naturaleza","tag-pablo-de-olavide","tag-paisaje","tag-pensamiento-ilustrado","tag-seminario"],"_links":{"self":[{"href":"https:\/\/www.upo.es\/diario\/wp-json\/wp\/v2\/posts\/30887204","targetHints":{"allow":["GET"]}}],"collection":[{"href":"https:\/\/www.upo.es\/diario\/wp-json\/wp\/v2\/posts"}],"about":[{"href":"https:\/\/www.upo.es\/diario\/wp-json\/wp\/v2\/types\/post"}],"author":[{"embeddable":true,"href":"https:\/\/www.upo.es\/diario\/wp-json\/wp\/v2\/users\/2"}],"replies":[{"embeddable":true,"href":"https:\/\/www.upo.es\/diario\/wp-json\/wp\/v2\/comments?post=30887204"}],"version-history":[{"count":1,"href":"https:\/\/www.upo.es\/diario\/wp-json\/wp\/v2\/posts\/30887204\/revisions"}],"predecessor-version":[{"id":30887215,"href":"https:\/\/www.upo.es\/diario\/wp-json\/wp\/v2\/posts\/30887204\/revisions\/30887215"}],"wp:featuredmedia":[{"embeddable":true,"href":"https:\/\/www.upo.es\/diario\/wp-json\/wp\/v2\/media\/30887213"}],"wp:attachment":[{"href":"https:\/\/www.upo.es\/diario\/wp-json\/wp\/v2\/media?parent=30887204"}],"wp:term":[{"taxonomy":"category","embeddable":true,"href":"https:\/\/www.upo.es\/diario\/wp-json\/wp\/v2\/categories?post=30887204"},{"taxonomy":"post_tag","embeddable":true,"href":"https:\/\/www.upo.es\/diario\/wp-json\/wp\/v2\/tags?post=30887204"}],"curies":[{"name":"wp","href":"https:\/\/api.w.org\/{rel}","templated":true}]}}