{"id":30887220,"date":"2025-06-16T09:47:53","date_gmt":"2025-06-16T07:47:53","guid":{"rendered":"https:\/\/www.upo.es\/diario\/?p=30887220"},"modified":"2025-06-16T13:55:59","modified_gmt":"2025-06-16T11:55:59","slug":"la-upo-celebra-la-graduacion-de-las-promociones-del-grado-en-geografia-e-historia-y-el-doble-grado-con-relaciones-internacionales","status":"publish","type":"post","link":"https:\/\/www.upo.es\/diario\/comunidad\/2025\/06\/la-upo-celebra-la-graduacion-de-las-promociones-del-grado-en-geografia-e-historia-y-el-doble-grado-con-relaciones-internacionales\/","title":{"rendered":"La UPO celebra la graduaci\u00f3n de las promociones del Grado en Geograf\u00eda e Historia y el Doble Grado con Relaciones Internacionales"},"content":{"rendered":"<figure id=\"attachment_30887223\" aria-describedby=\"caption-attachment-30887223\" style=\"width: 750px\" class=\"wp-caption aligncenter\"><a href=\"https:\/\/www.upo.es\/diario\/wp-content\/uploads\/2025\/06\/GeH-RRII-13062025-13-scaled.jpeg\"><img loading=\"lazy\" decoding=\"async\" class=\"size-large wp-image-30887223\" src=\"https:\/\/www.upo.es\/diario\/wp-content\/uploads\/2025\/06\/GeH-RRII-13062025-13-750x422.jpeg\" alt=\"\" width=\"750\" height=\"422\" srcset=\"https:\/\/www.upo.es\/diario\/wp-content\/uploads\/2025\/06\/GeH-RRII-13062025-13-750x422.jpeg 750w, https:\/\/www.upo.es\/diario\/wp-content\/uploads\/2025\/06\/GeH-RRII-13062025-13-420x237.jpeg 420w, https:\/\/www.upo.es\/diario\/wp-content\/uploads\/2025\/06\/GeH-RRII-13062025-13-768x432.jpeg 768w, https:\/\/www.upo.es\/diario\/wp-content\/uploads\/2025\/06\/GeH-RRII-13062025-13-1536x865.jpeg 1536w, https:\/\/www.upo.es\/diario\/wp-content\/uploads\/2025\/06\/GeH-RRII-13062025-13-2048x1153.jpeg 2048w, https:\/\/www.upo.es\/diario\/wp-content\/uploads\/2025\/06\/GeH-RRII-13062025-13-1320x743.jpeg 1320w\" sizes=\"auto, (max-width: 750px) 100vw, 750px\" \/><\/a><figcaption id=\"caption-attachment-30887223\" class=\"wp-caption-text\">Promoci\u00f3n 2021\/2025 del Grado en Geograf\u00eda e Historia<\/figcaption><\/figure>\n<p><strong>La promoci\u00f3n 2021\/2025 del Grado en Geograf\u00eda e Historia y la promoci\u00f3n 2020\/2025 del Doble Grado en Geograf\u00eda e Historia y Relaciones Internacionales <\/strong>celebraron su ceremonia de graduaci\u00f3n el pasado viernes en el Paraninfo de la Universidad Pablo de Olavide. El acto fue presidido por la decana de la Facultad de Humanidades, Mar\u00eda Losada Friend, y el decano de la Facultad de Derecho, C\u00e9sar Hornero M\u00e9ndez.<\/p>\n<p>El padrino del estudiantado egresado en el doble grado fue <strong>el profesor del \u00c1rea de Derecho Internacional P\u00fablico y Relaciones Internacionales de la UPO, Rafael \u00c1ngel Garc\u00eda P\u00e9rez<\/strong> mientras que para el Grado en Geograf\u00eda e Historia el padrino fue <strong>el profesor del \u00c1rea de Historia Medieval de la UPO, Jos\u00e9 Mar\u00eda Miura Andrades<\/strong>. A la ceremonia tambi\u00e9n han asistido como profesores honor\u00edficos Antonio Jos\u00e9 L\u00f3pez Guti\u00e9rrez del \u00c1rea de Ciencias y T\u00e9cnicas Historiogr\u00e1ficas y Jos\u00e9 Miguel Escribano P\u00e1ez del \u00c1rea de Historia Moderna de la UPO.<\/p>\n<p>En representaci\u00f3n del alumnado egresado, pronunciaron los discursos Antonio Cayuela Morales del Doble Grado en Geograf\u00eda e Historia y Relaciones Internacionales; y Luc\u00eda Dur\u00e1n Boullosa y Sergio L\u00f3pez Cubo del Grado en Geograf\u00eda e Historia. Un total de 44 egresados y egresadas asistieron, junto a sus familiares, a este acto con el que la Universidad Pablo de Olavide recupera una antigua tradici\u00f3n de las universidades europeas.<\/p>\n<figure id=\"attachment_30887221\" aria-describedby=\"caption-attachment-30887221\" style=\"width: 750px\" class=\"wp-caption aligncenter\"><a href=\"https:\/\/www.upo.es\/diario\/wp-content\/uploads\/2025\/06\/GeH-RRII-13062025-5-scaled.jpeg\"><img loading=\"lazy\" decoding=\"async\" class=\"size-large wp-image-30887221\" src=\"https:\/\/www.upo.es\/diario\/wp-content\/uploads\/2025\/06\/GeH-RRII-13062025-5-750x422.jpeg\" alt=\"\" width=\"750\" height=\"422\" srcset=\"https:\/\/www.upo.es\/diario\/wp-content\/uploads\/2025\/06\/GeH-RRII-13062025-5-750x422.jpeg 750w, https:\/\/www.upo.es\/diario\/wp-content\/uploads\/2025\/06\/GeH-RRII-13062025-5-420x237.jpeg 420w, https:\/\/www.upo.es\/diario\/wp-content\/uploads\/2025\/06\/GeH-RRII-13062025-5-768x432.jpeg 768w, https:\/\/www.upo.es\/diario\/wp-content\/uploads\/2025\/06\/GeH-RRII-13062025-5-1536x865.jpeg 1536w, https:\/\/www.upo.es\/diario\/wp-content\/uploads\/2025\/06\/GeH-RRII-13062025-5-2048x1153.jpeg 2048w, https:\/\/www.upo.es\/diario\/wp-content\/uploads\/2025\/06\/GeH-RRII-13062025-5-1320x743.jpeg 1320w\" sizes=\"auto, (max-width: 750px) 100vw, 750px\" \/><\/a><figcaption id=\"caption-attachment-30887221\" class=\"wp-caption-text\">Promoci\u00f3n 2020\/2025 del Doble Grado en Geograf\u00eda e Historia y Relaciones Internacionales<\/figcaption><\/figure>\n","protected":false},"excerpt":{"rendered":"<p>La promoci\u00f3n 2021\/2025 del Grado en Geograf\u00eda e Historia y la promoci\u00f3n 2020\/2025 del Doble Grado en Geograf\u00eda e Historia y Relaciones Internacionales celebraron su ceremonia de graduaci\u00f3n el pasado viernes en el Paraninfo de la Universidad Pablo de Olavide. El acto fue presidido por la decana de la Facultad de Humanidades, Mar\u00eda Losada Friend, y el decano de la Facultad de Derecho, C\u00e9sar Hornero M\u00e9ndez.<\/p>\n","protected":false},"author":4,"featured_media":30887222,"comment_status":"closed","ping_status":"open","sticky":false,"template":"","format":"standard","meta":{"_monsterinsights_skip_tracking":false,"_monsterinsights_sitenote_active":false,"_monsterinsights_sitenote_note":"","_monsterinsights_sitenote_category":0,"footnotes":""},"categories":[5842],"tags":[581,5074,6044,81,96,1546],"class_list":["post-30887220","post","type-post","status-publish","format-standard","has-post-thumbnail","hentry","category-comunidad","tag-ceremonia-de-egresados","tag-ceremonia-de-graduacion","tag-doble-grado-en-geografia-e-historia-y-relaciones-internacionales","tag-facultad-de-derecho","tag-facultad-de-humanidades","tag-grado-en-geografia-e-historia"],"_links":{"self":[{"href":"https:\/\/www.upo.es\/diario\/wp-json\/wp\/v2\/posts\/30887220","targetHints":{"allow":["GET"]}}],"collection":[{"href":"https:\/\/www.upo.es\/diario\/wp-json\/wp\/v2\/posts"}],"about":[{"href":"https:\/\/www.upo.es\/diario\/wp-json\/wp\/v2\/types\/post"}],"author":[{"embeddable":true,"href":"https:\/\/www.upo.es\/diario\/wp-json\/wp\/v2\/users\/4"}],"replies":[{"embeddable":true,"href":"https:\/\/www.upo.es\/diario\/wp-json\/wp\/v2\/comments?post=30887220"}],"version-history":[{"count":1,"href":"https:\/\/www.upo.es\/diario\/wp-json\/wp\/v2\/posts\/30887220\/revisions"}],"predecessor-version":[{"id":30887224,"href":"https:\/\/www.upo.es\/diario\/wp-json\/wp\/v2\/posts\/30887220\/revisions\/30887224"}],"wp:featuredmedia":[{"embeddable":true,"href":"https:\/\/www.upo.es\/diario\/wp-json\/wp\/v2\/media\/30887222"}],"wp:attachment":[{"href":"https:\/\/www.upo.es\/diario\/wp-json\/wp\/v2\/media?parent=30887220"}],"wp:term":[{"taxonomy":"category","embeddable":true,"href":"https:\/\/www.upo.es\/diario\/wp-json\/wp\/v2\/categories?post=30887220"},{"taxonomy":"post_tag","embeddable":true,"href":"https:\/\/www.upo.es\/diario\/wp-json\/wp\/v2\/tags?post=30887220"}],"curies":[{"name":"wp","href":"https:\/\/api.w.org\/{rel}","templated":true}]}}