{"id":30887260,"date":"2025-06-18T12:38:33","date_gmt":"2025-06-18T10:38:33","guid":{"rendered":"https:\/\/www.upo.es\/diario\/?p=30887260"},"modified":"2025-07-02T10:57:20","modified_gmt":"2025-07-02T08:57:20","slug":"universidad-pablo-olavide-ugt-sevilla-unen-fuerzas-impulsar-microcredenciales-universitarias","status":"publish","type":"post","link":"https:\/\/www.upo.es\/diario\/institucional\/2025\/06\/universidad-pablo-olavide-ugt-sevilla-unen-fuerzas-impulsar-microcredenciales-universitarias\/","title":{"rendered":"La Universidad Pablo de Olavide y UGT Sevilla unen sus fuerzas para impulsar las microcredenciales universitarias"},"content":{"rendered":"<p><a href=\"https:\/\/www.upo.es\/diario\/wp-content\/uploads\/2025\/06\/convenio_UPO_UGT_01-scaled.jpg\"><img loading=\"lazy\" decoding=\"async\" class=\"aligncenter size-large wp-image-30887261\" src=\"https:\/\/www.upo.es\/diario\/wp-content\/uploads\/2025\/06\/convenio_UPO_UGT_01-750x500.jpg\" alt=\"\" width=\"750\" height=\"500\" srcset=\"https:\/\/www.upo.es\/diario\/wp-content\/uploads\/2025\/06\/convenio_UPO_UGT_01-750x500.jpg 750w, https:\/\/www.upo.es\/diario\/wp-content\/uploads\/2025\/06\/convenio_UPO_UGT_01-420x280.jpg 420w, https:\/\/www.upo.es\/diario\/wp-content\/uploads\/2025\/06\/convenio_UPO_UGT_01-768x512.jpg 768w, https:\/\/www.upo.es\/diario\/wp-content\/uploads\/2025\/06\/convenio_UPO_UGT_01-1536x1024.jpg 1536w, https:\/\/www.upo.es\/diario\/wp-content\/uploads\/2025\/06\/convenio_UPO_UGT_01-2048x1365.jpg 2048w, https:\/\/www.upo.es\/diario\/wp-content\/uploads\/2025\/06\/convenio_UPO_UGT_01-165x109.jpg 165w, https:\/\/www.upo.es\/diario\/wp-content\/uploads\/2025\/06\/convenio_UPO_UGT_01-1320x880.jpg 1320w\" sizes=\"auto, (max-width: 750px) 100vw, 750px\" \/><\/a><\/p>\n<p>La Universidad Pablo de Olavide y UGT Sevilla han firmado un convenio de colaboraci\u00f3n espec\u00edfico mediante el cual ambas entidades a\u00fanan fuerzas para impulsar el <strong>proyecto de microcredenciales universitarias<\/strong>, un nuevo formato de cursos de alta especializaci\u00f3n que permite, en un breve periodo de tiempo, la adquisici\u00f3n de capacidades y competencias adaptadas a las necesidades del mercado laboral actual.<\/p>\n<p>El acto de firma, a cargo de la vicerrectora de Relaciones Institucionales, Formaci\u00f3n Permanente y Fundaciones, <strong>Laura L\u00f3pez de la Cruz<\/strong> y del secretario general de UGT Sevilla, <strong>Juan Bautista Gin\u00e9s Viera<\/strong>, ha contado \u00a0tambi\u00e9n con la presencia del vicesecretario general de Formaci\u00f3n del sindicato, <strong>Antonio Ortiz<\/strong>; del secretario institucional, <strong>Pedro Padilla<\/strong> y de la secretaria de Organizaci\u00f3n de Mayores y Juventud,<strong> Eloide Cazorla<\/strong>, as\u00ed como el director acad\u00e9mico del Programa de Microcreenciales de la UPO,<strong> Norberto D\u00edaz<\/strong>, y las directoras de la Fundaci\u00f3n Universidad Pablo de Olavide.<\/p>\n<p><a href=\"https:\/\/www.upo.es\/diario\/wp-content\/uploads\/2025\/06\/convenio_UPO_UGT_03-scaled.jpg\"><img loading=\"lazy\" decoding=\"async\" class=\"alignright size-medium wp-image-30887262\" src=\"https:\/\/www.upo.es\/diario\/wp-content\/uploads\/2025\/06\/convenio_UPO_UGT_03-420x280.jpg\" alt=\"\" width=\"420\" height=\"280\" srcset=\"https:\/\/www.upo.es\/diario\/wp-content\/uploads\/2025\/06\/convenio_UPO_UGT_03-420x280.jpg 420w, https:\/\/www.upo.es\/diario\/wp-content\/uploads\/2025\/06\/convenio_UPO_UGT_03-750x500.jpg 750w, https:\/\/www.upo.es\/diario\/wp-content\/uploads\/2025\/06\/convenio_UPO_UGT_03-768x512.jpg 768w, https:\/\/www.upo.es\/diario\/wp-content\/uploads\/2025\/06\/convenio_UPO_UGT_03-1536x1024.jpg 1536w, https:\/\/www.upo.es\/diario\/wp-content\/uploads\/2025\/06\/convenio_UPO_UGT_03-2048x1365.jpg 2048w, https:\/\/www.upo.es\/diario\/wp-content\/uploads\/2025\/06\/convenio_UPO_UGT_03-165x109.jpg 165w, https:\/\/www.upo.es\/diario\/wp-content\/uploads\/2025\/06\/convenio_UPO_UGT_03-1320x880.jpg 1320w\" sizes=\"auto, (max-width: 420px) 100vw, 420px\" \/><\/a>Durante el acto, la vicerrectora ha destacado la importancia de este acuerdo para la Universidad, ya que es fundamental la colaboraci\u00f3n con entidades estrat\u00e9gicas como UGT Sevilla para lograr que la Formaci\u00f3n Permanente en general, y las Microcredenciales, en particular, lleguen a la totalidad de trabajadores y profesionales. En este sentido ha subrayado que \u201clas microcredenciales permiten abrir la universidad a toda la poblaci\u00f3n, pero necesitamos entidades colaboradoras de referencia como UGT que nos ayuden a conocer las necesidades reales que tienen los profesionales de diferentes sectores\u201d. Y ha resaltado, que solo \u201capostando por una formaci\u00f3n universitaria accesible a todas las personas se podr\u00e1 favorecer el desarrollo econ\u00f3mico y social\u201d.<\/p>\n<p>Por su parte, el secretario general ha explicado la importancia que tiene la formaci\u00f3n para UGT Sevilla, se\u00f1alando que se trata de un \u201cpilar b\u00e1sico en el que es fundamental contar con el sello de la universidad por la calidad y garant\u00eda que una instituci\u00f3n p\u00fablica de educaci\u00f3n superior como la Universidad Pablo de Olavide aporta\u201d. Y ha se\u00f1alado que este acuerdo contribuye al desarrollo de las personas favoreciendo la inclusi\u00f3n y la empleabilidad.<\/p>\n<h3><strong>Encuentro sobre microcedenciales<\/strong><\/h3>\n<p>Tras la firma del convenio, se ha celebrado un encuentro con representantes de las diferentes federaciones de UGT y personal t\u00e9cnico de la Fundaci\u00f3n Universidad Pablo de Olavide y del \u00c1rea de Microcredenciales para establecer las diferentes l\u00edneas de colaboraci\u00f3n y poner en marcha este proyecto conjunto.<\/p>\n<p><a href=\"https:\/\/www.upo.es\/diario\/wp-content\/uploads\/2025\/06\/convenio_UPO_UGT_02-scaled.jpg\"><img loading=\"lazy\" decoding=\"async\" class=\"alignleft size-medium wp-image-30887263\" src=\"https:\/\/www.upo.es\/diario\/wp-content\/uploads\/2025\/06\/convenio_UPO_UGT_02-420x280.jpg\" alt=\"\" width=\"420\" height=\"280\" srcset=\"https:\/\/www.upo.es\/diario\/wp-content\/uploads\/2025\/06\/convenio_UPO_UGT_02-420x280.jpg 420w, https:\/\/www.upo.es\/diario\/wp-content\/uploads\/2025\/06\/convenio_UPO_UGT_02-750x500.jpg 750w, https:\/\/www.upo.es\/diario\/wp-content\/uploads\/2025\/06\/convenio_UPO_UGT_02-768x512.jpg 768w, https:\/\/www.upo.es\/diario\/wp-content\/uploads\/2025\/06\/convenio_UPO_UGT_02-1536x1024.jpg 1536w, https:\/\/www.upo.es\/diario\/wp-content\/uploads\/2025\/06\/convenio_UPO_UGT_02-2048x1365.jpg 2048w, https:\/\/www.upo.es\/diario\/wp-content\/uploads\/2025\/06\/convenio_UPO_UGT_02-165x109.jpg 165w, https:\/\/www.upo.es\/diario\/wp-content\/uploads\/2025\/06\/convenio_UPO_UGT_02-1320x880.jpg 1320w\" sizes=\"auto, (max-width: 420px) 100vw, 420px\" \/><\/a>En concreto, han participado en la reuni\u00f3n la Federaci\u00f3n de Industria, Construcci\u00f3n y Agro (FICA), la Federaci\u00f3n de Servicios, Movilidad y Consumo (FeSMC) y la Federaci\u00f3n de Empleados de los Servicios P\u00fablicos (FeSP) de UGT Sevilla, as\u00ed como representantes institucionales del sindicato, de la Universidad Pablo de Olavide y de su Fundaci\u00f3n.<\/p>\n<p>Durante el encuentro, se ha puesto en valor las microcredenciales como modalidad formativa impulsada por la Uni\u00f3n Europea que responde a las necesidades actuales de formaci\u00f3n compatible con la vida laboral y personal. Ante los retos demogr\u00e1ficos, industriales y digitales, la vicerrectora ha puesto en valor el papel protagonista que deben tener las universidades p\u00fablicas para proporcionar una formaci\u00f3n inmediata y flexible, acorde a las demandas, y desarrollada e implementada bajo los m\u00e1s altos niveles de calidad.<\/p>\n<p>En la reuni\u00f3n, se ha insistido en la necesidad de colaboraci\u00f3n para la difusi\u00f3n de las microcredenciales universitarias y, en particular, para dar a conocer la oferta concreta de la Universidad Pablo de Olavide entre los afiliados y afiliadas de UGT. Adem\u00e1s, desde las distintas federaciones se han trasladado las necesidades de formaci\u00f3n espec\u00edficas y se han establecido las primeras ideas para desarrollar microcredenciales conjuntas.<\/p>\n<p>Fuente: Fundaci\u00f3n Universidad Pablo de Olavide<\/p>\n","protected":false},"excerpt":{"rendered":"<p>La Universidad Pablo de Olavide y UGT Sevilla han firmado un convenio de colaboraci\u00f3n espec\u00edfico mediante el cual ambas entidades a\u00fanan fuerzas para impulsar el proyecto de microcredenciales universitarias, un nuevo formato de cursos de alta especializaci\u00f3n que permite, en un breve periodo de tiempo, la adquisici\u00f3n de capacidades y competencias adaptadas a las necesidades del mercado laboral actual.<\/p>\n","protected":false},"author":2,"featured_media":30887261,"comment_status":"closed","ping_status":"open","sticky":false,"template":"","format":"standard","meta":{"_monsterinsights_skip_tracking":false,"_monsterinsights_sitenote_active":false,"_monsterinsights_sitenote_note":"","_monsterinsights_sitenote_category":0,"footnotes":""},"categories":[6],"tags":[700,326,9223,1648,7800,3648,8243],"class_list":["post-30887260","post","type-post","status-publish","format-standard","has-post-thumbnail","hentry","category-institucional","tag-acuerdo","tag-convenio","tag-formacion-permanente-y-fundaciones","tag-laura-lopez-de-la-cruz","tag-microcredenciales","tag-ugt","tag-vicerrectora-de-relaciones-institucionales"],"_links":{"self":[{"href":"https:\/\/www.upo.es\/diario\/wp-json\/wp\/v2\/posts\/30887260","targetHints":{"allow":["GET"]}}],"collection":[{"href":"https:\/\/www.upo.es\/diario\/wp-json\/wp\/v2\/posts"}],"about":[{"href":"https:\/\/www.upo.es\/diario\/wp-json\/wp\/v2\/types\/post"}],"author":[{"embeddable":true,"href":"https:\/\/www.upo.es\/diario\/wp-json\/wp\/v2\/users\/2"}],"replies":[{"embeddable":true,"href":"https:\/\/www.upo.es\/diario\/wp-json\/wp\/v2\/comments?post=30887260"}],"version-history":[{"count":3,"href":"https:\/\/www.upo.es\/diario\/wp-json\/wp\/v2\/posts\/30887260\/revisions"}],"predecessor-version":[{"id":30887266,"href":"https:\/\/www.upo.es\/diario\/wp-json\/wp\/v2\/posts\/30887260\/revisions\/30887266"}],"wp:featuredmedia":[{"embeddable":true,"href":"https:\/\/www.upo.es\/diario\/wp-json\/wp\/v2\/media\/30887261"}],"wp:attachment":[{"href":"https:\/\/www.upo.es\/diario\/wp-json\/wp\/v2\/media?parent=30887260"}],"wp:term":[{"taxonomy":"category","embeddable":true,"href":"https:\/\/www.upo.es\/diario\/wp-json\/wp\/v2\/categories?post=30887260"},{"taxonomy":"post_tag","embeddable":true,"href":"https:\/\/www.upo.es\/diario\/wp-json\/wp\/v2\/tags?post=30887260"}],"curies":[{"name":"wp","href":"https:\/\/api.w.org\/{rel}","templated":true}]}}