{"id":30887281,"date":"2025-06-20T10:18:29","date_gmt":"2025-06-20T08:18:29","guid":{"rendered":"https:\/\/www.upo.es\/diario\/?p=30887281"},"modified":"2025-06-20T12:18:57","modified_gmt":"2025-06-20T10:18:57","slug":"rosa-m-rodriguez-izquierdo-experta-equidad-educativa-diversidad-presente-angel-conference-2025-berlin","status":"publish","type":"post","link":"https:\/\/www.upo.es\/diario\/comunidad\/2025\/06\/rosa-m-rodriguez-izquierdo-experta-equidad-educativa-diversidad-presente-angel-conference-2025-berlin\/","title":{"rendered":"Rosa M. Rodr\u00edguez Izquierdo, experta en equidad educativa y diversidad, presente en la ANGEL Conference 2025 en Berl\u00edn"},"content":{"rendered":"<figure id=\"attachment_30860402\" aria-describedby=\"caption-attachment-30860402\" style=\"width: 300px\" class=\"wp-caption alignright\"><a href=\"https:\/\/www.upo.es\/diario\/wp-content\/uploads\/2020\/04\/RM-Rodriguez-Izquierdo-2.jpg\"><img loading=\"lazy\" decoding=\"async\" class=\"size-full wp-image-30860402\" src=\"https:\/\/www.upo.es\/diario\/wp-content\/uploads\/2020\/04\/RM-Rodriguez-Izquierdo-2.jpg\" alt=\"Rosa M. Rodr\u00edguez Izquierdo\" width=\"300\" height=\"300\" srcset=\"https:\/\/www.upo.es\/diario\/wp-content\/uploads\/2020\/04\/RM-Rodriguez-Izquierdo-2.jpg 300w, https:\/\/www.upo.es\/diario\/wp-content\/uploads\/2020\/04\/RM-Rodriguez-Izquierdo-2-150x150.jpg 150w\" sizes=\"auto, (max-width: 300px) 100vw, 300px\" \/><\/a><figcaption id=\"caption-attachment-30860402\" class=\"wp-caption-text\">Rosa M. Rodr\u00edguez Izquierdo<\/figcaption><\/figure>\n<p>La profesora <strong>Rosa M. Rodr\u00edguez Izquierdo<\/strong>, del Departamento de Educaci\u00f3n y Psicolog\u00eda Social de la Universidad Pablo de Olavide, ha participado como experta invitada en la quinta edici\u00f3n de la \u2018<strong><em>ANGEL Conference 2025 on Global Education and Learning\u2019<\/em><\/strong>, celebrada en el emblem\u00e1tico Humboldt Forum de Berl\u00edn a principios del mes de junio.<\/p>\n<p>La invitaci\u00f3n a la profesora Rodr\u00edguez Izquierdo fue cursada por la <em>GENE Academic Network for Global Education &amp; Learning<\/em>, en <strong>reconocimiento a su destacada trayectoria y experiencia en el \u00e1mbito de la educaci\u00f3n intercultural<\/strong>. La conferencia se desarroll\u00f3 bajo el lema \u2018Investigaci\u00f3n en Educaci\u00f3n y Aprendizaje Global: Por la Democracia, la Paz, los Derechos Humanos, la Sostenibilidad y la Justicia Social Global\u2019, promoviendo una plataforma fundamental para la presentaci\u00f3n de nuevas investigaciones, el fomento de la colaboraci\u00f3n entre investigadores, responsables de pol\u00edticas y profesionales, y la promoci\u00f3n del di\u00e1logo sobre el valor de la investigaci\u00f3n para la formulaci\u00f3n de pol\u00edticas.<\/p>\n<p>Durante el evento, se exploraron marcos de pol\u00edticas internacionales y sus efectos en la Educaci\u00f3n Global, adem\u00e1s de apoyar el desarrollo de investigadores j\u00f3venes. La conferencia tambi\u00e9n se aline\u00f3 con la visi\u00f3n de la Declaraci\u00f3n Europea sobre Educaci\u00f3n Global 2050 (Declaraci\u00f3n de Dubl\u00edn) y la nueva Recomendaci\u00f3n de la UNESCO sobre Educaci\u00f3n para la Paz, los Derechos Humanos y el Desarrollo Sostenible.<\/p>\n<figure id=\"attachment_30887282\" aria-describedby=\"caption-attachment-30887282\" style=\"width: 353px\" class=\"wp-caption alignleft\"><a href=\"https:\/\/www.upo.es\/diario\/wp-content\/uploads\/2025\/06\/Nanaia_Mahuta.jpg\"><img loading=\"lazy\" decoding=\"async\" class=\"wp-image-30887282 size-medium\" src=\"https:\/\/www.upo.es\/diario\/wp-content\/uploads\/2025\/06\/Nanaia_Mahuta-353x420.jpg\" alt=\"\" width=\"353\" height=\"420\" srcset=\"https:\/\/www.upo.es\/diario\/wp-content\/uploads\/2025\/06\/Nanaia_Mahuta-353x420.jpg 353w, https:\/\/www.upo.es\/diario\/wp-content\/uploads\/2025\/06\/Nanaia_Mahuta.jpg 361w\" sizes=\"auto, (max-width: 353px) 100vw, 353px\" \/><\/a><figcaption id=\"caption-attachment-30887282\" class=\"wp-caption-text\">Nanaia Mahuta, ex ministra de Desarrollo Maor\u00ed y Asuntos Exteriores de Nueva Zelanda.<\/figcaption><\/figure>\n<p>Un punto culminante de la conferencia fue la participaci\u00f3n de tres ministros de Educaci\u00f3n, destacando la intervenci\u00f3n de <strong>Nanaia Mahuta<\/strong>, ex ministra de Desarrollo Maor\u00ed y Asuntos Exteriores de Nueva Zelanda. Mahuta comparti\u00f3 una perspectiva \u00fanica que conecta los valores ind\u00edgenas con la ciudadan\u00eda global, impulsando la inclusi\u00f3n, la paz y el cuidado del planeta. Con 27 a\u00f1os en el Parlamento neozeland\u00e9s, su liderazgo ha promovido los derechos ind\u00edgenas, la sostenibilidad ambiental y la gobernanza inclusiva.<\/p>\n<p>En su propia contribuci\u00f3n, la profesora. Rodr\u00edguez Izquierdo profundiz\u00f3 en la problem\u00e1tica de la equidad educativa en contextos de diversidad. Desde una perspectiva basada en los Derechos Humanos, su presentaci\u00f3n se centr\u00f3 en c\u00f3mo se pueden contrarrestar las posibles desventajas derivadas de la diversidad socioecon\u00f3mica, cultural y ling\u00fc\u00edstica relacionada con la migraci\u00f3n, y c\u00f3mo se pueden aprovechar las ventajas inherentes a esta diversidad para enriquecer el aprendizaje de todos y todas.<\/p>\n<p>Rosa M. Rodr\u00edguez Izquierdo expres\u00f3 su gratitud por la excelente organizaci\u00f3n del evento y por la valiosa oportunidad de intercambiar conocimientos en un foro tan relevante. Su participaci\u00f3n subraya el firme compromiso de la Universidad Pablo de Olavide con la <strong>investigaci\u00f3n de vanguardia y la colaboraci\u00f3n internacional en la b\u00fasqueda de soluciones a los desaf\u00edos globales<\/strong> en temas de relevancia global como la educaci\u00f3n intercultural y la justicia social.<\/p>\n","protected":false},"excerpt":{"rendered":"<p>La profesora Rosa M. Rodr\u00edguez Izquierdo, del Departamento de Educaci\u00f3n y Psicolog\u00eda Social de la Universidad Pablo de Olavide, ha participado como experta invitada en la quinta edici\u00f3n de la \u2018ANGEL Conference 2025 on Global Education and Learning\u2019, celebrada en el emblem\u00e1tico Humboldt Forum de Berl\u00edn a principios del mes de junio.<\/p>\n","protected":false},"author":2,"featured_media":30860402,"comment_status":"closed","ping_status":"open","sticky":false,"template":"","format":"standard","meta":{"_monsterinsights_skip_tracking":false,"_monsterinsights_sitenote_active":false,"_monsterinsights_sitenote_note":"","_monsterinsights_sitenote_category":0,"footnotes":""},"categories":[5842],"tags":[115,354,2408,465,9228,9227],"class_list":["post-30887281","post","type-post","status-publish","format-standard","has-post-thumbnail","hentry","category-comunidad","tag-aprendizaje","tag-congreso","tag-diversidad","tag-educacion","tag-equidad-educativa","tag-rosa-m-rodriguez-izquierdo"],"_links":{"self":[{"href":"https:\/\/www.upo.es\/diario\/wp-json\/wp\/v2\/posts\/30887281","targetHints":{"allow":["GET"]}}],"collection":[{"href":"https:\/\/www.upo.es\/diario\/wp-json\/wp\/v2\/posts"}],"about":[{"href":"https:\/\/www.upo.es\/diario\/wp-json\/wp\/v2\/types\/post"}],"author":[{"embeddable":true,"href":"https:\/\/www.upo.es\/diario\/wp-json\/wp\/v2\/users\/2"}],"replies":[{"embeddable":true,"href":"https:\/\/www.upo.es\/diario\/wp-json\/wp\/v2\/comments?post=30887281"}],"version-history":[{"count":1,"href":"https:\/\/www.upo.es\/diario\/wp-json\/wp\/v2\/posts\/30887281\/revisions"}],"predecessor-version":[{"id":30887283,"href":"https:\/\/www.upo.es\/diario\/wp-json\/wp\/v2\/posts\/30887281\/revisions\/30887283"}],"wp:featuredmedia":[{"embeddable":true,"href":"https:\/\/www.upo.es\/diario\/wp-json\/wp\/v2\/media\/30860402"}],"wp:attachment":[{"href":"https:\/\/www.upo.es\/diario\/wp-json\/wp\/v2\/media?parent=30887281"}],"wp:term":[{"taxonomy":"category","embeddable":true,"href":"https:\/\/www.upo.es\/diario\/wp-json\/wp\/v2\/categories?post=30887281"},{"taxonomy":"post_tag","embeddable":true,"href":"https:\/\/www.upo.es\/diario\/wp-json\/wp\/v2\/tags?post=30887281"}],"curies":[{"name":"wp","href":"https:\/\/api.w.org\/{rel}","templated":true}]}}