{"id":30887294,"date":"2025-06-20T09:00:14","date_gmt":"2025-06-20T07:00:14","guid":{"rendered":"https:\/\/www.upo.es\/diario\/?p=30887294"},"modified":"2025-06-23T14:29:30","modified_gmt":"2025-06-23T12:29:30","slug":"comienza-vigesima-tercera-edicion-cursos-verano-universidad-pablo-olavide-carmona-comienza-23-junio","status":"publish","type":"post","link":"https:\/\/www.upo.es\/diario\/institucional\/2025\/06\/comienza-vigesima-tercera-edicion-cursos-verano-universidad-pablo-olavide-carmona-comienza-23-junio\/","title":{"rendered":"El pr\u00f3ximo lunes comienza la vig\u00e9sima tercera edici\u00f3n de los Cursos de Verano de la Universidad Pablo de Olavide en Carmona"},"content":{"rendered":"<p><a href=\"https:\/\/www.upo.es\/diario\/wp-content\/uploads\/2024\/09\/Sede-UPO-Carmona-scaled.jpg\"><img loading=\"lazy\" decoding=\"async\" class=\"aligncenter size-large wp-image-30883512\" src=\"https:\/\/www.upo.es\/diario\/wp-content\/uploads\/2024\/09\/Sede-UPO-Carmona-750x500.jpg\" alt=\"Estudiantes de los Cursos de Verano en Carmona\" width=\"750\" height=\"500\" srcset=\"https:\/\/www.upo.es\/diario\/wp-content\/uploads\/2024\/09\/Sede-UPO-Carmona-750x500.jpg 750w, https:\/\/www.upo.es\/diario\/wp-content\/uploads\/2024\/09\/Sede-UPO-Carmona-420x280.jpg 420w, https:\/\/www.upo.es\/diario\/wp-content\/uploads\/2024\/09\/Sede-UPO-Carmona-768x512.jpg 768w, https:\/\/www.upo.es\/diario\/wp-content\/uploads\/2024\/09\/Sede-UPO-Carmona-1536x1024.jpg 1536w, https:\/\/www.upo.es\/diario\/wp-content\/uploads\/2024\/09\/Sede-UPO-Carmona-2048x1366.jpg 2048w, https:\/\/www.upo.es\/diario\/wp-content\/uploads\/2024\/09\/Sede-UPO-Carmona-165x109.jpg 165w, https:\/\/www.upo.es\/diario\/wp-content\/uploads\/2024\/09\/Sede-UPO-Carmona-1320x880.jpg 1320w\" sizes=\"auto, (max-width: 750px) 100vw, 750px\" \/><\/a><\/p>\n<p>&nbsp;<\/p>\n<p>La Universidad Pablo de Olavide dar\u00e1 el pistoletazo de salida a la vig\u00e9sima tercera edici\u00f3n de los Cursos de Verano <strong>el pr\u00f3ximo lunes 23 de junio a las 9:30 horas<\/strong>. La sede Olavide en Carmona \u2013 Rectora Rosario Valpuesta acoger\u00e1 hasta el 30 de julio un total de 40 cursos y talleres.<\/p>\n<p>El acto inaugural contar\u00e1 con la presencia del rector de la Universidad Pablo de Olavide, <strong>Francisco Oliva Bl\u00e1zquez<\/strong> y est\u00e1 prevista la asistencia del alcalde del Ayuntamiento de Carmona, <strong>Juan \u00c1vila Guti\u00e9rrez<\/strong>; la diputada de Concertaci\u00f3n de la Diputaci\u00f3n de Sevilla, <strong>Marta Alonso Lappi<\/strong>; el presidente del Consejo Social de la UPO, <strong>Vicente Mart\u00edn Gonz\u00e1lez<\/strong> y el presidente de la Fundaci\u00f3n Cajasol, <strong>Antonio Pulido Guti\u00e9rrez<\/strong>.<\/p>\n<p>La programaci\u00f3n prevista para este a\u00f1o se distingue por su enfoque multidisciplinar y abarca tem\u00e1ticas diversas. Los cursos explorar\u00e1n desde el impacto transformador de la inteligencia artificial en el mercado laboral hasta el an\u00e1lisis de la crisis de las democracias y el auge de las extremas derechas desde una perspectiva sindical.<\/p>\n<p><a href=\"https:\/\/www.upo.es\/diario\/wp-content\/uploads\/2024\/09\/FybFIb0XoAImADz-scaled.jpg\"><img loading=\"lazy\" decoding=\"async\" class=\"alignright size-medium wp-image-30883513\" src=\"https:\/\/www.upo.es\/diario\/wp-content\/uploads\/2024\/09\/FybFIb0XoAImADz-420x280.jpg\" alt=\"\" width=\"420\" height=\"280\" srcset=\"https:\/\/www.upo.es\/diario\/wp-content\/uploads\/2024\/09\/FybFIb0XoAImADz-420x280.jpg 420w, https:\/\/www.upo.es\/diario\/wp-content\/uploads\/2024\/09\/FybFIb0XoAImADz-750x500.jpg 750w, https:\/\/www.upo.es\/diario\/wp-content\/uploads\/2024\/09\/FybFIb0XoAImADz-768x512.jpg 768w, https:\/\/www.upo.es\/diario\/wp-content\/uploads\/2024\/09\/FybFIb0XoAImADz-1536x1024.jpg 1536w, https:\/\/www.upo.es\/diario\/wp-content\/uploads\/2024\/09\/FybFIb0XoAImADz-2048x1366.jpg 2048w, https:\/\/www.upo.es\/diario\/wp-content\/uploads\/2024\/09\/FybFIb0XoAImADz-165x109.jpg 165w, https:\/\/www.upo.es\/diario\/wp-content\/uploads\/2024\/09\/FybFIb0XoAImADz-1320x880.jpg 1320w\" sizes=\"auto, (max-width: 420px) 100vw, 420px\" \/><\/a>Se abordar\u00e1n tambi\u00e9n problem\u00e1ticas sociales de gran calado, como los trastornos de conducta en el \u00e1mbito educativo, la aplicaci\u00f3n de la psicolog\u00eda forense en la justicia, y la <strong>salud de las mujeres<\/strong>. La humanizaci\u00f3n de la atenci\u00f3n sanitaria tambi\u00e9n ser\u00e1 otro de los temas que se debatir\u00e1n, buscando concienciar sobre la mejora de la calidad de vida de las personas.<\/p>\n<p>La riqueza del territorio sevillano tambi\u00e9n tendr\u00e1 su espacio con un curso dedicado a los <strong>vinos y aceites de la provincia<\/strong>. Por otro lado, en el \u00e1mbito cient\u00edfico y t\u00e9cnico, se impartir\u00e1n dos actividades formativas sobre t\u00e9cnicas de <strong>biolog\u00eda molecular y celular<\/strong> y, en otro curso, se ofrecer\u00e1n herramientas esenciales para el desarrollo profesional en el campo de la traducci\u00f3n, abordando la gesti\u00f3n de l\u00e9xico especializado y el uso eficaz de corpus ling\u00fc\u00edsticos.<\/p>\n<p>Por tercer a\u00f1o consecutivo, la Universidad Pablo de Olavide refuerza su apuesta por los talleres, concebidos para que el alumnado adquiera <strong>habilidades pr\u00e1cticas y espec\u00edficas<\/strong> en un tiempo de formaci\u00f3n limitado. Entre las tem\u00e1ticas destacadas de los talleres de esta edici\u00f3n, se encuentran la lucha contra la <strong>desinformaci\u00f3n y el impacto de la inteligencia artificial en el periodismo actual<\/strong>, la comunicaci\u00f3n institucional, y las claves del protocolo para la coordinaci\u00f3n de gabinetes de direcci\u00f3n.<\/p>\n<p>Adem\u00e1s, se abordar\u00e1n temas de gran relevancia social y educativa, como la identificaci\u00f3n y atenci\u00f3n de las <strong>altas capacidades en el entorno escolar<\/strong>, y la construcci\u00f3n de alternativas econ\u00f3micas a trav\u00e9s de la <strong>econom\u00eda social transformadora<\/strong>.<\/p>\n<p>La presencialidad sigue siendo el objetivo prioritario para fomentar la interacci\u00f3n entre estudiantes y profesorado, pero la edici\u00f3n 2025 mantiene la <strong>docencia simult\u00e1nea para facilitar el acceso a la formaci\u00f3n<\/strong>, permitiendo cursar seminarios tanto en modalidad presencial como online. De los 40 cursos ofertados, 22 ser\u00e1n exclusivamente presenciales, 2 online y 16 en formato dual (presencial-online).<\/p>\n<p>Esta nueva edici\u00f3n, gestionada por la Fundaci\u00f3n Universidad Pablo de Olavide, cuenta con la colaboraci\u00f3n de <strong>m\u00e1s de 80 entidades p\u00fablicas y privadas<\/strong>, consolidando as\u00ed el compromiso con una formaci\u00f3n de calidad y adaptada a las necesidades actuales.<\/p>\n<h3><strong>Semana del 23 al 27 de junio<\/strong><\/h3>\n<p>A lo largo del lunes 23 de junio dar\u00e1 comienzo el curso <a href=\"https:\/\/www.upo.es\/formacionpermanente\/cursos-de-verano\/introduccion-a-la-inteligencia-artificial-y-su-impacto-en-el-empleo\/\">\u2018Introducci\u00f3n a la inteligencia artificial y su impacto en el empleo\u2019<\/a> (23 y 24 de junio), cuyo objetivo principal es proporcionar a las personas trabajadoras una comprensi\u00f3n clara y accesible de qu\u00e9 es la inteligencia artificial y del impacto y consecuencias de ella en los \u00e1mbitos laboral y personal.<\/p>\n<p>Tambi\u00e9n se celebrar\u00e1 el taller <a href=\"https:\/\/www.upo.es\/formacionpermanente\/cursos-de-verano\/taller-dialogos-globales-espana-y-andalucia-en-el-siglo-xxi\/\">\u2018Di\u00e1logos globales: Espa\u00f1a y Andaluc\u00eda en el siglo XXI\u2019.<\/a> (23 de junio). A trav\u00e9s de ponencias y mesas redondas, se debatir\u00e1n temas clave como los desaf\u00edos econ\u00f3micos, sociales y culturales de la regi\u00f3n andaluza, as\u00ed como su contribuci\u00f3n en \u00e1reas como la sostenibilidad, la innovaci\u00f3n y el liderazgo en sectores estrat\u00e9gicos.<\/p>\n<p>Asimismo, durante el resto de la semana se dar\u00e1n cita los siguientes cursos: <a href=\"https:\/\/www.upo.es\/formacionpermanente\/cursos-de-verano\/los-territorios-del-flamenco\/\">\u2018Los territorios del flamenco\u2019<\/a> (24 y 25 de junio); <a href=\"https:\/\/www.upo.es\/formacionpermanente\/cursos-de-verano\/taller-transporte-aereo-y-viajeros-aerolineas-equipajes-cancelaciones-y-otras-aventuras\/\">Taller \u2018Transporte a\u00e9reo y viajeros: aerol\u00edneas, equipajes, cancelaciones y otras aventuras\u2019<\/a>; <a href=\"https:\/\/www.upo.es\/formacionpermanente\/cursos-de-verano\/taller-mas-alla-de-la-desinformacion-el-impacto-de-la-inteligencia-artificial-en-el-periodismo\/\">Taller \u2018M\u00e1s all\u00e1 de la desinformaci\u00f3n: el impacto de la inteligencia artificial en el periodismo\u2019<\/a> (24 de junio); <a href=\"https:\/\/www.upo.es\/formacionpermanente\/cursos-de-verano\/taller-principios-basicos-de-la-comunicacion-institucional\/\">Taller \u2018Principios b\u00e1sicos de la comunicaci\u00f3n institucional\u2019<\/a> (25 de junio); <a href=\"https:\/\/www.upo.es\/formacionpermanente\/cursos-de-verano\/taller-las-nuevas-tecnologias-en-la-mediacion-y-en-los-concursos-de-microempresas\/\">Taller \u2018Las nuevas tecnolog\u00edas en la mediaci\u00f3n y en los concursos de microempresas\u2019<\/a> (26 de junio) y <a href=\"https:\/\/www.upo.es\/formacionpermanente\/cursos-de-verano\/la-crisis-de-las-democracias-y-el-auge-de-las-extremas-derechas-alternativas-desde-el-sindicalismo\/\">\u2018La crisis de las democracias y el auge de las extremas derechas: alternativas desde el sindicalismo\u2019 <\/a>(26 y 27 de junio).<\/p>\n<p>&nbsp;<\/p>\n<p><strong>M\u00e1s informaci\u00f3n<\/strong> en <a href=\"https:\/\/www.upo.es\/cursos-de-verano-olavide\/\">https:\/\/www.upo.es\/cursos-de-verano<\/a><\/p>\n<p>&nbsp;<\/p>\n","protected":false},"excerpt":{"rendered":"<p>La Universidad Pablo de Olavide dar\u00e1 el pistoletazo de salida a la vig\u00e9sima tercera edici\u00f3n de los Cursos de Verano el pr\u00f3ximo lunes 23 de junio a las 9:30 horas. La sede Olavide en Carmona \u2013 Rectora Rosario Valpuesta acoger\u00e1 hasta el 30 de julio un total de 40 cursos y talleres.<\/p>\n","protected":false},"author":2,"featured_media":30883512,"comment_status":"closed","ping_status":"open","sticky":false,"template":"","format":"standard","meta":{"_monsterinsights_skip_tracking":false,"_monsterinsights_sitenote_active":false,"_monsterinsights_sitenote_note":"","_monsterinsights_sitenote_category":0,"footnotes":""},"categories":[6],"tags":[23,22,328,4021,2474,519],"class_list":["post-30887294","post","type-post","status-publish","format-standard","has-post-thumbnail","hentry","category-institucional","tag-carmona","tag-cursos-de-verano","tag-formacion-permanente","tag-francisco-oliva-blazquez","tag-fundacion-universidad-pablo-de-olavide","tag-olavide-en-carmona"],"_links":{"self":[{"href":"https:\/\/www.upo.es\/diario\/wp-json\/wp\/v2\/posts\/30887294","targetHints":{"allow":["GET"]}}],"collection":[{"href":"https:\/\/www.upo.es\/diario\/wp-json\/wp\/v2\/posts"}],"about":[{"href":"https:\/\/www.upo.es\/diario\/wp-json\/wp\/v2\/types\/post"}],"author":[{"embeddable":true,"href":"https:\/\/www.upo.es\/diario\/wp-json\/wp\/v2\/users\/2"}],"replies":[{"embeddable":true,"href":"https:\/\/www.upo.es\/diario\/wp-json\/wp\/v2\/comments?post=30887294"}],"version-history":[{"count":5,"href":"https:\/\/www.upo.es\/diario\/wp-json\/wp\/v2\/posts\/30887294\/revisions"}],"predecessor-version":[{"id":30887319,"href":"https:\/\/www.upo.es\/diario\/wp-json\/wp\/v2\/posts\/30887294\/revisions\/30887319"}],"wp:featuredmedia":[{"embeddable":true,"href":"https:\/\/www.upo.es\/diario\/wp-json\/wp\/v2\/media\/30883512"}],"wp:attachment":[{"href":"https:\/\/www.upo.es\/diario\/wp-json\/wp\/v2\/media?parent=30887294"}],"wp:term":[{"taxonomy":"category","embeddable":true,"href":"https:\/\/www.upo.es\/diario\/wp-json\/wp\/v2\/categories?post=30887294"},{"taxonomy":"post_tag","embeddable":true,"href":"https:\/\/www.upo.es\/diario\/wp-json\/wp\/v2\/tags?post=30887294"}],"curies":[{"name":"wp","href":"https:\/\/api.w.org\/{rel}","templated":true}]}}