{"id":30887308,"date":"2025-06-23T14:00:21","date_gmt":"2025-06-23T12:00:21","guid":{"rendered":"https:\/\/www.upo.es\/diario\/?p=30887308"},"modified":"2025-06-23T14:28:42","modified_gmt":"2025-06-23T12:28:42","slug":"clinica-juridica-cuartel-general-otan","status":"publish","type":"post","link":"https:\/\/www.upo.es\/diario\/comunidad\/2025\/06\/clinica-juridica-cuartel-general-otan\/","title":{"rendered":"Estudiantes de la Cl\u00ednica Jur\u00eddica UPO-OTAN mantienen una reuni\u00f3n de trabajo en la sede del Cuartel General de la OTAN en Bruselas"},"content":{"rendered":"<p><a href=\"https:\/\/www.upo.es\/diario\/wp-content\/uploads\/2025\/06\/clinica_juridica01-scaled.jpg\"><img loading=\"lazy\" decoding=\"async\" class=\"aligncenter size-large wp-image-30887312\" src=\"https:\/\/www.upo.es\/diario\/wp-content\/uploads\/2025\/06\/clinica_juridica01-750x454.jpg\" alt=\"\" width=\"750\" height=\"454\" srcset=\"https:\/\/www.upo.es\/diario\/wp-content\/uploads\/2025\/06\/clinica_juridica01-750x454.jpg 750w, https:\/\/www.upo.es\/diario\/wp-content\/uploads\/2025\/06\/clinica_juridica01-420x254.jpg 420w, https:\/\/www.upo.es\/diario\/wp-content\/uploads\/2025\/06\/clinica_juridica01-768x465.jpg 768w, https:\/\/www.upo.es\/diario\/wp-content\/uploads\/2025\/06\/clinica_juridica01-1536x930.jpg 1536w, https:\/\/www.upo.es\/diario\/wp-content\/uploads\/2025\/06\/clinica_juridica01-2048x1241.jpg 2048w, https:\/\/www.upo.es\/diario\/wp-content\/uploads\/2025\/06\/clinica_juridica01-1320x800.jpg 1320w\" sizes=\"auto, (max-width: 750px) 100vw, 750px\" \/><\/a><\/p>\n<p>Estudiantes de la <strong>Cl\u00ednica Jur\u00eddica UPO-OTAN<\/strong> de la <strong>Facultad de Derecho<\/strong> de la Universidad Pablo de Olavide han mantenido una reuni\u00f3n de trabajo en la sede del Cuartel General Supremo de las Potencias Aliadas en Europa, en Bruselas, en el marco de las actividades de la Cl\u00ednica Jur\u00eddica, que este a\u00f1o ha elaborado un informe titulado \u2018<strong><em>The Shanghai Cooperation Organisation: What is it? <\/em><\/strong><strong><em>A closer look to Belarus and India&#8217;s role in the organization\u2019<\/em><\/strong>.<\/p>\n<p>En concreto, el informe ha sido elaborado por los y las estudiantes <strong>Daniel Quintana Brito<\/strong> (Grado en Relaciones Internacionales), <strong>Laura Mar\u00edn G\u00f3mez<\/strong> (Grado en Relaciones Internacionales),<strong> Mar\u00eda Dom\u00ednguez Aguilera<\/strong> (Doble Grado en Relaciones Internacionales y Derecho), <strong>Natalia Rubiales Barrios<\/strong> (Doble Grado en Relaciones Internacionales y Ciencias Pol\u00edticas), y <strong>Alejandro Gal\u00e1n Cano<\/strong> (Doble Grado en Derecho y Administraci\u00f3n y Direcci\u00f3n de Empresas). Las profesoras <strong>Roc\u00edo Vales Calder\u00f3n<\/strong>, del \u00c1rea de Ciencia Pol\u00edtica, y <strong>Gloria Fern\u00e1ndez Arribas<\/strong>, del \u00c1rea de Derecho Internacional P\u00fablico, han coordinado el trabajo presentado.<\/p>\n<p><a href=\"https:\/\/www.upo.es\/diario\/wp-content\/uploads\/2025\/06\/OTAN.jpeg\"><img loading=\"lazy\" decoding=\"async\" class=\"alignright size-medium wp-image-30887305\" src=\"https:\/\/www.upo.es\/diario\/wp-content\/uploads\/2025\/06\/OTAN-420x297.jpeg\" alt=\"\" width=\"420\" height=\"297\" srcset=\"https:\/\/www.upo.es\/diario\/wp-content\/uploads\/2025\/06\/OTAN-420x297.jpeg 420w, https:\/\/www.upo.es\/diario\/wp-content\/uploads\/2025\/06\/OTAN-743x525.jpeg 743w, https:\/\/www.upo.es\/diario\/wp-content\/uploads\/2025\/06\/OTAN-768x543.jpeg 768w, https:\/\/www.upo.es\/diario\/wp-content\/uploads\/2025\/06\/OTAN-1536x1086.jpeg 1536w, https:\/\/www.upo.es\/diario\/wp-content\/uploads\/2025\/06\/OTAN-1320x933.jpeg 1320w, https:\/\/www.upo.es\/diario\/wp-content\/uploads\/2025\/06\/OTAN.jpeg 2048w\" sizes=\"auto, (max-width: 420px) 100vw, 420px\" \/><\/a>El estudiantado ha realizado una vista al Cuartel General de la OTAN en Bruselas, donde ha participado en reuniones de trabajo con <strong>Alexandra Ntakova<\/strong>, encargada de la Divisi\u00f3n de Diplomacia Publica; con el Teniente Coronel <strong>John Welch<\/strong>, asesor jur\u00eddico; y con <strong>Tamara Zabala Utrilla<\/strong>, consejera de la Representaci\u00f3n Permanente de Espa\u00f1a ante la OTAN.<\/p>\n<p>Adem\u00e1s, han visitado el Parlamento Europeo por invitaci\u00f3n del Eurodiputado <strong>Nacho S\u00e1nchez Amor<\/strong>, donde, acompa\u00f1ados por personal de la oficina del diputado, han conocido las instalaciones, el funcionamiento del Parlamento Europeo y el trabajo que realizan los eurodiputados.<\/p>\n<p>Tambi\u00e9n han visitado la Delegaci\u00f3n de la Junta de Andaluc\u00eda en Bruselas, donde han sido recibidos por la delegada, <strong>Catalina de Miguel<\/strong>, con la que han mantenido una reuni\u00f3n acerca del trabajo y actividades de las Comunidades Aut\u00f3nomas en la Uni\u00f3n Europea y la defensa de sus intereses.<\/p>\n<p><a href=\"https:\/\/www.upo.es\/diario\/wp-content\/uploads\/2025\/06\/clinica_juridica02-scaled.jpg\"><img loading=\"lazy\" decoding=\"async\" class=\"alignleft size-medium wp-image-30887316\" src=\"https:\/\/www.upo.es\/diario\/wp-content\/uploads\/2025\/06\/clinica_juridica02-396x420.jpg\" alt=\"\" width=\"396\" height=\"420\" srcset=\"https:\/\/www.upo.es\/diario\/wp-content\/uploads\/2025\/06\/clinica_juridica02-396x420.jpg 396w, https:\/\/www.upo.es\/diario\/wp-content\/uploads\/2025\/06\/clinica_juridica02-494x525.jpg 494w, https:\/\/www.upo.es\/diario\/wp-content\/uploads\/2025\/06\/clinica_juridica02-768x815.jpg 768w, https:\/\/www.upo.es\/diario\/wp-content\/uploads\/2025\/06\/clinica_juridica02-1447x1536.jpg 1447w, https:\/\/www.upo.es\/diario\/wp-content\/uploads\/2025\/06\/clinica_juridica02-1929x2048.jpg 1929w, https:\/\/www.upo.es\/diario\/wp-content\/uploads\/2025\/06\/clinica_juridica02-1320x1401.jpg 1320w\" sizes=\"auto, (max-width: 396px) 100vw, 396px\" \/><\/a>La Cl\u00ednica Jur\u00eddica UPO-OTAN, creada mediante un acuerdo entre la Universidad Pablo de Olavide y el Cuartel General Supremo de las Potencias Aliadas en Europa (SHAPE) y establecida en el Facultad de Derecho, tiene como finalidad alentar al estudiantado a profundizar en sus habilidades de investigaci\u00f3n desde la perspectiva de la pr\u00e1ctica jur\u00eddica internacional, as\u00ed como convertirse en una plataforma para intercambiar ideas y desaf\u00edos jur\u00eddicos entre la academia, el alumnado y el personal de asesor\u00eda jur\u00eddica de la OTAN. La Cl\u00ednica es coordinada por <strong>Roc\u00edo Vales Calder\u00f3n<\/strong> y dirigida por <strong>Gloria Fern\u00e1ndez Arribas.<\/strong><\/p>\n","protected":false},"excerpt":{"rendered":"<p>Estudiantes de la Cl\u00ednica Jur\u00eddica UPO-OTAN de la Facultad de Derecho de la Universidad Pablo de Olavide han presentado en la sede del Cuartel General Supremo de las Potencias Aliadas en Europa, en la ciudad de Mons (B\u00e9lgica), las conclusiones de su informe titulado \u2018The Shanghai Cooperation Organisation: What is it? A closer look to Belarus and India&#8217;s role in the organization\u2019.<\/p>\n","protected":false},"author":2,"featured_media":30887312,"comment_status":"closed","ping_status":"open","sticky":false,"template":"","format":"standard","meta":{"_monsterinsights_skip_tracking":false,"_monsterinsights_sitenote_active":false,"_monsterinsights_sitenote_note":"","_monsterinsights_sitenote_category":0,"footnotes":""},"categories":[5842],"tags":[865,7161,7166,21,81,8334],"class_list":["post-30887308","post","type-post","status-publish","format-standard","has-post-thumbnail","hentry","category-comunidad","tag-ciencia-politica","tag-clinica-juridica-upo-otan","tag-derecho-internacional-publico","tag-estudiantes","tag-facultad-de-derecho","tag-otan"],"_links":{"self":[{"href":"https:\/\/www.upo.es\/diario\/wp-json\/wp\/v2\/posts\/30887308","targetHints":{"allow":["GET"]}}],"collection":[{"href":"https:\/\/www.upo.es\/diario\/wp-json\/wp\/v2\/posts"}],"about":[{"href":"https:\/\/www.upo.es\/diario\/wp-json\/wp\/v2\/types\/post"}],"author":[{"embeddable":true,"href":"https:\/\/www.upo.es\/diario\/wp-json\/wp\/v2\/users\/2"}],"replies":[{"embeddable":true,"href":"https:\/\/www.upo.es\/diario\/wp-json\/wp\/v2\/comments?post=30887308"}],"version-history":[{"count":3,"href":"https:\/\/www.upo.es\/diario\/wp-json\/wp\/v2\/posts\/30887308\/revisions"}],"predecessor-version":[{"id":30887318,"href":"https:\/\/www.upo.es\/diario\/wp-json\/wp\/v2\/posts\/30887308\/revisions\/30887318"}],"wp:featuredmedia":[{"embeddable":true,"href":"https:\/\/www.upo.es\/diario\/wp-json\/wp\/v2\/media\/30887312"}],"wp:attachment":[{"href":"https:\/\/www.upo.es\/diario\/wp-json\/wp\/v2\/media?parent=30887308"}],"wp:term":[{"taxonomy":"category","embeddable":true,"href":"https:\/\/www.upo.es\/diario\/wp-json\/wp\/v2\/categories?post=30887308"},{"taxonomy":"post_tag","embeddable":true,"href":"https:\/\/www.upo.es\/diario\/wp-json\/wp\/v2\/tags?post=30887308"}],"curies":[{"name":"wp","href":"https:\/\/api.w.org\/{rel}","templated":true}]}}