{"id":30887325,"date":"2025-06-24T10:07:39","date_gmt":"2025-06-24T08:07:39","guid":{"rendered":"https:\/\/www.upo.es\/diario\/?p=30887325"},"modified":"2025-06-26T13:56:09","modified_gmt":"2025-06-26T11:56:09","slug":"facultad-derecho-distingue-marina-nieto-ruiz-mencion-especial-laudabilis","status":"publish","type":"post","link":"https:\/\/www.upo.es\/diario\/comunidad\/2025\/06\/facultad-derecho-distingue-marina-nieto-ruiz-mencion-especial-laudabilis\/","title":{"rendered":"La Facultad de Derecho distingue a Marina Nieto Ruiz con la menci\u00f3n especial \u2018Laudabilis\u2019 \u00a0"},"content":{"rendered":"<figure id=\"attachment_30887322\" aria-describedby=\"caption-attachment-30887322\" style=\"width: 594px\" class=\"wp-caption aligncenter\"><a href=\"https:\/\/www.upo.es\/diario\/wp-content\/uploads\/2025\/06\/laudabilis01.jpg\"><img loading=\"lazy\" decoding=\"async\" class=\"size-large wp-image-30887322\" src=\"https:\/\/www.upo.es\/diario\/wp-content\/uploads\/2025\/06\/laudabilis01-594x525.jpg\" alt=\"\" width=\"594\" height=\"525\" srcset=\"https:\/\/www.upo.es\/diario\/wp-content\/uploads\/2025\/06\/laudabilis01-594x525.jpg 594w, https:\/\/www.upo.es\/diario\/wp-content\/uploads\/2025\/06\/laudabilis01-420x371.jpg 420w, https:\/\/www.upo.es\/diario\/wp-content\/uploads\/2025\/06\/laudabilis01-768x679.jpg 768w, https:\/\/www.upo.es\/diario\/wp-content\/uploads\/2025\/06\/laudabilis01-1320x1167.jpg 1320w, https:\/\/www.upo.es\/diario\/wp-content\/uploads\/2025\/06\/laudabilis01.jpg 1536w\" sizes=\"auto, (max-width: 594px) 100vw, 594px\" \/><\/a><figcaption id=\"caption-attachment-30887322\" class=\"wp-caption-text\">La estudiante Marina Nieto Ruiz.<\/figcaption><\/figure>\n<p>La estudiante <strong>Marina Nieto Ruiz<\/strong> del Grado en Derecho ha sido distinguida con menci\u00f3n especial <strong>\u2018Laudabilis\u2019<\/strong> en su Trabajo Fin de Grado, un reconocimiento que otorga la <strong>Facultad de Derecho<\/strong> de la Universidad Pablo de Olavide al estudiantado cuyo dictamen, exposici\u00f3n y trabajo continuo durante el TFG destaca por su excelencia.<\/p>\n<p>Gracias a esta iniciativa \u2014 un proyecto de innovaci\u00f3n docente impulsado por la profesora <strong>Mar\u00eda Dolores Rego <\/strong>hace m\u00e1s de diez a\u00f1os\u2014 Marina Nieto obtiene este sello en la asignatura que pone fin a sus estudios de grado.<\/p>\n<figure id=\"attachment_30887323\" aria-describedby=\"caption-attachment-30887323\" style=\"width: 420px\" class=\"wp-caption alignright\"><a href=\"https:\/\/www.upo.es\/diario\/wp-content\/uploads\/2025\/06\/laudabilis02.jpg\"><img loading=\"lazy\" decoding=\"async\" class=\"size-medium wp-image-30887323\" src=\"https:\/\/www.upo.es\/diario\/wp-content\/uploads\/2025\/06\/laudabilis02-420x314.jpg\" alt=\"\" width=\"420\" height=\"314\" srcset=\"https:\/\/www.upo.es\/diario\/wp-content\/uploads\/2025\/06\/laudabilis02-420x314.jpg 420w, https:\/\/www.upo.es\/diario\/wp-content\/uploads\/2025\/06\/laudabilis02-702x525.jpg 702w, https:\/\/www.upo.es\/diario\/wp-content\/uploads\/2025\/06\/laudabilis02-768x574.jpg 768w, https:\/\/www.upo.es\/diario\/wp-content\/uploads\/2025\/06\/laudabilis02-1320x987.jpg 1320w, https:\/\/www.upo.es\/diario\/wp-content\/uploads\/2025\/06\/laudabilis02.jpg 1536w\" sizes=\"auto, (max-width: 420px) 100vw, 420px\" \/><\/a><figcaption id=\"caption-attachment-30887323\" class=\"wp-caption-text\">De izquierda a derecha, Miguel Blasco Rodr\u00edguez, Marina Nieto Ruiz , C\u00e9sar Hornero M\u00e9ndez, Julia Fern\u00e1ndez Molina y \u00c1lvaro Viguera Revuelta.<\/figcaption><\/figure>\n<p>El decano de la Facultad de Derecho <strong>C\u00e9sar Hornero M\u00e9ndez<\/strong> ha entregado esta distinci\u00f3n, adem\u00e1s de un diploma acreditativo a la estudiante <strong>Julia Fern\u00e1ndez Molina<\/strong>, del Grado en Derecho, quien tambi\u00e9n defendi\u00f3 en la tarde de ayer su Trabajo Fin de Grado.<\/p>\n<p>La Facultad de Derecho opt\u00f3 para el Trabajo Fin de Grado por un modelo que ha sido incorporado posteriormente por otras universidades espa\u00f1olas, tanto p\u00fablicas como privadas. As\u00ed, <strong>el TFG se configura como una asignatura amplia, multidisciplinar y esencialmente pr\u00e1ctica<\/strong>, en la que el y la estudiante, como en la vida real, afronta problemas jur\u00eddicos que se plantean como un todo interrelacionado, sin hacer apartados estancos por materias. La prueba final consiste en un caso pr\u00e1ctico que, en una primera fase, deben resolver elaborando un dictamen jur\u00eddico que, posteriormente, deben exponer y defender ante un tribunal.<\/p>\n<figure id=\"attachment_30887324\" aria-describedby=\"caption-attachment-30887324\" style=\"width: 750px\" class=\"wp-caption aligncenter\"><a href=\"https:\/\/www.upo.es\/diario\/wp-content\/uploads\/2025\/06\/laudabilis03.jpg\"><img loading=\"lazy\" decoding=\"async\" class=\"size-large wp-image-30887324\" src=\"https:\/\/www.upo.es\/diario\/wp-content\/uploads\/2025\/06\/laudabilis03-750x444.jpg\" alt=\"\" width=\"750\" height=\"444\" srcset=\"https:\/\/www.upo.es\/diario\/wp-content\/uploads\/2025\/06\/laudabilis03-750x444.jpg 750w, https:\/\/www.upo.es\/diario\/wp-content\/uploads\/2025\/06\/laudabilis03-420x249.jpg 420w, https:\/\/www.upo.es\/diario\/wp-content\/uploads\/2025\/06\/laudabilis03-768x455.jpg 768w, https:\/\/www.upo.es\/diario\/wp-content\/uploads\/2025\/06\/laudabilis03-1536x909.jpg 1536w, https:\/\/www.upo.es\/diario\/wp-content\/uploads\/2025\/06\/laudabilis03-1320x781.jpg 1320w, https:\/\/www.upo.es\/diario\/wp-content\/uploads\/2025\/06\/laudabilis03.jpg 2048w\" sizes=\"auto, (max-width: 750px) 100vw, 750px\" \/><\/a><figcaption id=\"caption-attachment-30887324\" class=\"wp-caption-text\">Marina Nieto Ruiz durante la defensa de su Trabajo de Fin de Grado.<\/figcaption><\/figure>\n","protected":false},"excerpt":{"rendered":"<p>La estudiante Marina Nieto Ruiz del Grado en Derecho ha sido distinguida con menci\u00f3n especial \u2018Laudabilis\u2019 en su Trabajo Fin de Grado, un reconocimiento que otorga la Facultad de Derecho de la Universidad Pablo de Olavide al estudiantado cuyo dictamen, exposici\u00f3n y trabajo continuo durante el TFG destaca por su excelencia.<\/p>\n","protected":false},"author":2,"featured_media":30887322,"comment_status":"closed","ping_status":"open","sticky":false,"template":"","format":"standard","meta":{"_monsterinsights_skip_tracking":false,"_monsterinsights_sitenote_active":false,"_monsterinsights_sitenote_note":"","_monsterinsights_sitenote_category":0,"footnotes":""},"categories":[5842],"tags":[8741,21,4653,81,2146,3650],"class_list":["post-30887325","post","type-post","status-publish","format-standard","has-post-thumbnail","hentry","category-comunidad","tag-cesar-hornero","tag-estudiantes","tag-excelencia","tag-facultad-de-derecho","tag-laudabilis-alumnus","tag-tfg"],"_links":{"self":[{"href":"https:\/\/www.upo.es\/diario\/wp-json\/wp\/v2\/posts\/30887325","targetHints":{"allow":["GET"]}}],"collection":[{"href":"https:\/\/www.upo.es\/diario\/wp-json\/wp\/v2\/posts"}],"about":[{"href":"https:\/\/www.upo.es\/diario\/wp-json\/wp\/v2\/types\/post"}],"author":[{"embeddable":true,"href":"https:\/\/www.upo.es\/diario\/wp-json\/wp\/v2\/users\/2"}],"replies":[{"embeddable":true,"href":"https:\/\/www.upo.es\/diario\/wp-json\/wp\/v2\/comments?post=30887325"}],"version-history":[{"count":1,"href":"https:\/\/www.upo.es\/diario\/wp-json\/wp\/v2\/posts\/30887325\/revisions"}],"predecessor-version":[{"id":30887326,"href":"https:\/\/www.upo.es\/diario\/wp-json\/wp\/v2\/posts\/30887325\/revisions\/30887326"}],"wp:featuredmedia":[{"embeddable":true,"href":"https:\/\/www.upo.es\/diario\/wp-json\/wp\/v2\/media\/30887322"}],"wp:attachment":[{"href":"https:\/\/www.upo.es\/diario\/wp-json\/wp\/v2\/media?parent=30887325"}],"wp:term":[{"taxonomy":"category","embeddable":true,"href":"https:\/\/www.upo.es\/diario\/wp-json\/wp\/v2\/categories?post=30887325"},{"taxonomy":"post_tag","embeddable":true,"href":"https:\/\/www.upo.es\/diario\/wp-json\/wp\/v2\/tags?post=30887325"}],"curies":[{"name":"wp","href":"https:\/\/api.w.org\/{rel}","templated":true}]}}