{"id":30887335,"date":"2025-06-24T13:44:29","date_gmt":"2025-06-24T11:44:29","guid":{"rendered":"https:\/\/www.upo.es\/diario\/?p=30887335"},"modified":"2025-07-02T10:56:52","modified_gmt":"2025-07-02T08:56:52","slug":"francisco-oliva-en-la-defensa-del-orgullo-esta-la-defensa-de-los-derechos-humanos","status":"publish","type":"post","link":"https:\/\/www.upo.es\/diario\/institucional\/2025\/06\/francisco-oliva-en-la-defensa-del-orgullo-esta-la-defensa-de-los-derechos-humanos\/","title":{"rendered":"Francisco Oliva: \u00abEn la defensa del Orgullo est\u00e1 la defensa de los derechos humanos\u00bb"},"content":{"rendered":"<figure id=\"attachment_30887340\" aria-describedby=\"caption-attachment-30887340\" style=\"width: 750px\" class=\"wp-caption aligncenter\"><a href=\"https:\/\/www.upo.es\/diario\/wp-content\/uploads\/2025\/06\/24062025-28J_Banco-Arco-Iris-8061-scaled.jpg\"><img loading=\"lazy\" decoding=\"async\" class=\"wp-image-30887340 size-large\" src=\"https:\/\/www.upo.es\/diario\/wp-content\/uploads\/2025\/06\/24062025-28J_Banco-Arco-Iris-8061-750x500.jpg\" alt=\"Francisco Oliva y M\u00f3nica Dom\u00ednguez\" width=\"750\" height=\"500\" srcset=\"https:\/\/www.upo.es\/diario\/wp-content\/uploads\/2025\/06\/24062025-28J_Banco-Arco-Iris-8061-750x500.jpg 750w, https:\/\/www.upo.es\/diario\/wp-content\/uploads\/2025\/06\/24062025-28J_Banco-Arco-Iris-8061-420x280.jpg 420w, https:\/\/www.upo.es\/diario\/wp-content\/uploads\/2025\/06\/24062025-28J_Banco-Arco-Iris-8061-768x512.jpg 768w, https:\/\/www.upo.es\/diario\/wp-content\/uploads\/2025\/06\/24062025-28J_Banco-Arco-Iris-8061-1536x1024.jpg 1536w, https:\/\/www.upo.es\/diario\/wp-content\/uploads\/2025\/06\/24062025-28J_Banco-Arco-Iris-8061-2048x1365.jpg 2048w, https:\/\/www.upo.es\/diario\/wp-content\/uploads\/2025\/06\/24062025-28J_Banco-Arco-Iris-8061-165x109.jpg 165w, https:\/\/www.upo.es\/diario\/wp-content\/uploads\/2025\/06\/24062025-28J_Banco-Arco-Iris-8061-1320x880.jpg 1320w\" sizes=\"auto, (max-width: 750px) 100vw, 750px\" \/><\/a><figcaption id=\"caption-attachment-30887340\" class=\"wp-caption-text\">Francisco Oliva y M\u00f3nica Dom\u00ednguez<\/figcaption><\/figure>\n<p><strong>\u2018Por una sociedad donde las personas podamos ser quienes somos\u2019<\/strong>, es el lema que puede leerse en los dos bancos arco\u00edris que desde esta ma\u00f1ana visibilizan que la Olavide \u00abes una Universidad \u00e9tica y pol\u00edticamente comprometida con la igualdad\u00bb. As\u00ed lo ha subrayado el rector, <strong>Francisco Oliva, que ha inaugurado esta ma\u00f1ana el primero de los dos bancos arco\u00edris del campus, situado al inicio del Pasaje de la Ilustraci\u00f3n. El segundo se encuentra frente a la Biblioteca\/CRAI<\/strong>.<\/p>\n<p>A trav\u00e9s de estos dos bancos la Universidad \u00abhace una declaraci\u00f3n p\u00fablica al respeto, a la diversidad, a la libertad y a la forma que cada persona tenga de entender su propia vida, su identidad y su libertad\u00bb, ha continuado el rector, que ha destacado el <a href=\"https:\/\/www.upo.es\/oficinaparalaigualdad\/plan-de-igualdad\/\">III Plan Estrat\u00e9gico para la Igualdad<\/a> de la Universidad, el acuerdo con la Fundaci\u00f3n Manolita Chen, la C\u00e1tedra Pasaje Bego\u00f1a o el <a href=\"https:\/\/www.upo.es\/diario\/institucional\/2024\/09\/la-upo-actualiza-su-protocolo-para-el-cambio-de-nombre-de-las-personas-trans-e-intersexuales\/\">Protocolo para el cambio de nombre e identidad sexual y\/o de g\u00e9nero<\/a>, entre las \u00faltimas medidas llevadas a cabo por los derechos LGTBIQ+ en la Pablo de Olavide. \u00abY vamos a seguir trabajando, porque entendemos que la igualdad, la inclusi\u00f3n, tienen que ser transversales en toda la Universidad, en la docencia, en la investigaci\u00f3n, en el d\u00eda a d\u00eda de nuestro trabajo, porque los derechos humanos y el respeto a la diversidad no son negociables, es una cuesti\u00f3n de principios fundamentales\u00bb.<\/p>\n<p><strong>M\u00f3nica Dom\u00ednguez<\/strong>, delegada del rector para la Igualdad de G\u00e9nero de la Universidad, ha incidido en la importancia del respeto por la diversidad afectivo sexual y de g\u00e9nero: \u00abDe manera especial, en este mes, nos tomamos un tiempo para visibilizar y reivindicar los derechos del colectivo LGTBIQ+. Este a\u00f1o es especialmente significativo porque inauguramos dos bancos arco\u00edris como s\u00edmbolo de nuestro compromiso con la diversidad y la inclusi\u00f3n. Seguimos trabajando por una universidad libre de discriminaci\u00f3n y orgullosa de su pluralidad\u00bb.<\/p>\n<p>El acto de inauguraci\u00f3n ha contado con la participaci\u00f3n de <strong>Diego Franco Laguna<\/strong>, representante de La Escalera Teatro, aula de artes esc\u00e9nicas de la Universidad Pablo de Olavide, que ha le\u00eddo varios poemas sobre el respeto a la diversidad.<\/p>\n<figure id=\"attachment_30887337\" aria-describedby=\"caption-attachment-30887337\" style=\"width: 420px\" class=\"wp-caption alignright\"><a href=\"https:\/\/www.upo.es\/diario\/wp-content\/uploads\/2025\/06\/24062025-28J_Banco-Arco-Iris-8157-scaled.jpg\"><img loading=\"lazy\" decoding=\"async\" class=\"size-medium wp-image-30887337\" src=\"https:\/\/www.upo.es\/diario\/wp-content\/uploads\/2025\/06\/24062025-28J_Banco-Arco-Iris-8157-420x280.jpg\" alt=\"Manuela Soborido\" width=\"420\" height=\"280\" srcset=\"https:\/\/www.upo.es\/diario\/wp-content\/uploads\/2025\/06\/24062025-28J_Banco-Arco-Iris-8157-420x280.jpg 420w, https:\/\/www.upo.es\/diario\/wp-content\/uploads\/2025\/06\/24062025-28J_Banco-Arco-Iris-8157-750x500.jpg 750w, https:\/\/www.upo.es\/diario\/wp-content\/uploads\/2025\/06\/24062025-28J_Banco-Arco-Iris-8157-768x512.jpg 768w, https:\/\/www.upo.es\/diario\/wp-content\/uploads\/2025\/06\/24062025-28J_Banco-Arco-Iris-8157-1536x1024.jpg 1536w, https:\/\/www.upo.es\/diario\/wp-content\/uploads\/2025\/06\/24062025-28J_Banco-Arco-Iris-8157-2048x1365.jpg 2048w, https:\/\/www.upo.es\/diario\/wp-content\/uploads\/2025\/06\/24062025-28J_Banco-Arco-Iris-8157-165x109.jpg 165w, https:\/\/www.upo.es\/diario\/wp-content\/uploads\/2025\/06\/24062025-28J_Banco-Arco-Iris-8157-1320x880.jpg 1320w\" sizes=\"auto, (max-width: 420px) 100vw, 420px\" \/><\/a><figcaption id=\"caption-attachment-30887337\" class=\"wp-caption-text\">Manuela Soborido<\/figcaption><\/figure>\n<p><strong>Manuela Saborido<\/strong>, cuya Fundaci\u00f3n Manolita Chen ha concedido a la Universidad Pablo de Olavide el Premio a la Iniciativa Educativa 2025 \u2014como parte de los reconocimientos que otorga a entidades y personas que construyen igualdad desde la diversidad LGTBIQ+\u2014 ha recordado el motivo por el que impuls\u00f3 la Fundaci\u00f3n. \u00abNo quiero que ning\u00fan chico, ni ninguna chica, sufra como yo sufr\u00ed, y nuestra ayuda es necesaria, lo que es se\u00f1al de que a\u00fan no todo est\u00e1 bien\u00bb, ha declarado.<\/p>\n<p>El campus UPO fue reconocido el pasado mes de marzo como \u2018<a href=\"https:\/\/www.upo.es\/diario\/institucional\/2025\/03\/la-universidad-pablo-de-olavide-reconocida-como-espacio-libre-de-lgtbifobia\/\">Espacio Libre de LGTBifobia\u2019<\/a> por la Consejer\u00eda de Inclusi\u00f3n Social, Juventud, Familias e Igualdad de la Junta de Andaluc\u00eda; una acreditaci\u00f3n que reconoce el esfuerzo de la Olavide para que, en su entorno universitario, las personas LGTBI vivan con plena igualdad, respeto, seguridad y libres de todo tipo de discriminaci\u00f3n. Adem\u00e1s, la Pablo de Olavide forma parte de la Red de Universidades por la Diversidad (RUD), organizaci\u00f3n que re\u00fane a 44 campus espa\u00f1oles con el objetivo de compartir conocimientos, buenas pr\u00e1cticas y recursos para superar los obst\u00e1culos que dificultan la igualdad de trato en los espacios de educaci\u00f3n superior. \u2018<a href=\"https:\/\/red-de-universidades-por-la-diversidad.webnode.es\/l\/es-manifiesto-rud-2025\/\">Por unas universidades visibles, vivas, valientes y comprometidas con la paz<\/a>\u2019, es el manifiesto que ha dado a conocer la RUD con motivo del 28J, D\u00eda Internacional del Orgullo LGTBIQ+.<\/p>\n<p>El coordinador de la RUD, Antonio Zayas, y su secretario, Julen Zabala, participar\u00e1n este jueves en <a href=\"https:\/\/radiolavide.org\/\">RadiOlavide<\/a>, emisora universitaria del campus, con motivo del 28J: \u2018Orgullo en la UPO: avances, desaf\u00edos y realidades en las universidades. El trabajo de la Red de Universidades por la Diversidad\u2019, un programa especial organizado por la Oficina para la Igualdad de la Universidad y conducido por Candelaria Terce\u00f1o, profesora de Derechos Humanos e Igualdad de la Pablo de Olavide.<\/p>\n<p><a href=\"https:\/\/www.upo.es\/diario\/wp-content\/uploads\/2025\/06\/24062025-28J_Banco-Arco-Iris-8176-scaled.jpg\"><img loading=\"lazy\" decoding=\"async\" class=\"aligncenter size-large wp-image-30887338\" src=\"https:\/\/www.upo.es\/diario\/wp-content\/uploads\/2025\/06\/24062025-28J_Banco-Arco-Iris-8176-750x500.jpg\" alt=\"\" width=\"750\" height=\"500\" srcset=\"https:\/\/www.upo.es\/diario\/wp-content\/uploads\/2025\/06\/24062025-28J_Banco-Arco-Iris-8176-750x500.jpg 750w, https:\/\/www.upo.es\/diario\/wp-content\/uploads\/2025\/06\/24062025-28J_Banco-Arco-Iris-8176-420x280.jpg 420w, https:\/\/www.upo.es\/diario\/wp-content\/uploads\/2025\/06\/24062025-28J_Banco-Arco-Iris-8176-768x512.jpg 768w, https:\/\/www.upo.es\/diario\/wp-content\/uploads\/2025\/06\/24062025-28J_Banco-Arco-Iris-8176-1536x1024.jpg 1536w, https:\/\/www.upo.es\/diario\/wp-content\/uploads\/2025\/06\/24062025-28J_Banco-Arco-Iris-8176-2048x1365.jpg 2048w, https:\/\/www.upo.es\/diario\/wp-content\/uploads\/2025\/06\/24062025-28J_Banco-Arco-Iris-8176-165x109.jpg 165w, https:\/\/www.upo.es\/diario\/wp-content\/uploads\/2025\/06\/24062025-28J_Banco-Arco-Iris-8176-1320x880.jpg 1320w\" sizes=\"auto, (max-width: 750px) 100vw, 750px\" \/><\/a><\/p>\n<p>M\u00e1s informaci\u00f3n sobre las actividades de la Universidad con motivo del 28J en <a href=\"http:\/\/www.upo.es\/oficinaparalaigualdad\/diversidad-afectivo-sexual-y-de-genero\/\">www.upo.es\/oficinaparalaigualdad\/diversidad-afectivo-sexual-y-de-genero<\/a><\/p>\n<p>&nbsp;<\/p>\n","protected":false},"excerpt":{"rendered":"<p>\u2018Por una sociedad donde las personas podamos ser quienes somos\u2019, es el lema que puede leerse en los dos bancos arco\u00edris que desde esta ma\u00f1ana visibilizan que la Olavide \u00abes una Universidad \u00e9tica y pol\u00edticamente comprometida con la igualdad\u00bb. As\u00ed lo ha subrayado el rector, Francisco Oliva, que ha inaugurado esta ma\u00f1ana el primero de los dos bancos arco\u00edris del<a class=\"read-more\" href=\"https:\/\/www.upo.es\/diario\/institucional\/2025\/06\/francisco-oliva-en-la-defensa-del-orgullo-esta-la-defensa-de-los-derechos-humanos\/\">[Read More&#8230;]<\/a><\/p>\n","protected":false},"author":6,"featured_media":30887338,"comment_status":"closed","ping_status":"open","sticky":false,"template":"","format":"standard","meta":{"_monsterinsights_skip_tracking":false,"_monsterinsights_sitenote_active":false,"_monsterinsights_sitenote_note":"","_monsterinsights_sitenote_category":0,"footnotes":""},"categories":[6],"tags":[92,6138,2408,4021,2349,5883,8720,2209],"class_list":["post-30887335","post","type-post","status-publish","format-standard","has-post-thumbnail","hentry","category-institucional","tag-derechos-humanos","tag-derechos-lgtbi","tag-diversidad","tag-francisco-oliva-blazquez","tag-genero-e-igualdad","tag-igualdad-de-genero","tag-monica-dominguez-serrano","tag-oficina-para-la-igualdad"],"_links":{"self":[{"href":"https:\/\/www.upo.es\/diario\/wp-json\/wp\/v2\/posts\/30887335","targetHints":{"allow":["GET"]}}],"collection":[{"href":"https:\/\/www.upo.es\/diario\/wp-json\/wp\/v2\/posts"}],"about":[{"href":"https:\/\/www.upo.es\/diario\/wp-json\/wp\/v2\/types\/post"}],"author":[{"embeddable":true,"href":"https:\/\/www.upo.es\/diario\/wp-json\/wp\/v2\/users\/6"}],"replies":[{"embeddable":true,"href":"https:\/\/www.upo.es\/diario\/wp-json\/wp\/v2\/comments?post=30887335"}],"version-history":[{"count":3,"href":"https:\/\/www.upo.es\/diario\/wp-json\/wp\/v2\/posts\/30887335\/revisions"}],"predecessor-version":[{"id":30887342,"href":"https:\/\/www.upo.es\/diario\/wp-json\/wp\/v2\/posts\/30887335\/revisions\/30887342"}],"wp:featuredmedia":[{"embeddable":true,"href":"https:\/\/www.upo.es\/diario\/wp-json\/wp\/v2\/media\/30887338"}],"wp:attachment":[{"href":"https:\/\/www.upo.es\/diario\/wp-json\/wp\/v2\/media?parent=30887335"}],"wp:term":[{"taxonomy":"category","embeddable":true,"href":"https:\/\/www.upo.es\/diario\/wp-json\/wp\/v2\/categories?post=30887335"},{"taxonomy":"post_tag","embeddable":true,"href":"https:\/\/www.upo.es\/diario\/wp-json\/wp\/v2\/tags?post=30887335"}],"curies":[{"name":"wp","href":"https:\/\/api.w.org\/{rel}","templated":true}]}}