{"id":30887344,"date":"2025-06-25T13:02:47","date_gmt":"2025-06-25T11:02:47","guid":{"rendered":"https:\/\/www.upo.es\/diario\/?p=30887344"},"modified":"2025-06-27T15:01:39","modified_gmt":"2025-06-27T13:01:39","slug":"fase-final-proyecto-conect-sevilla-reune-colectivos-urbanos-compartir-aprendizajes","status":"publish","type":"post","link":"https:\/\/www.upo.es\/diario\/docencia-formacion\/2025\/06\/fase-final-proyecto-conect-sevilla-reune-colectivos-urbanos-compartir-aprendizajes\/","title":{"rendered":"La fase final del Proyecto CoNECT en Sevilla re\u00fane a colectivos urbanos para compartir aprendizajes"},"content":{"rendered":"<p><a href=\"https:\/\/www.upo.es\/diario\/wp-content\/uploads\/2025\/06\/proyecto_coNECT01b.jpg\"><img loading=\"lazy\" decoding=\"async\" class=\"aligncenter size-large wp-image-30887350\" src=\"https:\/\/www.upo.es\/diario\/wp-content\/uploads\/2025\/06\/proyecto_coNECT01b-575x525.jpg\" alt=\"\" width=\"575\" height=\"525\" srcset=\"https:\/\/www.upo.es\/diario\/wp-content\/uploads\/2025\/06\/proyecto_coNECT01b-575x525.jpg 575w, https:\/\/www.upo.es\/diario\/wp-content\/uploads\/2025\/06\/proyecto_coNECT01b-420x384.jpg 420w, https:\/\/www.upo.es\/diario\/wp-content\/uploads\/2025\/06\/proyecto_coNECT01b-768x701.jpg 768w, https:\/\/www.upo.es\/diario\/wp-content\/uploads\/2025\/06\/proyecto_coNECT01b.jpg 1200w\" sizes=\"auto, (max-width: 575px) 100vw, 575px\" \/><\/a><\/p>\n<p>El <strong>proyecto europeo CoNECT<\/strong> (<em>Collective Networks for Everyday Community Resilience and Ecological Transition<\/em>), que durante los \u00faltimos cuatro a\u00f1os ha investigado procesos de resiliencia comunitaria en distintas ciudades europeas, celebra esta semana en Sevilla su <strong>fase final con iniciativas locales<\/strong>. Coordinado en Espa\u00f1a por la profesora <strong>Marian P\u00e9rez Bernal<\/strong> desde la Universidad Pablo de Olavide, el equipo nacional ha centrado su trabajo en experiencias desarrolladas en diferentes barrios de la ciudad.<\/p>\n<p><a href=\"https:\/\/www.upo.es\/diario\/wp-content\/uploads\/2025\/06\/proyecto_coNECT02.jpeg\"><img loading=\"lazy\" decoding=\"async\" class=\"alignright size-medium wp-image-30887345\" src=\"https:\/\/www.upo.es\/diario\/wp-content\/uploads\/2025\/06\/proyecto_coNECT02-420x315.jpeg\" alt=\"\" width=\"420\" height=\"315\" \/><\/a>En esta fase final, el grupo ha organizado <strong>dos mesas redondas<\/strong> para compartir con las iniciativas participantes las conclusiones tentativas del proyecto. Estas sesiones suponen un espacio de intercambio entre ciudadan\u00eda, academia y tejido social, en l\u00ednea con los objetivos del proyecto: fortalecer redes de acci\u00f3n colectiva y fomentar pr\u00e1cticas cotidianas de resiliencia con perspectiva de transici\u00f3n ecol\u00f3gica.<\/p>\n<p>Esta ma\u00f1ana se ha celebrado la <strong>Sesi\u00f3n I<\/strong>, titulada <strong>\u2018Ecolog\u00eda de saberes, reconocimientos y producciones\u2019<\/strong>, con la participaci\u00f3n de las iniciativas Huertos de San Jer\u00f3nimo, Mercado de la Ilustraci\u00f3n, Torreblanca Ilumina y Cotidiana, que han compartido su experiencia. As\u00ed, han estado presentes Luis Villagarc\u00eda Saiz y Mar\u00eda Jos\u00e9 Molina Ram\u00edrez (El Mercado de la Ilustraci\u00f3n Cei Cambio), Mar\u00eda P\u00e9rez Mediavilla (Torreblanca Ilumina), Fernando Manero (Son Energ\u00eda), Cristina Alba P\u00e9rez-Rend\u00f3n (Cotidiana) y los investigadores de la UPO y miembros del proyecto Antonio Garc\u00eda Garc\u00eda, Jos\u00e9 Torres Guti\u00e9rrez, Manuel Calvo y Marian P\u00e9rez Bernal.<\/p>\n<p>La <strong>Sesi\u00f3n II<\/strong>, <strong>\u2018Recuperando lugares, tejiendo vecindades\u2019<\/strong>, tendr\u00e1 lugar ma\u00f1ana jueves 26 de junio a las 19:00 horas en el Huerto de Miraflores (La Albarrana, Parque de Miraflores). Esta segunda jornada pondr\u00e1 el foco en los v\u00ednculos entre espacios recuperados y redes vecinales, con la participaci\u00f3n de la Asociaci\u00f3n de Vecinos Parque Estoril, Huertos del Rey Moro, Mercado de la Ilustraci\u00f3n, Torreblanca Verde y el Huerto de Miraflores.<\/p>\n<p><a href=\"https:\/\/www.upo.es\/diario\/wp-content\/uploads\/2025\/06\/WhatsApp-Image-2025-06-20-at-10.01.35.jpeg\"><img loading=\"lazy\" decoding=\"async\" class=\"alignleft size-medium wp-image-30887347\" src=\"https:\/\/www.upo.es\/diario\/wp-content\/uploads\/2025\/06\/WhatsApp-Image-2025-06-20-at-10.01.35-420x420.jpeg\" alt=\"\" width=\"420\" height=\"420\" srcset=\"https:\/\/www.upo.es\/diario\/wp-content\/uploads\/2025\/06\/WhatsApp-Image-2025-06-20-at-10.01.35-420x420.jpeg 420w, https:\/\/www.upo.es\/diario\/wp-content\/uploads\/2025\/06\/WhatsApp-Image-2025-06-20-at-10.01.35-525x525.jpeg 525w, https:\/\/www.upo.es\/diario\/wp-content\/uploads\/2025\/06\/WhatsApp-Image-2025-06-20-at-10.01.35-300x300.jpeg 300w, https:\/\/www.upo.es\/diario\/wp-content\/uploads\/2025\/06\/WhatsApp-Image-2025-06-20-at-10.01.35-768x768.jpeg 768w, https:\/\/www.upo.es\/diario\/wp-content\/uploads\/2025\/06\/WhatsApp-Image-2025-06-20-at-10.01.35.jpeg 1080w\" sizes=\"auto, (max-width: 420px) 100vw, 420px\" \/><\/a>Adem\u00e1s, como actividad complementaria, el s\u00e1bado 28 de junio a las 9:30 horas, tambi\u00e9n en el Huerto de Miraflores, la profesora <strong>Mar\u00eda de la Monta\u00f1a Dur\u00e1n Barrantes<\/strong>, del Departamento de Ingenier\u00eda Qu\u00edmica de la Universidad de Sevilla, ofrecer\u00e1 la charla <strong>\u2018Tratamientos de estabilizaci\u00f3n de alimentos vegetales: de la tradici\u00f3n a la vanguardia\u2019<\/strong>. En ella abordar\u00e1 las causas de deterioro de los vegetales, los m\u00e9todos de estabilizaci\u00f3n (desde t\u00e9cnicas tradicionales hasta tecnolog\u00edas emergentes) y su contribuci\u00f3n a la sostenibilidad y reducci\u00f3n del desperdicio alimentario.<\/p>\n<h3><strong>Activismo urbano para una ciudadan\u00eda comprometida<\/strong><\/h3>\n<p>El proyecto CoNECT (referencia F-ENUTC-2021-0270) forma parte de una convocatoria internacional de I+D+i financiada por el Ministerio de Ciencia e Innovaci\u00f3n y por la Uni\u00f3n Europea a trav\u00e9s del Plan de Recuperaci\u00f3n, Transformaci\u00f3n y Resiliencia. A lo largo de estos a\u00f1os ha analizado, desde una perspectiva interdisciplinar, <strong>redes urbanas activas <\/strong>en<strong> Pa\u00edses Bajos, Ruman\u00eda, Suecia, Francia y Espa\u00f1a<\/strong>, identificando <strong>aprendizajes transferibles<\/strong> y<strong> f\u00f3rmulas de colaboraci\u00f3n entre investigadores, ciudadan\u00eda, instituciones p\u00fablicas <\/strong>y <strong>entidades privadas<\/strong>.<\/p>\n<p>En el caso espa\u00f1ol, adem\u00e1s de las iniciativas que participan en las mesas redondas, han colaborado con el proyecto colectivos como Salva tus \u00e1rboles, Las Comadres, Fundaci\u00f3n Alal\u00e1 y Nomad Garden.<\/p>\n<p>Seg\u00fan Marian P\u00e9rez Bernal, \u201ciniciativas como las que se estudian en CoNECT colaboran en la creaci\u00f3n de espacios comunitarios que permiten el desarrollo de valores ciudadanos como la responsabilidad colectiva y la solidaridad. Las pr\u00e1cticas de activismo urbano fomentan una <strong>nueva forma de ciudadan\u00eda comprometida<\/strong>. Aunque sea a peque\u00f1a escala, la recuperaci\u00f3n de una plaza, la defensa de unos \u00e1rboles o la creaci\u00f3n de un huerto comunitario son <strong>formas de resistencia frente al individualismo<\/strong> y contribuyen a la creaci\u00f3n de <strong>mundos m\u00e1s justos y sostenibles<\/strong>\u201d.<\/p>\n","protected":false},"excerpt":{"rendered":"<p>El proyecto europeo CoNECT (Collective Networks for Everyday Community Resilience and Ecological Transition), que durante los \u00faltimos cuatro a\u00f1os ha investigado procesos de resiliencia comunitaria en distintas ciudades europeas, celebra esta semana en Sevilla su fase final con iniciativas locales. Coordinado en Espa\u00f1a por la profesora Marian P\u00e9rez Bernal desde la Universidad Pablo de Olavide, el equipo nacional ha centrado su trabajo en experiencias desarrolladas en diferentes barrios de la ciudad.<\/p>\n","protected":false},"author":2,"featured_media":30887349,"comment_status":"closed","ping_status":"open","sticky":false,"template":"","format":"standard","meta":{"_monsterinsights_skip_tracking":false,"_monsterinsights_sitenote_active":false,"_monsterinsights_sitenote_note":"","_monsterinsights_sitenote_category":0,"footnotes":""},"categories":[2779],"tags":[3585,458,9230,194,613,9229,9231],"class_list":["post-30887344","post","type-post","status-publish","format-standard","has-post-thumbnail","hentry","category-docencia-formacion","tag-activismo","tag-ciudadania","tag-conect","tag-ecologia","tag-justicia","tag-proyecto-conect","tag-resiliencia-comunitaria"],"_links":{"self":[{"href":"https:\/\/www.upo.es\/diario\/wp-json\/wp\/v2\/posts\/30887344","targetHints":{"allow":["GET"]}}],"collection":[{"href":"https:\/\/www.upo.es\/diario\/wp-json\/wp\/v2\/posts"}],"about":[{"href":"https:\/\/www.upo.es\/diario\/wp-json\/wp\/v2\/types\/post"}],"author":[{"embeddable":true,"href":"https:\/\/www.upo.es\/diario\/wp-json\/wp\/v2\/users\/2"}],"replies":[{"embeddable":true,"href":"https:\/\/www.upo.es\/diario\/wp-json\/wp\/v2\/comments?post=30887344"}],"version-history":[{"count":3,"href":"https:\/\/www.upo.es\/diario\/wp-json\/wp\/v2\/posts\/30887344\/revisions"}],"predecessor-version":[{"id":30887360,"href":"https:\/\/www.upo.es\/diario\/wp-json\/wp\/v2\/posts\/30887344\/revisions\/30887360"}],"wp:featuredmedia":[{"embeddable":true,"href":"https:\/\/www.upo.es\/diario\/wp-json\/wp\/v2\/media\/30887349"}],"wp:attachment":[{"href":"https:\/\/www.upo.es\/diario\/wp-json\/wp\/v2\/media?parent=30887344"}],"wp:term":[{"taxonomy":"category","embeddable":true,"href":"https:\/\/www.upo.es\/diario\/wp-json\/wp\/v2\/categories?post=30887344"},{"taxonomy":"post_tag","embeddable":true,"href":"https:\/\/www.upo.es\/diario\/wp-json\/wp\/v2\/tags?post=30887344"}],"curies":[{"name":"wp","href":"https:\/\/api.w.org\/{rel}","templated":true}]}}