{"id":30887368,"date":"2025-06-26T13:34:43","date_gmt":"2025-06-26T11:34:43","guid":{"rendered":"https:\/\/www.upo.es\/diario\/?p=30887368"},"modified":"2025-06-26T13:34:43","modified_gmt":"2025-06-26T11:34:43","slug":"ivan-arguijo-estudiante-de-derecho-en-la-upo-seleccionado-para-la-academia-ey-voice-2025","status":"publish","type":"post","link":"https:\/\/www.upo.es\/diario\/comunidad\/2025\/06\/ivan-arguijo-estudiante-de-derecho-en-la-upo-seleccionado-para-la-academia-ey-voice-2025\/","title":{"rendered":"Iv\u00e1n Arguijo, estudiante de Derecho en la UPO, seleccionado para la academia EY VOICE 2025"},"content":{"rendered":"<figure id=\"attachment_30887393\" aria-describedby=\"caption-attachment-30887393\" style=\"width: 750px\" class=\"wp-caption aligncenter\"><img loading=\"lazy\" decoding=\"async\" class=\"size-large wp-image-30887393\" src=\"https:\/\/www.upo.es\/diario\/wp-content\/uploads\/2025\/06\/ivan-arguijo-750x499.jpg\" alt=\"Iv\u00e1n Arguijo, estudiante de la Facultad de Derecho\" width=\"750\" height=\"499\" srcset=\"https:\/\/www.upo.es\/diario\/wp-content\/uploads\/2025\/06\/ivan-arguijo-750x499.jpg 750w, https:\/\/www.upo.es\/diario\/wp-content\/uploads\/2025\/06\/ivan-arguijo-420x279.jpg 420w, https:\/\/www.upo.es\/diario\/wp-content\/uploads\/2025\/06\/ivan-arguijo-165x109.jpg 165w, https:\/\/www.upo.es\/diario\/wp-content\/uploads\/2025\/06\/ivan-arguijo.jpg 768w\" sizes=\"auto, (max-width: 750px) 100vw, 750px\" \/><figcaption id=\"caption-attachment-30887393\" class=\"wp-caption-text\">Iv\u00e1n Arguijo asistir\u00e1 a la academia EY Voice en la Universidad de Alcal\u00e1<\/figcaption><\/figure>\n<p>Una veintena de estudiantes de doce campus de toda Espa\u00f1a asistir\u00e1n desde el pr\u00f3ximo lunes a la academia de oratoria <a href=\"https:\/\/ledu.es\/proyectos\/ey-voice\/\">EY Voice 2025<\/a>, <strong>una iniciativa de la Liga Espa\u00f1ola de Debate Universitario y de EY<\/strong>, firma internacional de auditor\u00eda, consultor\u00eda y asesoramiento fiscal y legal. Iv\u00e1n Arguijo, estudiante de cuarto del Grado en Derecho de la Universidad Pablo de Olavide ha sido seleccionado para participar en una formaci\u00f3n que le permitir\u00e1 mejorar sus conocimientos a la hora de construir un discurso y las claves de la persuasi\u00f3n.<\/p>\n<p>Durante una semana, del 30 de junio al 4 de julio, estudiar\u00e1n y convivir\u00e1n becados por EY Voice en la <strong>Universidad de Alcal\u00e1 de Henares<\/strong>, que acreditar\u00e1 la formaci\u00f3n recibida con 1,5 ECTS. Para esta quinta edici\u00f3n fueron preseleccionados 70 perfiles de los que, tras defender en una entrevista <em>online<\/em> su postura a favor o en contra sobre si se debe o no introducir la IA en aulas a edades tempranas, fueron seleccionados 20 estudiantes que acudir\u00e1n a la academia EY Voice.<\/p>\n<p><strong>El viernes 4 de julio tendr\u00e1 lugar una prueba final en la sede de EY<\/strong>;\u00a0 un duelo ret\u00f3rico con el mismo tema en el que participar\u00e1n diez estudiantes, elegidos durante las pruebas y ejercicios pr\u00e1cticos que se llevar\u00e1n a cabo durante toda la semana.<\/p>\n<p>Iv\u00e1n Arguijo tiene claro que la comunicaci\u00f3n es una competencia esencial que tiene cabida en todas las ramas de conocimiento. \u00abConoc\u00ed la iniciativa porque me apasiona el debate y la comunicaci\u00f3n como habilidad transversal y clave para el futuro, y suelo participar en torneos de debate. Estudio Derecho y adem\u00e1s EY me parece un referente, por lo que por esa parte no me lo pens\u00e9\u00bb. Iv\u00e1n ha sido seleccionado para participar en el <a href=\"https:\/\/ledu.es\/melilla-proximo-destino-del-mundial-de-oratoria-2025\/\">Mundial de Oratoria en Espa\u00f1ol<\/a>, que se celebrar\u00e1 en Melilla organizado por Liga Espa\u00f1ola de Debate Universitario (Ledu).<\/p>\n","protected":false},"excerpt":{"rendered":"<p>Una veintena de estudiantes de doce campus de toda Espa\u00f1a asistir\u00e1n desde el pr\u00f3ximo lunes a la academia de oratoria EY Voice 2025, una iniciativa de la Liga Espa\u00f1ola de Debate Universitario y de EY, firma internacional de auditor\u00eda, consultor\u00eda y asesoramiento fiscal y legal. Iv\u00e1n Arguijo, estudiante de cuarto del Grado en Derecho de la Universidad Pablo de Olavide ha sido seleccionado para participar en una formaci\u00f3n que le permitir\u00e1 mejorar sus conocimientos a la hora de construir un discurso y las claves de la persuasi\u00f3n.<\/p>\n","protected":false},"author":6,"featured_media":30887393,"comment_status":"closed","ping_status":"open","sticky":false,"template":"","format":"standard","meta":{"_monsterinsights_skip_tracking":false,"_monsterinsights_sitenote_active":false,"_monsterinsights_sitenote_note":"","_monsterinsights_sitenote_category":0,"footnotes":""},"categories":[5842],"tags":[350,59,662,839,1366,2654],"class_list":["post-30887368","post","type-post","status-publish","format-standard","has-post-thumbnail","hentry","category-comunidad","tag-comunicacion","tag-concurso","tag-debate","tag-estudiante","tag-grado-en-derecho","tag-oratoria"],"_links":{"self":[{"href":"https:\/\/www.upo.es\/diario\/wp-json\/wp\/v2\/posts\/30887368","targetHints":{"allow":["GET"]}}],"collection":[{"href":"https:\/\/www.upo.es\/diario\/wp-json\/wp\/v2\/posts"}],"about":[{"href":"https:\/\/www.upo.es\/diario\/wp-json\/wp\/v2\/types\/post"}],"author":[{"embeddable":true,"href":"https:\/\/www.upo.es\/diario\/wp-json\/wp\/v2\/users\/6"}],"replies":[{"embeddable":true,"href":"https:\/\/www.upo.es\/diario\/wp-json\/wp\/v2\/comments?post=30887368"}],"version-history":[{"count":9,"href":"https:\/\/www.upo.es\/diario\/wp-json\/wp\/v2\/posts\/30887368\/revisions"}],"predecessor-version":[{"id":30887396,"href":"https:\/\/www.upo.es\/diario\/wp-json\/wp\/v2\/posts\/30887368\/revisions\/30887396"}],"wp:featuredmedia":[{"embeddable":true,"href":"https:\/\/www.upo.es\/diario\/wp-json\/wp\/v2\/media\/30887393"}],"wp:attachment":[{"href":"https:\/\/www.upo.es\/diario\/wp-json\/wp\/v2\/media?parent=30887368"}],"wp:term":[{"taxonomy":"category","embeddable":true,"href":"https:\/\/www.upo.es\/diario\/wp-json\/wp\/v2\/categories?post=30887368"},{"taxonomy":"post_tag","embeddable":true,"href":"https:\/\/www.upo.es\/diario\/wp-json\/wp\/v2\/tags?post=30887368"}],"curies":[{"name":"wp","href":"https:\/\/api.w.org\/{rel}","templated":true}]}}