{"id":30887404,"date":"2025-06-27T09:21:43","date_gmt":"2025-06-27T07:21:43","guid":{"rendered":"https:\/\/www.upo.es\/diario\/?p=30887404"},"modified":"2025-06-27T15:04:41","modified_gmt":"2025-06-27T13:04:41","slug":"la-catedratica-de-sociologia-maria-angeles-duran-amadrina-la-graduacion-de-sociologia-y-sus-dobles-grados","status":"publish","type":"post","link":"https:\/\/www.upo.es\/diario\/comunidad\/2025\/06\/la-catedratica-de-sociologia-maria-angeles-duran-amadrina-la-graduacion-de-sociologia-y-sus-dobles-grados\/","title":{"rendered":"La catedr\u00e1tica de Sociolog\u00eda Mar\u00eda \u00c1ngeles Dur\u00e1n amadrina la Graduaci\u00f3n de Sociolog\u00eda y sus dobles grados"},"content":{"rendered":"<figure id=\"attachment_30887409\" aria-describedby=\"caption-attachment-30887409\" style=\"width: 750px\" class=\"wp-caption aligncenter\"><a href=\"https:\/\/www.upo.es\/diario\/wp-content\/uploads\/2025\/06\/Soc_CCPP-TS-18-scaled.jpeg\"><img loading=\"lazy\" decoding=\"async\" class=\"wp-image-30887409 size-large\" src=\"https:\/\/www.upo.es\/diario\/wp-content\/uploads\/2025\/06\/Soc_CCPP-TS-18-750x422.jpeg\" alt=\"\" width=\"750\" height=\"422\" srcset=\"https:\/\/www.upo.es\/diario\/wp-content\/uploads\/2025\/06\/Soc_CCPP-TS-18-750x422.jpeg 750w, https:\/\/www.upo.es\/diario\/wp-content\/uploads\/2025\/06\/Soc_CCPP-TS-18-420x237.jpeg 420w, https:\/\/www.upo.es\/diario\/wp-content\/uploads\/2025\/06\/Soc_CCPP-TS-18-768x432.jpeg 768w, https:\/\/www.upo.es\/diario\/wp-content\/uploads\/2025\/06\/Soc_CCPP-TS-18-1536x865.jpeg 1536w, https:\/\/www.upo.es\/diario\/wp-content\/uploads\/2025\/06\/Soc_CCPP-TS-18-2048x1153.jpeg 2048w, https:\/\/www.upo.es\/diario\/wp-content\/uploads\/2025\/06\/Soc_CCPP-TS-18-1320x743.jpeg 1320w\" sizes=\"auto, (max-width: 750px) 100vw, 750px\" \/><\/a><figcaption id=\"caption-attachment-30887409\" class=\"wp-caption-text\">Promoci\u00f3n 2021\/2025 del Grado en Sociolog\u00eda<\/figcaption><\/figure>\n<p>La ceremonia de egresados y egresadas de la <strong>promoci\u00f3n 2021\/2025 del Grado en Sociolog\u00eda<\/strong> y las <strong>promociones 2020\/2025 del Doble Grado en Sociolog\u00eda y Ciencias Pol\u00edticas y de la Administraci\u00f3n y del Doble Grado en Sociolog\u00eda y Trabajo Social<\/strong> se celebr\u00f3 ayer jueves en el Paraninfo de la Universidad Pablo de Olavide. El acto fue presidido por Juan Miguel G\u00f3mez Espino, decano de la Facultad de Ciencias Sociales.<\/p>\n<figure id=\"attachment_30887412\" aria-describedby=\"caption-attachment-30887412\" style=\"width: 420px\" class=\"wp-caption alignright\"><a href=\"https:\/\/www.upo.es\/diario\/wp-content\/uploads\/2025\/06\/Soc-CCPP-TS-26-scaled.jpeg\"><img loading=\"lazy\" decoding=\"async\" class=\"wp-image-30887412 size-medium\" src=\"https:\/\/www.upo.es\/diario\/wp-content\/uploads\/2025\/06\/Soc-CCPP-TS-26-420x237.jpeg\" alt=\"\" width=\"420\" height=\"237\" srcset=\"https:\/\/www.upo.es\/diario\/wp-content\/uploads\/2025\/06\/Soc-CCPP-TS-26-420x237.jpeg 420w, https:\/\/www.upo.es\/diario\/wp-content\/uploads\/2025\/06\/Soc-CCPP-TS-26-750x422.jpeg 750w, https:\/\/www.upo.es\/diario\/wp-content\/uploads\/2025\/06\/Soc-CCPP-TS-26-768x432.jpeg 768w, https:\/\/www.upo.es\/diario\/wp-content\/uploads\/2025\/06\/Soc-CCPP-TS-26-1536x865.jpeg 1536w, https:\/\/www.upo.es\/diario\/wp-content\/uploads\/2025\/06\/Soc-CCPP-TS-26-2048x1153.jpeg 2048w, https:\/\/www.upo.es\/diario\/wp-content\/uploads\/2025\/06\/Soc-CCPP-TS-26-1320x743.jpeg 1320w\" sizes=\"auto, (max-width: 420px) 100vw, 420px\" \/><\/a><figcaption id=\"caption-attachment-30887412\" class=\"wp-caption-text\">Promoci\u00f3n 2021\/2025 del Doble Grado en Sociolog\u00eda y Ciencias Pol\u00edticas y de la Administraci\u00f3n<\/figcaption><\/figure>\n<p><strong>La madrina de las promociones fue Mar\u00eda \u00c1ngeles Dur\u00e1n de las Heras, primera catedr\u00e1tica de Sociolog\u00eda en Espa\u00f1a e investigadora <em>ad honorem<\/em> en el CSIC<\/strong>. A la ceremonia tambi\u00e9n asistieron, como profesores predilectos, Rub\u00e9n Mart\u00edn Gimeno y Cristina Mateos Mora del \u00c1rea de Sociolog\u00eda; Gloria Fern\u00e1ndez Arribas, vicedecana de Relaciones Internacionales y Movilidad de la Facultad de Derecho de la UPO; Jos\u00e9 Manuel Echavarren Fern\u00e1ndez, vicedecano de Calidad, Coordinaci\u00f3n Docente y Relaciones Internacionales y Estrella Abolafio Moreno, vicedecana de Pr\u00e1cticas y Empleabilidad, ambos de la Facultad de Ciencias Sociales, e Inmaculada Zambrano \u00c1lvarez, responsable de Calidad del Grado en Sociolog\u00eda.<\/p>\n<p>En representaci\u00f3n del alumnado egresado, pronunciaron los discursos Luz Mar\u00eda Gonz\u00e1lez e Isabel Lillo del Grado en Sociolog\u00eda; Juan Jald\u00f3n del Doble Grado en Sociolog\u00eda y Ciencias Pol\u00edticas y de la Administraci\u00f3n, y Maura L\u00f3pez y Natalia Villalta del Doble Grado en Sociolog\u00eda y Trabajo Social. Un total de 107 egresados y egresadas asistieron, junto a sus familiares, a este acto con el que la Universidad Pablo de Olavide recupera una antigua tradici\u00f3n de las universidades europeas.<\/p>\n<figure id=\"attachment_30887413\" aria-describedby=\"caption-attachment-30887413\" style=\"width: 750px\" class=\"wp-caption aligncenter\"><a href=\"https:\/\/www.upo.es\/diario\/wp-content\/uploads\/2025\/06\/Soc_CCPP-TS-2-scaled.jpeg\"><img loading=\"lazy\" decoding=\"async\" class=\"wp-image-30887413 size-large\" src=\"https:\/\/www.upo.es\/diario\/wp-content\/uploads\/2025\/06\/Soc_CCPP-TS-2-750x422.jpeg\" alt=\"\" width=\"750\" height=\"422\" srcset=\"https:\/\/www.upo.es\/diario\/wp-content\/uploads\/2025\/06\/Soc_CCPP-TS-2-750x422.jpeg 750w, https:\/\/www.upo.es\/diario\/wp-content\/uploads\/2025\/06\/Soc_CCPP-TS-2-420x237.jpeg 420w, https:\/\/www.upo.es\/diario\/wp-content\/uploads\/2025\/06\/Soc_CCPP-TS-2-768x432.jpeg 768w, https:\/\/www.upo.es\/diario\/wp-content\/uploads\/2025\/06\/Soc_CCPP-TS-2-1536x865.jpeg 1536w, https:\/\/www.upo.es\/diario\/wp-content\/uploads\/2025\/06\/Soc_CCPP-TS-2-2048x1153.jpeg 2048w, https:\/\/www.upo.es\/diario\/wp-content\/uploads\/2025\/06\/Soc_CCPP-TS-2-1320x743.jpeg 1320w\" sizes=\"auto, (max-width: 750px) 100vw, 750px\" \/><\/a><figcaption id=\"caption-attachment-30887413\" class=\"wp-caption-text\">Promoci\u00f3n 2020\/2025 del Doble Grado en Sociolog\u00eda y Trabajo Social<\/figcaption><\/figure>\n<p>&nbsp;<\/p>\n<p>&nbsp;<\/p>\n","protected":false},"excerpt":{"rendered":"<p>La ceremonia de egresados y egresadas de la promoci\u00f3n 2021\/2025 del Grado en Sociolog\u00eda y las promociones 2020\/2025 del Doble Grado en Sociolog\u00eda y Ciencias Pol\u00edticas y de la Administraci\u00f3n y del Doble Grado en Sociolog\u00eda y Trabajo Social se celebr\u00f3 en el Paraninfo de la Universidad Pablo de Olavide. El acto fue presidido por Juan Miguel G\u00f3mez Espino, decano de la Facultad de Ciencias Sociales.<\/p>\n","protected":false},"author":4,"featured_media":30887412,"comment_status":"closed","ping_status":"open","sticky":false,"template":"","format":"standard","meta":{"_monsterinsights_skip_tracking":false,"_monsterinsights_sitenote_active":false,"_monsterinsights_sitenote_note":"","_monsterinsights_sitenote_category":0,"footnotes":""},"categories":[5842],"tags":[5074,3460,5960,669,487,81,2461],"class_list":["post-30887404","post","type-post","status-publish","format-standard","has-post-thumbnail","hentry","category-comunidad","tag-ceremonia-de-graduacion","tag-doble-grado-en-sociologia-y-ciencias-politicas-y-de-la-administracion","tag-doble-grado-en-sociologia-y-trabajo-social","tag-egresados","tag-facultad-ciencias-sociales","tag-facultad-de-derecho","tag-grado-en-sociologia"],"_links":{"self":[{"href":"https:\/\/www.upo.es\/diario\/wp-json\/wp\/v2\/posts\/30887404","targetHints":{"allow":["GET"]}}],"collection":[{"href":"https:\/\/www.upo.es\/diario\/wp-json\/wp\/v2\/posts"}],"about":[{"href":"https:\/\/www.upo.es\/diario\/wp-json\/wp\/v2\/types\/post"}],"author":[{"embeddable":true,"href":"https:\/\/www.upo.es\/diario\/wp-json\/wp\/v2\/users\/4"}],"replies":[{"embeddable":true,"href":"https:\/\/www.upo.es\/diario\/wp-json\/wp\/v2\/comments?post=30887404"}],"version-history":[{"count":1,"href":"https:\/\/www.upo.es\/diario\/wp-json\/wp\/v2\/posts\/30887404\/revisions"}],"predecessor-version":[{"id":30887414,"href":"https:\/\/www.upo.es\/diario\/wp-json\/wp\/v2\/posts\/30887404\/revisions\/30887414"}],"wp:featuredmedia":[{"embeddable":true,"href":"https:\/\/www.upo.es\/diario\/wp-json\/wp\/v2\/media\/30887412"}],"wp:attachment":[{"href":"https:\/\/www.upo.es\/diario\/wp-json\/wp\/v2\/media?parent=30887404"}],"wp:term":[{"taxonomy":"category","embeddable":true,"href":"https:\/\/www.upo.es\/diario\/wp-json\/wp\/v2\/categories?post=30887404"},{"taxonomy":"post_tag","embeddable":true,"href":"https:\/\/www.upo.es\/diario\/wp-json\/wp\/v2\/tags?post=30887404"}],"curies":[{"name":"wp","href":"https:\/\/api.w.org\/{rel}","templated":true}]}}