{"id":30887421,"date":"2025-06-27T06:19:08","date_gmt":"2025-06-27T04:19:08","guid":{"rendered":"https:\/\/www.upo.es\/diario\/?p=30887421"},"modified":"2025-06-27T20:28:02","modified_gmt":"2025-06-27T18:28:02","slug":"no-mas-chuches-en-la-escuela-la-importancia-de-la-nueva-normativa-para-el-comedor","status":"publish","type":"post","link":"https:\/\/www.upo.es\/diario\/theconversation\/2025\/06\/no-mas-chuches-en-la-escuela-la-importancia-de-la-nueva-normativa-para-el-comedor\/","title":{"rendered":"No m\u00e1s \u2018chuches\u2019 en la escuela: la importancia de la nueva normativa para el\u00a0comedor"},"content":{"rendered":"<figure id=\"attachment_30887423\" aria-describedby=\"caption-attachment-30887423\" style=\"width: 750px\" class=\"wp-caption aligncenter\"><img loading=\"lazy\" decoding=\"async\" class=\"size-large wp-image-30887423\" src=\"https:\/\/www.upo.es\/diario\/wp-content\/uploads\/2025\/06\/pexels-yankrukov-8617514-750x500.jpg\" alt=\"Ni\u00f1os de varias edades en un comedor escolar\" width=\"750\" height=\"500\" srcset=\"https:\/\/www.upo.es\/diario\/wp-content\/uploads\/2025\/06\/pexels-yankrukov-8617514-750x500.jpg 750w, https:\/\/www.upo.es\/diario\/wp-content\/uploads\/2025\/06\/pexels-yankrukov-8617514-420x280.jpg 420w, https:\/\/www.upo.es\/diario\/wp-content\/uploads\/2025\/06\/pexels-yankrukov-8617514-768x512.jpg 768w, https:\/\/www.upo.es\/diario\/wp-content\/uploads\/2025\/06\/pexels-yankrukov-8617514-1536x1024.jpg 1536w, https:\/\/www.upo.es\/diario\/wp-content\/uploads\/2025\/06\/pexels-yankrukov-8617514-2048x1365.jpg 2048w, https:\/\/www.upo.es\/diario\/wp-content\/uploads\/2025\/06\/pexels-yankrukov-8617514-165x109.jpg 165w, https:\/\/www.upo.es\/diario\/wp-content\/uploads\/2025\/06\/pexels-yankrukov-8617514-1320x880.jpg 1320w\" sizes=\"auto, (max-width: 750px) 100vw, 750px\" \/><figcaption id=\"caption-attachment-30887423\" class=\"wp-caption-text\">Foto: Yan Krukau<\/figcaption><\/figure>\n<p><a href=\"https:\/\/theconversation.com\/profiles\/david-cobos-sanchiz-522782\">David Cobos Sanchiz<\/a>, <em><a href=\"https:\/\/theconversation.com\/institutions\/universidad-pablo-de-olavide-1362\">Universidad Pablo de Olavide<\/a><\/em><\/p>\n<p>\u00bfSe imagina una herramienta educativa con la capacidad de reducir la pobreza infantil, fomentar h\u00e1bitos saludables para toda la vida y mejorar la convivencia y la autonom\u00eda? Todo esto es lo que puede lograr un comedor escolar bien gestionado.<\/p>\n<p>Recientemente ha sido aprobada en Espa\u00f1a una <a href=\"https:\/\/www.boe.es\/diario_boe\/txt.php?id=BOE-A-2025-7659\">nueva normativa<\/a> para la promoci\u00f3n de una alimentaci\u00f3n saludable y sostenible en los centros educativos. El texto reconoce la relaci\u00f3n entre los derechos del ni\u00f1o y las pol\u00edticas de salud alimentaria, e impulsa un modelo escolar que garantiza entornos protectores y promotores de bienestar para todo el alumnado. \u00bfC\u00f3mo plantea hacerlo?<\/p>\n<h3>L\u00edmites en m\u00e1quinas expendedoras<\/h3>\n<p>Para empezar, se establecen l\u00edmites estrictos a las bebidas azucaradas y a los envases monodosis de az\u00facar, sal, aceite, vinagre y otras salsas, regulando sus contenidos m\u00e1ximos. Tambi\u00e9n se proh\u00edbe la venta de productos no saludables (ricos en <a href=\"https:\/\/medlineplus.gov\/spanish\/ency\/patientinstructions\/000786.htm\">grasas trans<\/a>, az\u00facares a\u00f1adidos o cafe\u00edna en m\u00e1quinas expendedoras y cafeter\u00edas escolares.<\/p>\n<p>Otra medida importante que recoge el texto es la priorizaci\u00f3n de alimentos frescos, locales y de temporada, como frutas, verduras, legumbres y cereales integrales. Esta no es solo una recomendaci\u00f3n, sino una obligaci\u00f3n legal. As\u00ed, los centros escolares est\u00e1n obligados a cumplir estos criterios nutricionales al elaborar los men\u00fas escolares, mientras que las comunidades aut\u00f3nomas deben supervisar y garantizar el cumplimiento a trav\u00e9s de inspecciones y planes de control.<\/p>\n<h3>Un buen men\u00fa, seg\u00fan la ley<\/h3>\n<p>Los men\u00fas deben ser equilibrados, estar adaptados a la edad del alumnado y contar con la supervisi\u00f3n de profesionales en nutrici\u00f3n o diet\u00e9tica. De este modo, el comedor escolar deja de concebirse \u00fanicamente como un espacio log\u00edstico para la alimentaci\u00f3n diaria y pasa a ser entendido como un instrumento educativo, social y de equidad.<\/p>\n<p>El decreto busca prevenir la <a href=\"https:\/\/www.sanidad.gob.es\/gabinete\/notasPrensa.do?id=6487\">obesidad infantil<\/a>, reducir las desigualdades sociales en el acceso a una nutrici\u00f3n adecuada y fomentar h\u00e1bitos saludables desde edades tempranas. Se trata, por tanto, de una apuesta por una escuela comprometida con la salud p\u00fablica y con el desarrollo integral de la infancia. Sin olvidar que establecer h\u00e1bitos alimentarios saludables repercute directamente en la salud a lo largo de toda la vida, mejorando incluso el rendimiento acad\u00e9mico y el bienestar emocional.<\/p>\n<p>Hay que decir que se trata de una buena norma que viene a paliar un d\u00e9ficit legislativo que ten\u00eda Espa\u00f1a respecto a muchos otros pa\u00edses europeos. Sin ir m\u00e1s lejos, la prohibici\u00f3n de m\u00e1quinas expendedoras de bebidas azucaradas en las escuelas comenz\u00f3 en Francia hace dos d\u00e9cadas. En cuanto al Reino Unido, ya en 2015 estableci\u00f3 requisitos nutricionales para las comidas escolares, incluyendo la limitaci\u00f3n de productos ultraprocesados y bebidas azucaradas.<\/p>\n<h3>Una visi\u00f3n avalada por la investigaci\u00f3n cient\u00edfica<\/h3>\n<p><a href=\"https:\/\/doi.org\/10.1016\/j.jadohealth.2014.03.003\">Muchos estudios<\/a>, cl\u00e1sicos y recientes, <a href=\"https:\/\/doi.org\/10.1111\/josh.12404\">han demostrado<\/a> que las intervenciones que modifican el entorno del comedor, combinadas con acciones de formaci\u00f3n y sensibilizaci\u00f3n, son eficaces para mejorar los h\u00e1bitos alimentarios del alumnado. Distintas iniciativas han logrado aumentar el consumo de frutas y verduras, reducir la ingesta de bebidas azucaradas y reforzar la autoeficacia de los estudiantes a la hora de elegir alimentos saludables.<\/p>\n<p>Adem\u00e1s, la participaci\u00f3n activa del alumnado en estas iniciativas \u2013por ejemplo, mediante la organizaci\u00f3n de campa\u00f1as, talleres o huertos escolares\u2013 <a href=\"https:\/\/doi.org\/10.1016\/j.appet.2012.11.002\">refuerza el aprendizaje<\/a> y lo convierte en una <a href=\"https:\/\/doi.org\/10.1353\/hpu.2013.0109\">experiencia transformadora<\/a>, logrando cambios profundos y sostenibles en las actitudes y comportamientos alimentarios.<\/p>\n<h3>El impacto de los men\u00fas<\/h3>\n<p>En el sentido contrario, tambi\u00e9n se ha demostrado que los entornos escolares que permiten el acceso libre a productos ultraprocesados, o que no cuidan la calidad de los men\u00fas, <a href=\"https:\/\/doi.org\/10.1136\/EBN.7.4.123\">dificultan gravemente<\/a> la promoci\u00f3n de h\u00e1bitos saludables. La presencia de alimentos no nutritivos en las escuelas puede anular los efectos positivos de cualquier programa de educaci\u00f3n alimentaria.<\/p>\n<p>Por tanto, es clave entender el comedor escolar como un espacio con un enorme potencial pedag\u00f3gico y social. Un comedor escolar bien gestionado alimenta pero tambi\u00e9n educa, cuida e incluye. No solo ense\u00f1a a comer mejor, sino que puede convertirse en un escenario de aprendizajes interdisciplinarios y transversales, donde se refuercen \u00e1reas como las ciencias naturales, la \u00e9tica, la econom\u00eda o la ecolog\u00eda, a trav\u00e9s de actividades participativas y experienciales. El comedor es tambi\u00e9n un espacio para transmitir valores y <a href=\"https:\/\/doi.org\/10.21723\/RIAEE.V11.N3.7413\">aprender a convivir<\/a>, a respetar normas, a compartir y a <a href=\"https:\/\/doi.org\/10.7721\/chilyoutenvi.30.1.0101.ativos\">cuidar de uno mismo y de los dem\u00e1s<\/a>.<\/p>\n<h3>Repensar el comedor escolar con mirada pedag\u00f3gica<\/h3>\n<p>Este enfoque hol\u00edstico de la alimentaci\u00f3n escolar promueve una visi\u00f3n m\u00e1s rica y transformadora del acto de comer. No solo como una necesidad fisiol\u00f3gica, sino como una pr\u00e1ctica social, cultural, educativa y pol\u00edtica. Las escuelas, al integrar este enfoque, forman ciudadanos m\u00e1s conscientes, aut\u00f3nomos y responsables.<\/p>\n<p>Adem\u00e1s de mejorar la calidad de la alimentaci\u00f3n en la escuela, esta nueva mirada destaca el papel del comedor como un espacio educativo de primer orden, capaz de generar cambios reales y duraderos en la vida de los estudiantes. Promover h\u00e1bitos saludables, garantizar entornos equitativos y formar en valores desde el comedor escolar es una obligaci\u00f3n \u00e9tica y pedag\u00f3gica. Porque una escuela que alimenta bien es una escuela que educa mejor.<\/p>\n<p><a href=\"https:\/\/theconversation.com\/profiles\/david-cobos-sanchiz-522782\">David Cobos Sanchiz<\/a>, Profesor Titular Dpto. Educaci\u00f3n y Psicolog\u00eda Social, <em><a href=\"https:\/\/theconversation.com\/institutions\/universidad-pablo-de-olavide-1362\">Universidad Pablo de Olavide<\/a><\/em><\/p>\n<p>Este art\u00edculo fue publicado originalmente en <a href=\"https:\/\/theconversation.com\">The Conversation<\/a>. Lea el <a href=\"https:\/\/theconversation.com\/no-mas-chuches-en-la-escuela-la-importancia-de-la-nueva-normativa-para-el-comedor-258246\">original<\/a>.<\/p>\n","protected":false},"excerpt":{"rendered":"<p>\u00bfSe imagina una herramienta educativa con la capacidad de reducir la pobreza infantil, fomentar h\u00e1bitos saludables para toda la vida y mejorar la convivencia y la autonom\u00eda? Todo esto es lo que puede lograr un comedor escolar bien gestionado.<\/p>\n","protected":false},"author":6,"featured_media":30887423,"comment_status":"closed","ping_status":"open","sticky":false,"template":"","format":"standard","meta":{"_monsterinsights_skip_tracking":false,"_monsterinsights_sitenote_active":false,"_monsterinsights_sitenote_note":"","_monsterinsights_sitenote_category":0,"footnotes":""},"categories":[5390],"tags":[674,451,261,218],"class_list":["post-30887421","post","type-post","status-publish","format-standard","has-post-thumbnail","hentry","category-theconversation","tag-alimentacion","tag-infancia","tag-nutricion","tag-salud"],"_links":{"self":[{"href":"https:\/\/www.upo.es\/diario\/wp-json\/wp\/v2\/posts\/30887421","targetHints":{"allow":["GET"]}}],"collection":[{"href":"https:\/\/www.upo.es\/diario\/wp-json\/wp\/v2\/posts"}],"about":[{"href":"https:\/\/www.upo.es\/diario\/wp-json\/wp\/v2\/types\/post"}],"author":[{"embeddable":true,"href":"https:\/\/www.upo.es\/diario\/wp-json\/wp\/v2\/users\/6"}],"replies":[{"embeddable":true,"href":"https:\/\/www.upo.es\/diario\/wp-json\/wp\/v2\/comments?post=30887421"}],"version-history":[{"count":2,"href":"https:\/\/www.upo.es\/diario\/wp-json\/wp\/v2\/posts\/30887421\/revisions"}],"predecessor-version":[{"id":30887424,"href":"https:\/\/www.upo.es\/diario\/wp-json\/wp\/v2\/posts\/30887421\/revisions\/30887424"}],"wp:featuredmedia":[{"embeddable":true,"href":"https:\/\/www.upo.es\/diario\/wp-json\/wp\/v2\/media\/30887423"}],"wp:attachment":[{"href":"https:\/\/www.upo.es\/diario\/wp-json\/wp\/v2\/media?parent=30887421"}],"wp:term":[{"taxonomy":"category","embeddable":true,"href":"https:\/\/www.upo.es\/diario\/wp-json\/wp\/v2\/categories?post=30887421"},{"taxonomy":"post_tag","embeddable":true,"href":"https:\/\/www.upo.es\/diario\/wp-json\/wp\/v2\/tags?post=30887421"}],"curies":[{"name":"wp","href":"https:\/\/api.w.org\/{rel}","templated":true}]}}