{"id":30887451,"date":"2025-06-30T12:59:48","date_gmt":"2025-06-30T10:59:48","guid":{"rendered":"https:\/\/www.upo.es\/diario\/?p=30887451"},"modified":"2025-06-30T12:59:48","modified_gmt":"2025-06-30T10:59:48","slug":"la-promocion-2020-25-del-doble-grado-en-trabajo-social-y-educacion-social-cierra-las-ceremonias-de-graduacion-de-la-upo","status":"publish","type":"post","link":"https:\/\/www.upo.es\/diario\/comunidad\/2025\/06\/la-promocion-2020-25-del-doble-grado-en-trabajo-social-y-educacion-social-cierra-las-ceremonias-de-graduacion-de-la-upo\/","title":{"rendered":"La promoci\u00f3n 2020\/25 del Doble Grado en Trabajo Social y Educaci\u00f3n Social cierra las ceremonias de graduaci\u00f3n de la UPO"},"content":{"rendered":"<figure id=\"attachment_30887454\" aria-describedby=\"caption-attachment-30887454\" style=\"width: 750px\" class=\"wp-caption aligncenter\"><a href=\"https:\/\/www.upo.es\/diario\/wp-content\/uploads\/2025\/06\/TS-ES_27062025-13-scaled.jpeg\"><img loading=\"lazy\" decoding=\"async\" class=\"size-large wp-image-30887454\" src=\"https:\/\/www.upo.es\/diario\/wp-content\/uploads\/2025\/06\/TS-ES_27062025-13-750x422.jpeg\" alt=\"\" width=\"750\" height=\"422\" srcset=\"https:\/\/www.upo.es\/diario\/wp-content\/uploads\/2025\/06\/TS-ES_27062025-13-750x422.jpeg 750w, https:\/\/www.upo.es\/diario\/wp-content\/uploads\/2025\/06\/TS-ES_27062025-13-420x237.jpeg 420w, https:\/\/www.upo.es\/diario\/wp-content\/uploads\/2025\/06\/TS-ES_27062025-13-768x432.jpeg 768w, https:\/\/www.upo.es\/diario\/wp-content\/uploads\/2025\/06\/TS-ES_27062025-13-1536x865.jpeg 1536w, https:\/\/www.upo.es\/diario\/wp-content\/uploads\/2025\/06\/TS-ES_27062025-13-2048x1153.jpeg 2048w, https:\/\/www.upo.es\/diario\/wp-content\/uploads\/2025\/06\/TS-ES_27062025-13-1320x743.jpeg 1320w\" sizes=\"auto, (max-width: 750px) 100vw, 750px\" \/><\/a><figcaption id=\"caption-attachment-30887454\" class=\"wp-caption-text\">Promoci\u00f3n 2020\/2025 del Doble Grado en Trabajo Social y Educaci\u00f3n Social<\/figcaption><\/figure>\n<p>Las ceremonias de graduaci\u00f3n de la Universidad Pablo de Olavide finalizaron el pasado viernes con el acto de Fin de Grado de la <strong>promoci\u00f3n 2020\/25 del Doble Grado en Trabajo Social y Educaci\u00f3n Social<\/strong>. La ceremonia, fue presidido por Juan Miguel G\u00f3mez Espino, decano de la Facultad de Ciencias Sociales de la UPO.<\/p>\n<p><strong>La madrina de la promoci\u00f3n fue Carmen Tamayo Leo, trabajadora social y directora de cine<\/strong>. A la ceremonia tambi\u00e9n asistieron Rafael Manuel Hern\u00e1ndez Carrera del \u00c1rea de Did\u00e1ctica y Organizaci\u00f3n Escolar de la UPO, como profesor predilecto; Virginia Mart\u00ednez Lozano, vicedecana de Estudiantes, Movilidad y Compromiso Social de la Facultad de Ciencias Sociales y Jes\u00fas Delgado Baena, responsable de Calidad del Grado en Trabajo Social.<\/p>\n<figure id=\"attachment_30887453\" aria-describedby=\"caption-attachment-30887453\" style=\"width: 420px\" class=\"wp-caption alignright\"><a href=\"https:\/\/www.upo.es\/diario\/wp-content\/uploads\/2025\/06\/TS-ES_27062025-3-scaled.jpeg\"><img loading=\"lazy\" decoding=\"async\" class=\"size-medium wp-image-30887453\" src=\"https:\/\/www.upo.es\/diario\/wp-content\/uploads\/2025\/06\/TS-ES_27062025-3-420x237.jpeg\" alt=\"\" width=\"420\" height=\"237\" srcset=\"https:\/\/www.upo.es\/diario\/wp-content\/uploads\/2025\/06\/TS-ES_27062025-3-420x237.jpeg 420w, https:\/\/www.upo.es\/diario\/wp-content\/uploads\/2025\/06\/TS-ES_27062025-3-750x422.jpeg 750w, https:\/\/www.upo.es\/diario\/wp-content\/uploads\/2025\/06\/TS-ES_27062025-3-768x432.jpeg 768w, https:\/\/www.upo.es\/diario\/wp-content\/uploads\/2025\/06\/TS-ES_27062025-3-1536x865.jpeg 1536w, https:\/\/www.upo.es\/diario\/wp-content\/uploads\/2025\/06\/TS-ES_27062025-3-2048x1153.jpeg 2048w, https:\/\/www.upo.es\/diario\/wp-content\/uploads\/2025\/06\/TS-ES_27062025-3-1320x743.jpeg 1320w\" sizes=\"auto, (max-width: 420px) 100vw, 420px\" \/><\/a><figcaption id=\"caption-attachment-30887453\" class=\"wp-caption-text\">Las estudiantes Nazaret Mar\u00eda Molina y Paula Guti\u00e9rrez dieron el discurso de Fin de Grado<\/figcaption><\/figure>\n<p>En representaci\u00f3n del alumnado egresado, pronunciaron los discursos Nazaret Mar\u00eda Molina Rey y Paula Guti\u00e9rrez Gonz\u00e1lez. Un total de 54 egresados y egresadas asistieron, junto a sus familiares, a este acto con el que la Universidad Pablo de Olavide recupera una antigua tradici\u00f3n de las universidades europeas.<\/p>\n","protected":false},"excerpt":{"rendered":"<p>Las ceremonias de graduaci\u00f3n de la Universidad Pablo de Olavide finalizaron el pasado viernes, 27 de junio, con el acto de Fin de Grado de la promoci\u00f3n 2020\/25 del Doble Grado en Trabajo Social y Educaci\u00f3n Social. La madrina de la promoci\u00f3n fue Carmen Tamayo Leo, trabajadora social y directora de cine.<\/p>\n","protected":false},"author":4,"featured_media":30887452,"comment_status":"closed","ping_status":"open","sticky":false,"template":"","format":"standard","meta":{"_monsterinsights_skip_tracking":false,"_monsterinsights_sitenote_active":false,"_monsterinsights_sitenote_note":"","_monsterinsights_sitenote_category":0,"footnotes":""},"categories":[5842],"tags":[581,2469,669,487,5042],"class_list":["post-30887451","post","type-post","status-publish","format-standard","has-post-thumbnail","hentry","category-comunidad","tag-ceremonia-de-egresados","tag-doble-grado-en-trabajo-social-y-educacion-social","tag-egresados","tag-facultad-ciencias-sociales","tag-graduacion"],"_links":{"self":[{"href":"https:\/\/www.upo.es\/diario\/wp-json\/wp\/v2\/posts\/30887451","targetHints":{"allow":["GET"]}}],"collection":[{"href":"https:\/\/www.upo.es\/diario\/wp-json\/wp\/v2\/posts"}],"about":[{"href":"https:\/\/www.upo.es\/diario\/wp-json\/wp\/v2\/types\/post"}],"author":[{"embeddable":true,"href":"https:\/\/www.upo.es\/diario\/wp-json\/wp\/v2\/users\/4"}],"replies":[{"embeddable":true,"href":"https:\/\/www.upo.es\/diario\/wp-json\/wp\/v2\/comments?post=30887451"}],"version-history":[{"count":1,"href":"https:\/\/www.upo.es\/diario\/wp-json\/wp\/v2\/posts\/30887451\/revisions"}],"predecessor-version":[{"id":30887455,"href":"https:\/\/www.upo.es\/diario\/wp-json\/wp\/v2\/posts\/30887451\/revisions\/30887455"}],"wp:featuredmedia":[{"embeddable":true,"href":"https:\/\/www.upo.es\/diario\/wp-json\/wp\/v2\/media\/30887452"}],"wp:attachment":[{"href":"https:\/\/www.upo.es\/diario\/wp-json\/wp\/v2\/media?parent=30887451"}],"wp:term":[{"taxonomy":"category","embeddable":true,"href":"https:\/\/www.upo.es\/diario\/wp-json\/wp\/v2\/categories?post=30887451"},{"taxonomy":"post_tag","embeddable":true,"href":"https:\/\/www.upo.es\/diario\/wp-json\/wp\/v2\/tags?post=30887451"}],"curies":[{"name":"wp","href":"https:\/\/api.w.org\/{rel}","templated":true}]}}