{"id":30887482,"date":"2025-07-02T12:15:39","date_gmt":"2025-07-02T10:15:39","guid":{"rendered":"https:\/\/www.upo.es\/diario\/?p=30887482"},"modified":"2025-07-08T12:08:28","modified_gmt":"2025-07-08T10:08:28","slug":"universidad-pablo-de-olavide-reconocida-por-su-compromiso-conciliacion-corresponsable-bienestar-social","status":"publish","type":"post","link":"https:\/\/www.upo.es\/diario\/institucional\/2025\/07\/universidad-pablo-de-olavide-reconocida-por-su-compromiso-conciliacion-corresponsable-bienestar-social\/","title":{"rendered":"La Universidad Pablo de Olavide, reconocida por su compromiso con la conciliaci\u00f3n corresponsable y el bienestar social"},"content":{"rendered":"<figure id=\"attachment_30887483\" aria-describedby=\"caption-attachment-30887483\" style=\"width: 750px\" class=\"wp-caption aligncenter\"><a href=\"https:\/\/www.upo.es\/diario\/wp-content\/uploads\/2025\/07\/premio_vivofacil01-scaled.jpg\"><img loading=\"lazy\" decoding=\"async\" class=\"wp-image-30887483 size-large\" src=\"https:\/\/www.upo.es\/diario\/wp-content\/uploads\/2025\/07\/premio_vivofacil01-750x513.jpg\" alt=\"\" width=\"750\" height=\"513\" srcset=\"https:\/\/www.upo.es\/diario\/wp-content\/uploads\/2025\/07\/premio_vivofacil01-750x513.jpg 750w, https:\/\/www.upo.es\/diario\/wp-content\/uploads\/2025\/07\/premio_vivofacil01-420x287.jpg 420w, https:\/\/www.upo.es\/diario\/wp-content\/uploads\/2025\/07\/premio_vivofacil01-768x525.jpg 768w, https:\/\/www.upo.es\/diario\/wp-content\/uploads\/2025\/07\/premio_vivofacil01-1536x1051.jpg 1536w, https:\/\/www.upo.es\/diario\/wp-content\/uploads\/2025\/07\/premio_vivofacil01-2048x1401.jpg 2048w, https:\/\/www.upo.es\/diario\/wp-content\/uploads\/2025\/07\/premio_vivofacil01-1320x903.jpg 1320w\" sizes=\"auto, (max-width: 750px) 100vw, 750px\" \/><\/a><figcaption id=\"caption-attachment-30887483\" class=\"wp-caption-text\">De izquierda a derecha, Javier Benavente, fundador y presidente de Honor de Fundaci\u00f3n Vivof\u00e1cil; Mercedes Herrero, directora pedag\u00f3gica del Colegio Educ. Especial Los \u00c1lamos-Asoc. S\u00ed Puedo; M\u00f3nica Dom\u00ednguez, delegada del rector para la Igualdad de G\u00e9nero de la UPO; y Cipri Quintas, presidente de Fundaci\u00f3n Vivof\u00e1cil.<\/figcaption><\/figure>\n<p>La Universidad Pablo de Olavide ha sido galardonada con el <strong>Premio Nacional 2025 a la Conciliaci\u00f3n de la Vida Laboral, Familiar y Personal y a la Responsabilidad Social<\/strong>, en la categor\u00eda dirigida a Universidades, Escuelas de Negocio e Instituciones Educativas y de Investigaci\u00f3n. Este reconocimiento, otorgado por la <a href=\"https:\/\/fundacionvivofacil.com\/\"><strong>Fundaci\u00f3n Vivof\u00e1cil<\/strong><\/a> en la XIX edici\u00f3n de estos galardones, resalta el compromiso de la UPO con la conciliaci\u00f3n y su labor destacada en el fomento de la corresponsabilidad.<\/p>\n<p>Este reconocimiento pone en valor las pol\u00edticas que la UPO ha venido desarrollando en materia de igualdad, especialmente aquellas centradas en la <strong>implicaci\u00f3n activa de los hombres en el cuidado<\/strong> a trav\u00e9s de campa\u00f1as de sensibilizaci\u00f3n, formaci\u00f3n espec\u00edfica y medidas concretas de conciliaci\u00f3n.<\/p>\n<p><strong>M\u00f3nica Dom\u00ednguez Serrano<\/strong>, delegada del rector para la Igualdad de G\u00e9nero, fue la encargada de recoger el galard\u00f3n, quien destac\u00f3 la importancia del reconocimiento y el trabajo colectivo que lo ha hecho posible: \u201cRecibir este premio es un orgullo y una alegr\u00eda para m\u00ed, que comparto con todas las personas que forman parte de la Oficina para la Igualdad, y estoy segura, que con todas las personas que de una u otra forma han trabajado para avanzar en esta materia en nuestra universidad a lo largo de los a\u00f1os. Que el jurado haya fallado por unanimidad a favor de la Universidad Pablo de Olavide pone en valor nuestras pol\u00edticas de conciliaci\u00f3n y corresponsabilidad. Es una muestra de que vamos por el buen camino. Pero, adem\u00e1s, es un est\u00edmulo por lo que seguimos trabajando para consolidar estos avances y abrir nuevas v\u00edas de compromiso social\u201d.<\/p>\n<p>Entre las iniciativas reconocidas, destaca el programa <strong>\u2018Hombres por la Igualdad\u2019<\/strong>, creado en 2022, con el objetivo de promover la implicaci\u00f3n activa de los hombres en la lucha por la igualdad de g\u00e9nero. A trav\u00e9s de cursos como \u2018Masculinidades e Igualdad laboral\u2019, \u2018G\u00e9nero y masculinidades\u2019 o \u2018Las masculinidades que habitamos\u2019, se busca sensibilizar y formar a los distintos perfiles de la comunidad universitaria para fomentar una universidad libre de desigualdades y violencias machistas. En esta l\u00ednea, la campa\u00f1a <strong>\u2018T\u00fa tambi\u00e9n\u2019<\/strong> apela directamente a los hombres para que cuestionen los roles de g\u00e9nero tradicionales y se conviertan en agentes de cambio dentro del \u00e1mbito universitario, se\u00f1alando que todos podemos ser parte activa en la construcci\u00f3n de relaciones m\u00e1s igualitarias.<\/p>\n<p>Asimismo, la UPO ha impulsado un <strong>estudio diagn\u00f3stico sobre las necesidades y expectativas en materia de conciliaci\u00f3n<\/strong>, en colaboraci\u00f3n con las universidades de Almer\u00eda y C\u00f3rdoba. Esta investigaci\u00f3n, que combina metodolog\u00edas cuantitativas y cualitativas, se lleva a cabo con la participaci\u00f3n activa de la comunidad universitaria a trav\u00e9s de encuestas, grupos de discusi\u00f3n y entrevistas. Los resultados servir\u00e1n como base para el dise\u00f1o del futuro <strong>Plan Concilia de la UPO<\/strong>, una estrategia que busca adaptar y mejorar las medidas de conciliaci\u00f3n en funci\u00f3n de los distintos colectivos de la instituci\u00f3n.<\/p>\n<p>Estas acciones se enmarcan en una apuesta firme por consolidar una cultura institucional basada en la corresponsabilidad, uno de los pilares del <strong>III Plan Estrat\u00e9gico para la Igualdad de G\u00e9nero de la universidad<\/strong>. La UPO reafirma as\u00ed su compromiso con la mejora de las condiciones laborales, familiares y personales de su comunidad universitaria, as\u00ed como con la prevenci\u00f3n de cualquier forma de discriminaci\u00f3n y la promoci\u00f3n del bienestar integral.<\/p>\n<p><strong>La Delegaci\u00f3n del Rector para la Igualdad de G\u00e9nero, a trav\u00e9s de su Oficina para la Igualdad,<\/strong> ha desempe\u00f1ado un papel central en este proceso, impulsando estas iniciativas innovadoras y colaborando activamente con otras entidades y redes comprometidas con la igualdad de g\u00e9nero. Este premio no solo reconoce el trabajo ya realizado, sino que refuerza el compromiso de la Universidad Pablo de Olavide con la construcci\u00f3n de una sociedad m\u00e1s justa e igualitaria, alineada con los Objetivos de Desarrollo Sostenible y la Agenda 2030.<\/p>\n","protected":false},"excerpt":{"rendered":"<p>La Universidad Pablo de Olavide ha sido galardonada con el Premio Nacional 2025 a la Conciliaci\u00f3n de la Vida Laboral, Familiar y Personal y a la Responsabilidad Social, en la categor\u00eda dirigida a Universidades, Escuelas de Negocio e Instituciones Educativas y de Investigaci\u00f3n. Este reconocimiento, otorgado por la Fundaci\u00f3n Vivof\u00e1cil en la XIX edici\u00f3n de estos galardones, resalta el compromiso de la UPO con la conciliaci\u00f3n y su labor destacada en el fomento de la corresponsabilidad.<\/p>\n","protected":false},"author":2,"featured_media":30887483,"comment_status":"closed","ping_status":"open","sticky":false,"template":"","format":"standard","meta":{"_monsterinsights_skip_tracking":false,"_monsterinsights_sitenote_active":false,"_monsterinsights_sitenote_note":"","_monsterinsights_sitenote_category":0,"footnotes":""},"categories":[6],"tags":[6791,9110,7256,9245,517,8720,2209,58],"class_list":["post-30887482","post","type-post","status-publish","format-standard","has-post-thumbnail","hentry","category-institucional","tag-conciliacion","tag-corresponsabilidad","tag-delegada-del-rector-para-la-igualdad-de-genero","tag-fundacion-vivofacil","tag-igualdad","tag-monica-dominguez-serrano","tag-oficina-para-la-igualdad","tag-premio"],"_links":{"self":[{"href":"https:\/\/www.upo.es\/diario\/wp-json\/wp\/v2\/posts\/30887482","targetHints":{"allow":["GET"]}}],"collection":[{"href":"https:\/\/www.upo.es\/diario\/wp-json\/wp\/v2\/posts"}],"about":[{"href":"https:\/\/www.upo.es\/diario\/wp-json\/wp\/v2\/types\/post"}],"author":[{"embeddable":true,"href":"https:\/\/www.upo.es\/diario\/wp-json\/wp\/v2\/users\/2"}],"replies":[{"embeddable":true,"href":"https:\/\/www.upo.es\/diario\/wp-json\/wp\/v2\/comments?post=30887482"}],"version-history":[{"count":6,"href":"https:\/\/www.upo.es\/diario\/wp-json\/wp\/v2\/posts\/30887482\/revisions"}],"predecessor-version":[{"id":30887495,"href":"https:\/\/www.upo.es\/diario\/wp-json\/wp\/v2\/posts\/30887482\/revisions\/30887495"}],"wp:featuredmedia":[{"embeddable":true,"href":"https:\/\/www.upo.es\/diario\/wp-json\/wp\/v2\/media\/30887483"}],"wp:attachment":[{"href":"https:\/\/www.upo.es\/diario\/wp-json\/wp\/v2\/media?parent=30887482"}],"wp:term":[{"taxonomy":"category","embeddable":true,"href":"https:\/\/www.upo.es\/diario\/wp-json\/wp\/v2\/categories?post=30887482"},{"taxonomy":"post_tag","embeddable":true,"href":"https:\/\/www.upo.es\/diario\/wp-json\/wp\/v2\/tags?post=30887482"}],"curies":[{"name":"wp","href":"https:\/\/api.w.org\/{rel}","templated":true}]}}