{"id":30887502,"date":"2025-06-30T23:35:50","date_gmt":"2025-06-30T21:35:50","guid":{"rendered":"https:\/\/www.upo.es\/diario\/?p=30887502"},"modified":"2025-07-03T00:01:42","modified_gmt":"2025-07-02T22:01:42","slug":"la-universidad-pablo-de-olavide-impartira-grados-con-mencion-dual-a-partir-del-proximo-curso","status":"publish","type":"post","link":"https:\/\/www.upo.es\/diario\/institucional\/2025\/06\/la-universidad-pablo-de-olavide-impartira-grados-con-mencion-dual-a-partir-del-proximo-curso\/","title":{"rendered":"La Universidad Pablo de Olavide impartir\u00e1 grados con menci\u00f3n dual a partir del pr\u00f3ximo curso"},"content":{"rendered":"<figure id=\"attachment_30887504\" aria-describedby=\"caption-attachment-30887504\" style=\"width: 750px\" class=\"wp-caption aligncenter\"><a href=\"https:\/\/www.upo.es\/diario\/wp-content\/uploads\/2025\/06\/27062025-CG-CS_20250627-8252-scaled.jpg\"><img loading=\"lazy\" decoding=\"async\" class=\"size-large wp-image-30887504\" src=\"https:\/\/www.upo.es\/diario\/wp-content\/uploads\/2025\/06\/27062025-CG-CS_20250627-8252-750x338.jpg\" alt=\"Consejo de Gobierno celebrado el pasado viernes 27 de junio\" width=\"750\" height=\"338\" srcset=\"https:\/\/www.upo.es\/diario\/wp-content\/uploads\/2025\/06\/27062025-CG-CS_20250627-8252-750x338.jpg 750w, https:\/\/www.upo.es\/diario\/wp-content\/uploads\/2025\/06\/27062025-CG-CS_20250627-8252-420x189.jpg 420w, https:\/\/www.upo.es\/diario\/wp-content\/uploads\/2025\/06\/27062025-CG-CS_20250627-8252-768x346.jpg 768w, https:\/\/www.upo.es\/diario\/wp-content\/uploads\/2025\/06\/27062025-CG-CS_20250627-8252-1536x691.jpg 1536w, https:\/\/www.upo.es\/diario\/wp-content\/uploads\/2025\/06\/27062025-CG-CS_20250627-8252-2048x922.jpg 2048w, https:\/\/www.upo.es\/diario\/wp-content\/uploads\/2025\/06\/27062025-CG-CS_20250627-8252-1320x594.jpg 1320w\" sizes=\"auto, (max-width: 750px) 100vw, 750px\" \/><\/a><figcaption id=\"caption-attachment-30887504\" class=\"wp-caption-text\">Consejo de Gobierno celebrado el pasado viernes 27 de junio<\/figcaption><\/figure>\n<p>Francisco Oliva anunci\u00f3 durante su \u00faltimo informe al Consejo de Gobierno, celebrado el pasado viernes, que <strong>la Universidad Pablo de Olavide impartir\u00e1 a partir del curso 2025\/2026 el Grado en Ingenier\u00eda Inform\u00e1tica Dual; a este t\u00edtulo se sumar\u00e1 el Grado en Finanzas, Contabilidad y Auditor\u00eda Dual en 2026\/2027<\/strong>. De este modo, la Olavide se convertir\u00e1 en el primer campus de Andaluc\u00eda en impartir t\u00edtulos universitarios con menci\u00f3n dual.<\/p>\n<figure id=\"attachment_30887505\" aria-describedby=\"caption-attachment-30887505\" style=\"width: 280px\" class=\"wp-caption alignright\"><a href=\"https:\/\/www.upo.es\/diario\/wp-content\/uploads\/2025\/06\/27062025-CG-CS_20250627-8224.jpg\"><img loading=\"lazy\" decoding=\"async\" class=\"size-medium wp-image-30887505\" src=\"https:\/\/www.upo.es\/diario\/wp-content\/uploads\/2025\/06\/27062025-CG-CS_20250627-8224-280x420.jpg\" alt=\"Francisco Oliva durante su informe al Consejo de Gobierno\" width=\"280\" height=\"420\" srcset=\"https:\/\/www.upo.es\/diario\/wp-content\/uploads\/2025\/06\/27062025-CG-CS_20250627-8224-280x420.jpg 280w, https:\/\/www.upo.es\/diario\/wp-content\/uploads\/2025\/06\/27062025-CG-CS_20250627-8224-350x525.jpg 350w, https:\/\/www.upo.es\/diario\/wp-content\/uploads\/2025\/06\/27062025-CG-CS_20250627-8224-768x1152.jpg 768w, https:\/\/www.upo.es\/diario\/wp-content\/uploads\/2025\/06\/27062025-CG-CS_20250627-8224-1024x1536.jpg 1024w, https:\/\/www.upo.es\/diario\/wp-content\/uploads\/2025\/06\/27062025-CG-CS_20250627-8224.jpg 1039w\" sizes=\"auto, (max-width: 280px) 100vw, 280px\" \/><\/a><figcaption id=\"caption-attachment-30887505\" class=\"wp-caption-text\">Francisco Oliva durante su informe al Consejo de Gobierno<\/figcaption><\/figure>\n<p>El rector dio as\u00ed a conocer que <strong>la Universidad ha conseguido el certificado que avala la puesta en marcha de estos grados por parte del Consejo de Universidades<\/strong>. \u00abUna noticia excelente que sit\u00faa de nuevo a la Pablo de Olavide como una instituci\u00f3n innovadora en la educaci\u00f3n superior en Andaluc\u00eda\u00bb, coment\u00f3 Oliva, en referencia a la implantaci\u00f3n de los dobles grados en los que la UPO fue pionera.<\/p>\n<p>Las certificaciones de los sistemas de aseguramiento interno de la calidad (SAIC) de los centros ocuparon buena parte del informe del rector, que dio a conocer que la Agencia para la Calidad Cient\u00edfica y Universitaria de Andaluc\u00eda (ACCUA) solo ha aprobado la certificaci\u00f3n por el programa IMPLANTA de la Facultad de Ciencias Experimentales, a pesar de contar los restantes cinco centros con la <a href=\"https:\/\/www.upo.es\/diario\/institucional\/2025\/03\/cinco-centros-renuevan-certificacion-sistema-aseguramiento-interno-calidad-audit-aneca\/\">reciente certificaci\u00f3n de su SAIC por el programa AUDIT de la Agencia Nacional de Evaluaci\u00f3n de la Calidad y Acreditaci\u00f3n (ANECA)<\/a>. El rector anunci\u00f3 que <strong>la Universidad presentar\u00e1 alegaciones a la resoluci\u00f3n de ACCUA y solicitar\u00e1 a la agencia andaluza que, tal como establece el marco regulatorio, se tenga en cuenta el reconocimiento mutuo entre agencias<\/strong>, ya que el de ANECA, estatal, otorga validez a los sistemas de evaluaci\u00f3n auton\u00f3micos.<\/p>\n<p>Francisco Oliva inform\u00f3 a continuaci\u00f3n del <strong>incidente inform\u00e1tico que interrumpi\u00f3 los servicios digitales de la Universidad.<\/strong> Ante el riesgo detectado por el Centro de Inform\u00e1tica y Comunicaciones (CIC) \u2014a cuyo personal felicit\u00f3 por la respuesta ante la amenaza y la actuaci\u00f3n llevada a cabo\u2014 se pusieron en marcha los protocolos y se contact\u00f3 con Andaluc\u00edaCERT. Dada la posibilidad de que se tratara de un ciberataque, y de que este pudiera tener consecuencias cr\u00edticas, fue necesario el apagado paulatino y seguro de los sistemas y la interrupci\u00f3n de los servicios <em>online<\/em>. Desde el Rectorado se tomaron las medidas oportunas, con la habilitaci\u00f3n de puntos de informaci\u00f3n presenciales, la suspensi\u00f3n de los ex\u00e1menes que requer\u00edan de equipos inform\u00e1ticos y la pr\u00f3rroga de los tr\u00e1mites administrativos abiertos. El rector se\u00f1al\u00f3 que no hubo da\u00f1os graves y que Andaluc\u00edaCERT alab\u00f3 la respuesta dada desde la UPO. De cara al futuro, la Universidad seguir\u00e1 reforzando la seguridad inform\u00e1tica \u00abante el hecho de que en 2024 recibimos 450 intentos de ciberataques serios, eficazmente rechazados\u00bb, concluy\u00f3.<\/p>\n<p>Ya centrado en temas del campus, Oliva se refiri\u00f3 a los <strong>sistemas de climatizaci\u00f3n de aulas y oficinas<\/strong>, que se ven tensionados por las altas temperaturas de estos d\u00edas en Sevilla. El rector inform\u00f3 de que las incidencias puntuales de las m\u00e1quinas tratan de resolverse y, en caso de que no sea posible, se articulan medidas alternativas para que pueda desarrollarse la actividad universitaria en las mejores condiciones posibles. La soluci\u00f3n, a\u00f1adi\u00f3, pasa por una renovaci\u00f3n completa que tendr\u00eda elevados costes para la Universidad. En este sentido, inform\u00f3 de que ya ha concluido la auditor\u00eda energ\u00e9tica sobre las actuaciones necesarias. El siguiente paso ser\u00eda la b\u00fasqueda de financiaci\u00f3n y, en este sentido, no se descarta hacer ofertas para que, a trav\u00e9s de la cooperaci\u00f3n p\u00fablico-privada, pueda llevarse a cabo la renovaci\u00f3n integral de las instalaciones.<\/p>\n<p>El rector destac\u00f3 para finalizar los convenios suscritos entre la Universidad y los municipios que forman parte del programa provincial del <a href=\"https:\/\/www.upo.es\/aula-mayores\/\">Aula Abierta de Mayores<\/a>, que ha pasado en tres a\u00f1os de 800 a 1200 alumnos y alumnas de m\u00e1s de 50 a\u00f1os. Mayores que acceden de esta manera a una formaci\u00f3n continua que favorece la participaci\u00f3n activa y facilita su integraci\u00f3n en el entorno universitario.<\/p>\n<p>&nbsp;<\/p>\n","protected":false},"excerpt":{"rendered":"<p>Francisco Oliva anunci\u00f3 durante su \u00faltimo informe al Consejo de Gobierno, celebrado el pasado viernes, que la Universidad Pablo de Olavide impartir\u00e1 a partir del curso 2025\/2026 el Grado en Ingenier\u00eda Inform\u00e1tica Dual; a este t\u00edtulo se sumar\u00e1 el Grado en Finanzas, Contabilidad y Auditor\u00eda Dual en 2026\/2027. De este modo, la Olavide se convertir\u00e1 en el primer campus de<a class=\"read-more\" href=\"https:\/\/www.upo.es\/diario\/institucional\/2025\/06\/la-universidad-pablo-de-olavide-impartira-grados-con-mencion-dual-a-partir-del-proximo-curso\/\">[Read More&#8230;]<\/a><\/p>\n","protected":false},"author":6,"featured_media":30887504,"comment_status":"closed","ping_status":"open","sticky":false,"template":"","format":"standard","meta":{"_monsterinsights_skip_tracking":false,"_monsterinsights_sitenote_active":false,"_monsterinsights_sitenote_note":"","_monsterinsights_sitenote_category":0,"footnotes":""},"categories":[6],"tags":[8569,1601,52,740,107,4241,102,4021,9244,2497],"class_list":["post-30887502","post","type-post","status-publish","format-standard","has-post-thumbnail","hentry","category-institucional","tag-accua","tag-aneca","tag-aula-abierta-de-mayores","tag-calidad","tag-campus","tag-ciberseguridad","tag-consejo-de-gobierno","tag-francisco-oliva-blazquez","tag-grados-duales","tag-innovacion-docente"],"_links":{"self":[{"href":"https:\/\/www.upo.es\/diario\/wp-json\/wp\/v2\/posts\/30887502","targetHints":{"allow":["GET"]}}],"collection":[{"href":"https:\/\/www.upo.es\/diario\/wp-json\/wp\/v2\/posts"}],"about":[{"href":"https:\/\/www.upo.es\/diario\/wp-json\/wp\/v2\/types\/post"}],"author":[{"embeddable":true,"href":"https:\/\/www.upo.es\/diario\/wp-json\/wp\/v2\/users\/6"}],"replies":[{"embeddable":true,"href":"https:\/\/www.upo.es\/diario\/wp-json\/wp\/v2\/comments?post=30887502"}],"version-history":[{"count":2,"href":"https:\/\/www.upo.es\/diario\/wp-json\/wp\/v2\/posts\/30887502\/revisions"}],"predecessor-version":[{"id":30887506,"href":"https:\/\/www.upo.es\/diario\/wp-json\/wp\/v2\/posts\/30887502\/revisions\/30887506"}],"wp:featuredmedia":[{"embeddable":true,"href":"https:\/\/www.upo.es\/diario\/wp-json\/wp\/v2\/media\/30887504"}],"wp:attachment":[{"href":"https:\/\/www.upo.es\/diario\/wp-json\/wp\/v2\/media?parent=30887502"}],"wp:term":[{"taxonomy":"category","embeddable":true,"href":"https:\/\/www.upo.es\/diario\/wp-json\/wp\/v2\/categories?post=30887502"},{"taxonomy":"post_tag","embeddable":true,"href":"https:\/\/www.upo.es\/diario\/wp-json\/wp\/v2\/tags?post=30887502"}],"curies":[{"name":"wp","href":"https:\/\/api.w.org\/{rel}","templated":true}]}}