{"id":30887518,"date":"2025-07-03T13:01:16","date_gmt":"2025-07-03T11:01:16","guid":{"rendered":"https:\/\/www.upo.es\/diario\/?p=30887518"},"modified":"2025-07-03T13:01:16","modified_gmt":"2025-07-03T11:01:16","slug":"el-rector-de-la-upo-y-la-ministra-de-inclusion-inauguran-el-curso-sobre-protocolo-y-relaciones-institucionales","status":"publish","type":"post","link":"https:\/\/www.upo.es\/diario\/cursos-verano\/2025\/07\/el-rector-de-la-upo-y-la-ministra-de-inclusion-inauguran-el-curso-sobre-protocolo-y-relaciones-institucionales\/","title":{"rendered":"El rector de la UPO y la ministra de Inclusi\u00f3n inauguran el curso sobre Protocolo y Relaciones Institucionales"},"content":{"rendered":"<figure id=\"attachment_30887521\" aria-describedby=\"caption-attachment-30887521\" style=\"width: 750px\" class=\"wp-caption aligncenter\"><a href=\"https:\/\/www.upo.es\/diario\/wp-content\/uploads\/2025\/07\/CuVE-Protocolo-inauguracion_Oliva-Saiz-scaled.jpg\"><img loading=\"lazy\" decoding=\"async\" class=\"size-large wp-image-30887521\" src=\"https:\/\/www.upo.es\/diario\/wp-content\/uploads\/2025\/07\/CuVE-Protocolo-inauguracion_Oliva-Saiz-750x521.jpg\" alt=\"Elma S\u00e1iz y Francisco Oliva en la sede de los Cursos de Verano\" width=\"750\" height=\"521\" srcset=\"https:\/\/www.upo.es\/diario\/wp-content\/uploads\/2025\/07\/CuVE-Protocolo-inauguracion_Oliva-Saiz-750x521.jpg 750w, https:\/\/www.upo.es\/diario\/wp-content\/uploads\/2025\/07\/CuVE-Protocolo-inauguracion_Oliva-Saiz-420x291.jpg 420w, https:\/\/www.upo.es\/diario\/wp-content\/uploads\/2025\/07\/CuVE-Protocolo-inauguracion_Oliva-Saiz-768x533.jpg 768w, https:\/\/www.upo.es\/diario\/wp-content\/uploads\/2025\/07\/CuVE-Protocolo-inauguracion_Oliva-Saiz-1536x1066.jpg 1536w, https:\/\/www.upo.es\/diario\/wp-content\/uploads\/2025\/07\/CuVE-Protocolo-inauguracion_Oliva-Saiz-2048x1421.jpg 2048w, https:\/\/www.upo.es\/diario\/wp-content\/uploads\/2025\/07\/CuVE-Protocolo-inauguracion_Oliva-Saiz-1320x916.jpg 1320w, https:\/\/www.upo.es\/diario\/wp-content\/uploads\/2025\/07\/CuVE-Protocolo-inauguracion_Oliva-Saiz-scaled-95x67.jpg 95w\" sizes=\"auto, (max-width: 750px) 100vw, 750px\" \/><\/a><figcaption id=\"caption-attachment-30887521\" class=\"wp-caption-text\">Elma S\u00e1iz y Francisco Oliva en la sede de los Cursos de Verano<\/figcaption><\/figure>\n<p>La Sede Olavide en Carmona &#8211; Rectora Rosario Valpuesta, ha acogido esta ma\u00f1ana la inauguraci\u00f3n oficial del <strong>curso de verano \u2018Relaciones Institucionales y Protocolo. Taller \u2018Habilidades claves para la coordinaci\u00f3n del gabinete de direcci\u00f3n de una instituci\u00f3n. 2\u00aa edici\u00f3n\u2019<\/strong>, enmarcado en la vig\u00e9simo tercera edici\u00f3n de los Cursos de Verano de la Universidad Pablo de Olavide en Carmona. El acto ha sido presidido por el rector de la Universidad Pablo de Olavide, <strong>Francisco Oliva Bl\u00e1zquez<\/strong>, y la ministra de Inclusi\u00f3n, Seguridad Social y Migraciones del Gobierno de Espa\u00f1a, <strong>Elma S\u00e1iz Delgado<\/strong>.<\/p>\n<figure id=\"attachment_30887522\" aria-describedby=\"caption-attachment-30887522\" style=\"width: 420px\" class=\"wp-caption alignright\"><a href=\"https:\/\/www.upo.es\/diario\/wp-content\/uploads\/2025\/07\/CuVE-Protocolo-inauguracion-scaled.jpg\"><img loading=\"lazy\" decoding=\"async\" class=\"wp-image-30887522 size-medium\" src=\"https:\/\/www.upo.es\/diario\/wp-content\/uploads\/2025\/07\/CuVE-Protocolo-inauguracion-420x256.jpg\" alt=\"Laura G\u00f3mez, Elma S\u00e1iz, Francisco Oliva y Ra\u00fal G\u00f3mez durante la inauguraci\u00f3n del curso\" width=\"420\" height=\"256\" srcset=\"https:\/\/www.upo.es\/diario\/wp-content\/uploads\/2025\/07\/CuVE-Protocolo-inauguracion-420x256.jpg 420w, https:\/\/www.upo.es\/diario\/wp-content\/uploads\/2025\/07\/CuVE-Protocolo-inauguracion-750x458.jpg 750w, https:\/\/www.upo.es\/diario\/wp-content\/uploads\/2025\/07\/CuVE-Protocolo-inauguracion-768x469.jpg 768w, https:\/\/www.upo.es\/diario\/wp-content\/uploads\/2025\/07\/CuVE-Protocolo-inauguracion-1536x938.jpg 1536w, https:\/\/www.upo.es\/diario\/wp-content\/uploads\/2025\/07\/CuVE-Protocolo-inauguracion-2048x1251.jpg 2048w, https:\/\/www.upo.es\/diario\/wp-content\/uploads\/2025\/07\/CuVE-Protocolo-inauguracion-1320x806.jpg 1320w\" sizes=\"auto, (max-width: 420px) 100vw, 420px\" \/><\/a><figcaption id=\"caption-attachment-30887522\" class=\"wp-caption-text\">Laura G\u00f3mez, Elma S\u00e1iz, Francisco Oliva y Ra\u00fal G\u00f3mez durante la inauguraci\u00f3n del curso<\/figcaption><\/figure>\n<p>El evento tambi\u00e9n ha contado con la presencia de la vicerrectora de Cultura y Pol\u00edticas Sociales de la UPO,<strong> Laura G\u00f3mez Ruiz<\/strong>, y el jefe de gabinete del rector y Servicio de Protocolo de la UPO, <strong>Ra\u00fal G\u00f3mez Gordillo<\/strong>, quien adem\u00e1s ejerce como director del curso.<\/p>\n<p>Durante su intervenci\u00f3n, el rector <strong>Francisco Oliva Bl\u00e1zquez ha destacado la importancia de las habilidades clave para la coordinaci\u00f3n de un gabinete, subrayando la necesidad de una buena comunicaci\u00f3n como base de la transparencia y para llegar a la ciudadan\u00eda<\/strong>. \u201cLas personas que asumimos determinadas responsabilidades en cada instituci\u00f3n necesitamos un buen equipo de trabajo que comunique bien porque la comunicaci\u00f3n es la base de la transparencia y el llegar a la ciudadan\u00eda con el trabajo que se est\u00e1 realizando\u201d, ha afirmado el rector.<\/p>\n<p>El rector tambi\u00e9n ha hecho hincapi\u00e9 en la relevancia de la imagen que se proyecta y en la gesti\u00f3n de la comunicaci\u00f3n en crisis. \u201cLa imagen es fundamental porque si no, lo que se transmite hacia afuera es negativo aunque lo que se haga adentro sea tremendamente positivo\u201d, ha se\u00f1alado, a\u00f1adiendo la necesidad de \u201ccabeza fr\u00eda, firmeza y actuar con la verdad por delante\u201d en momentos de crisis. El rector ha resaltado que estos elementos no suelen ense\u00f1arse y que es crucial contar con expertos que aborden estas cuestiones.<\/p>\n<p>Por su parte, la ministra Elma S\u00e1iz Delgado ha resaltado la trayectoria de los Cursos de Verano de la UPO en Carmona y el legado de Rosario Valpuesta, primera rectora de la Universidad Pablo de Olavide. \u201cLos cursos de verano son una instituci\u00f3n absolutamente consagrados en la Pablo de Olavide, aqu\u00ed en Carmona, que siempre coloca a la Universidad en unos altos est\u00e1ndares de calidad, en un segmento internacional\u201d, ha manifestado la ministra.<\/p>\n<p>S\u00e1iz Delgado ha enfatizado que coordinar un gabinete va m\u00e1s all\u00e1 de gestionar agendas, siendo esencial para sostener el funcionamiento interno de una organizaci\u00f3n y responder con solvencia a los desaf\u00edos diarios. <strong>La ministra ha destacado el trabajo en equipo como una herramienta clave e imprescindible, bas\u00e1ndose en su experiencia en el Ministerio de Inclusi\u00f3n, Seguridad Social y Migraciones<\/strong>. \u201cEn este contexto, la coordinaci\u00f3n act\u00faa como un nodo central, conecta a la ministra o al ministro con los distintos equipos t\u00e9cnicos, con los territorios, con el resto de ministerios, con la sociedad civil, con la ciudadan\u00eda y por supuesto con los medios de comunicaci\u00f3n\u201d, ha explicado.<\/p>\n<p>El taller est\u00e1 dise\u00f1ado para ayudar a identificar habilidades clave, desde la planificaci\u00f3n estrat\u00e9gica hasta la gesti\u00f3n emocional y la comunicaci\u00f3n interna. La ministra ha concluido reafirmando que \u201cnada en un Gabinete funciona sin equipo. Por muy brillante que sea una idea, por muy acertada que sea una decisi\u00f3n, si no hay una cultura de colaboraci\u00f3n, si no se conf\u00eda en las personas que trabajan a tu lado, si no se comparten objetivos y responsabilidades, el resultado nunca va a estar a la altura\u201d.<\/p>\n","protected":false},"excerpt":{"rendered":"<p>Francisco Oliva y Elma S\u00e1iz destacan la comunicaci\u00f3n, la imagen y el trabajo en equipo como pilares fundamentales en la coordinaci\u00f3n de gabinetes.<\/p>\n","protected":false},"author":6,"featured_media":30887521,"comment_status":"closed","ping_status":"open","sticky":false,"template":"","format":"standard","meta":{"_monsterinsights_skip_tracking":false,"_monsterinsights_sitenote_active":false,"_monsterinsights_sitenote_note":"","_monsterinsights_sitenote_category":0,"footnotes":""},"categories":[729],"tags":[23,350,22,4021,7824,5978,5121,4385,7974],"class_list":["post-30887518","post","type-post","status-publish","format-standard","has-post-thumbnail","hentry","category-cursos-verano","tag-carmona","tag-comunicacion","tag-cursos-de-verano","tag-francisco-oliva-blazquez","tag-laura-gomez-ruiz","tag-protocolo","tag-raul-gomez-gordillo","tag-relaciones-institucionales","tag-sede-olavide-en-carmona"],"_links":{"self":[{"href":"https:\/\/www.upo.es\/diario\/wp-json\/wp\/v2\/posts\/30887518","targetHints":{"allow":["GET"]}}],"collection":[{"href":"https:\/\/www.upo.es\/diario\/wp-json\/wp\/v2\/posts"}],"about":[{"href":"https:\/\/www.upo.es\/diario\/wp-json\/wp\/v2\/types\/post"}],"author":[{"embeddable":true,"href":"https:\/\/www.upo.es\/diario\/wp-json\/wp\/v2\/users\/6"}],"replies":[{"embeddable":true,"href":"https:\/\/www.upo.es\/diario\/wp-json\/wp\/v2\/comments?post=30887518"}],"version-history":[{"count":2,"href":"https:\/\/www.upo.es\/diario\/wp-json\/wp\/v2\/posts\/30887518\/revisions"}],"predecessor-version":[{"id":30887523,"href":"https:\/\/www.upo.es\/diario\/wp-json\/wp\/v2\/posts\/30887518\/revisions\/30887523"}],"wp:featuredmedia":[{"embeddable":true,"href":"https:\/\/www.upo.es\/diario\/wp-json\/wp\/v2\/media\/30887521"}],"wp:attachment":[{"href":"https:\/\/www.upo.es\/diario\/wp-json\/wp\/v2\/media?parent=30887518"}],"wp:term":[{"taxonomy":"category","embeddable":true,"href":"https:\/\/www.upo.es\/diario\/wp-json\/wp\/v2\/categories?post=30887518"},{"taxonomy":"post_tag","embeddable":true,"href":"https:\/\/www.upo.es\/diario\/wp-json\/wp\/v2\/tags?post=30887518"}],"curies":[{"name":"wp","href":"https:\/\/api.w.org\/{rel}","templated":true}]}}