{"id":30887533,"date":"2025-07-04T11:42:14","date_gmt":"2025-07-04T09:42:14","guid":{"rendered":"https:\/\/www.upo.es\/diario\/?p=30887533"},"modified":"2025-07-15T09:45:18","modified_gmt":"2025-07-15T07:45:18","slug":"alimentacion-saludable-psicologia-forense-toman-relevo-tercera-semana-cursos-verano-carmona","status":"publish","type":"post","link":"https:\/\/www.upo.es\/diario\/cursos-verano\/2025\/07\/alimentacion-saludable-psicologia-forense-toman-relevo-tercera-semana-cursos-verano-carmona\/","title":{"rendered":"La alimentaci\u00f3n saludable y la Psicolog\u00eda forense toman el relevo en la tercera semana de los cursos de verano de Carmona"},"content":{"rendered":"<p><a href=\"https:\/\/www.upo.es\/diario\/wp-content\/uploads\/2025\/07\/curso_verano_upo-scaled.jpg\"><img loading=\"lazy\" decoding=\"async\" class=\"aligncenter size-large wp-image-30887534\" src=\"https:\/\/www.upo.es\/diario\/wp-content\/uploads\/2025\/07\/curso_verano_upo-750x500.jpg\" alt=\"\" width=\"750\" height=\"500\" srcset=\"https:\/\/www.upo.es\/diario\/wp-content\/uploads\/2025\/07\/curso_verano_upo-750x500.jpg 750w, https:\/\/www.upo.es\/diario\/wp-content\/uploads\/2025\/07\/curso_verano_upo-420x280.jpg 420w, https:\/\/www.upo.es\/diario\/wp-content\/uploads\/2025\/07\/curso_verano_upo-768x512.jpg 768w, https:\/\/www.upo.es\/diario\/wp-content\/uploads\/2025\/07\/curso_verano_upo-1536x1024.jpg 1536w, https:\/\/www.upo.es\/diario\/wp-content\/uploads\/2025\/07\/curso_verano_upo-2048x1365.jpg 2048w, https:\/\/www.upo.es\/diario\/wp-content\/uploads\/2025\/07\/curso_verano_upo-165x109.jpg 165w, https:\/\/www.upo.es\/diario\/wp-content\/uploads\/2025\/07\/curso_verano_upo-1320x880.jpg 1320w\" sizes=\"auto, (max-width: 750px) 100vw, 750px\" \/><\/a><\/p>\n<p>La 23\u00aa edici\u00f3n de los Cursos de Verano de la Universidad Pablo de Olavide en Carmona entra en su tercera semana con una programaci\u00f3n intensa y relevante, destacando seminarios y talleres que abordan desde el impacto de la Inteligencia Artificial en el \u00e1mbito jur\u00eddico hasta las complejidades de la Psicolog\u00eda Forense, pasando por la alimentaci\u00f3n saludable y la econom\u00eda social transformadora.<\/p>\n<p>El lunes 7 de julio ser\u00e1 la jornada inaugural para varias de estas nuevas propuestas formativas, que prometen generar debate y ofrecer herramientas clave en campos de gran actualidad.<\/p>\n<p>Uno de los cursos que arranca el lunes es <a href=\"https:\/\/www.upo.es\/formacionpermanente\/cursos-de-verano\/derechos-ensenanza-del-derecho-e-innovacion-tecnologica-retos-y-oportunidades-de-la-aplicacion-de-la-inteligencia-artificial\/\">\u201cDerecho(s), ense\u00f1anza del Derecho e innovaci\u00f3n tecnol\u00f3gica: retos y oportunidades de la aplicaci\u00f3n de la inteligencia artificial\u201d <\/a>(del 7 al 9 de julio, docencia simult\u00e1nea), dirigido por Jos\u00e9 Mar\u00eda Contreras Mazario, catedr\u00e1tico de Derecho eclesi\u00e1stico del Estado de la Universidad Pablo de Olavide; David Cobos Sanchiz, profesor del Departamento de Educaci\u00f3n y Psicolog\u00eda Social de la UPO y Mar\u00eda Jos\u00e9 Parejo Guzm\u00e1n, profesora de Derecho eclesi\u00e1stico del Estado de la UPO.<\/p>\n<p>Este seminario promete ser un punto de encuentro para comprender c\u00f3mo la IA est\u00e1 redefiniendo el panorama legal. Desde su aplicaci\u00f3n en la ense\u00f1anza del Derecho hasta su influencia en las distintas ramas jur\u00eddicas, con especial \u00e9nfasis en los derechos y libertades fundamentales, el curso explorar\u00e1 los desaf\u00edos y oportunidades de la llamada cuarta revoluci\u00f3n industrial en el saber legal.<\/p>\n<p>Tambi\u00e9n con inicio el lunes 7 y extendi\u00e9ndose hasta el 9 de julio, se impartir\u00e1 la segunda edici\u00f3n del curso <a href=\"https:\/\/www.upo.es\/formacionpermanente\/cursos-de-verano\/psicologia-forense-2a-edicion\/\">\u00abPsicolog\u00eda Forense\u00bb<\/a> (docencia simult\u00e1nea). Este curso, dirigido por las psic\u00f3logas Vanessa Garc\u00eda Mill\u00e1n y Marta Arbona Garc\u00eda, se perfila como una inmersi\u00f3n profunda en los fundamentos jur\u00eddicos, forenses y criminal\u00edsticos de esta disciplina. Se abordar\u00e1n temas cruciales como la psicopatolog\u00eda aplicada a los tribunales, la evaluaci\u00f3n psicol\u00f3gica, la peritaci\u00f3n y las diversas \u00e1reas de la psicolog\u00eda forense.<\/p>\n<p>El taller <a href=\"https:\/\/www.upo.es\/formacionpermanente\/cursos-de-verano\/taller-la-vuelta-al-mundo-de-la-alimentacion-saludable\/\">\u00abLa vuelta al mundo de la alimentaci\u00f3n saludable\u00bb<\/a> (7 y 8 de julio, presencial), a cargo de Javier Garc\u00eda Pereda, profesor del Departamento de Biolog\u00eda Molecular e Ingenier\u00eda Bioqu\u00edmica de la Universidad Pablo de Olavide, se presenta como una oportunidad para aprender las bases te\u00f3ricas y pr\u00e1cticas de una nutrici\u00f3n equilibrada. \u00a0Fusionando ciencia y cocina, los participantes explorar\u00e1n ingredientes y recetas de distintas culturas, siguiendo el lema \u00abaprender, comprender y aplicar\u00bb.<\/p>\n<p>Para los interesados en el impacto social de la econom\u00eda, el taller <a href=\"https:\/\/www.upo.es\/formacionpermanente\/cursos-de-verano\/taller-la-construccion-de-alternativas-desde-la-economia-social-transformadora\/\">\u00abLa construcci\u00f3n de alternativas desde la econom\u00eda social transformadora\u00bb<\/a> (7 de julio, online), cuyo director es Luis Oca\u00f1a Escolar, profesor asociado del Departamento de Derecho del Trabajo y de la Seguridad Social de la Universidad de Sevilla, buscar\u00e1 dar a conocer c\u00f3mo la econom\u00eda puede ser una herramienta de cambio. Se discutir\u00e1n valores como la sostenibilidad, el respeto medioambiental, el arraigo territorial y el desarrollo local como pilares para una sociedad m\u00e1s justa y pr\u00f3spera.<\/p>\n<p>Finalmente, la formaci\u00f3n online tendr\u00e1 su espacio con <a href=\"https:\/\/www.upo.es\/formacionpermanente\/cursos-de-verano\/orientaciones-y-herramientas-para-la-traduccion-profesional-2a-edicion\/\">\u00abOrientaciones y herramientas para la traducci\u00f3n profesional. 2\u00aa edici\u00f3n\u00bb<\/a> (7 y 8 de julio), a cargo de las profesoras Concepci\u00f3n Mart\u00edn Mart\u00edn-Mora e Isabel Jim\u00e9nez Guti\u00e9rrez, del Departamento de Filolog\u00eda y Traducci\u00f3n de la UPO, ofrecer\u00e1 recursos esenciales para quienes se dedican o desean dedicarse al mundo de la traducci\u00f3n.<\/p>\n<p>La Sede Olavide en Carmona consolida as\u00ed su compromiso con la formaci\u00f3n de vanguardia, ofreciendo una programaci\u00f3n diversa que responde a los retos y demandas de la sociedad actual.<\/p>\n<p><strong>Pr\u00f3ximos cursos <\/strong><\/p>\n<p>Durante el resto de la semana, la 23\u00aa edici\u00f3n de los Cursos de Verano continuar\u00e1 con las siguientes propuestas:<\/p>\n<ul>\n<li><a href=\"https:\/\/www.upo.es\/formacionpermanente\/cursos-de-verano\/liderazgo-para-el-bienestar-y-la-salud-mental-en-la-empresa-del-s-xxi-2a-edicion\/\">Liderazgo para el bienestar y la salud mental en la empresa del siglo XXI. 2\u00aa edici\u00f3n <\/a>(10 y 11 de julio, docencia simult\u00e1nea).<\/li>\n<li><a href=\"https:\/\/www.upo.es\/formacionpermanente\/cursos-de-verano\/inflamacion-y-salud-del-mito-a-la-evidencia\/\">Inflamaci\u00f3n y salud: del mito a la evidencia<\/a> (10 y 11 de julio, docencia simult\u00e1nea).<\/li>\n<\/ul>\n<p>&nbsp;<\/p>\n","protected":false},"excerpt":{"rendered":"<p>La 23\u00aa edici\u00f3n de los Cursos de Verano de la Universidad Pablo de Olavide en Carmona entra en su tercera semana con una programaci\u00f3n intensa y relevante, destacando seminarios y talleres que abordan desde el impacto de la Inteligencia Artificial en el \u00e1mbito jur\u00eddico hasta las complejidades de la Psicolog\u00eda Forense, pasando por la alimentaci\u00f3n saludable y la econom\u00eda social transformadora.<\/p>\n","protected":false},"author":2,"featured_media":30887534,"comment_status":"closed","ping_status":"open","sticky":false,"template":"","format":"standard","meta":{"_monsterinsights_skip_tracking":false,"_monsterinsights_sitenote_active":false,"_monsterinsights_sitenote_note":"","_monsterinsights_sitenote_category":0,"footnotes":""},"categories":[729],"tags":[9248,23,9246,2436,151,9247,812],"class_list":["post-30887533","post","type-post","status-publish","format-standard","has-post-thumbnail","hentry","category-cursos-verano","tag-alimentacion-saludable","tag-carmona","tag-curso-verano","tag-economia-social","tag-inteligencia-artificial","tag-psicologia-forense","tag-traduccion"],"_links":{"self":[{"href":"https:\/\/www.upo.es\/diario\/wp-json\/wp\/v2\/posts\/30887533","targetHints":{"allow":["GET"]}}],"collection":[{"href":"https:\/\/www.upo.es\/diario\/wp-json\/wp\/v2\/posts"}],"about":[{"href":"https:\/\/www.upo.es\/diario\/wp-json\/wp\/v2\/types\/post"}],"author":[{"embeddable":true,"href":"https:\/\/www.upo.es\/diario\/wp-json\/wp\/v2\/users\/2"}],"replies":[{"embeddable":true,"href":"https:\/\/www.upo.es\/diario\/wp-json\/wp\/v2\/comments?post=30887533"}],"version-history":[{"count":1,"href":"https:\/\/www.upo.es\/diario\/wp-json\/wp\/v2\/posts\/30887533\/revisions"}],"predecessor-version":[{"id":30887535,"href":"https:\/\/www.upo.es\/diario\/wp-json\/wp\/v2\/posts\/30887533\/revisions\/30887535"}],"wp:featuredmedia":[{"embeddable":true,"href":"https:\/\/www.upo.es\/diario\/wp-json\/wp\/v2\/media\/30887534"}],"wp:attachment":[{"href":"https:\/\/www.upo.es\/diario\/wp-json\/wp\/v2\/media?parent=30887533"}],"wp:term":[{"taxonomy":"category","embeddable":true,"href":"https:\/\/www.upo.es\/diario\/wp-json\/wp\/v2\/categories?post=30887533"},{"taxonomy":"post_tag","embeddable":true,"href":"https:\/\/www.upo.es\/diario\/wp-json\/wp\/v2\/tags?post=30887533"}],"curies":[{"name":"wp","href":"https:\/\/api.w.org\/{rel}","templated":true}]}}